{"id":10657,"date":"2024-09-30T13:05:08","date_gmt":"2024-09-30T16:05:08","guid":{"rendered":"https:\/\/des-tuc.infd.edu.ar\/sitio\/?p=10657"},"modified":"2024-10-02T09:19:10","modified_gmt":"2024-10-02T12:19:10","slug":"mas-de-3000-personas-formaron-parte-de-la-semana-de-la-educacion-superior","status":"publish","type":"post","link":"https:\/\/des-tuc.infd.edu.ar\/sitio\/mas-de-3000-personas-formaron-parte-de-la-semana-de-la-educacion-superior\/","title":{"rendered":"M\u00e1s de 3000 personas formaron parte de la Semana de la Educaci\u00f3n Superior"},"content":{"rendered":"\n<p>Los d\u00edas 16, 17 y 18 de septiembre se realiz\u00f3 la 4\u00b0 edici\u00f3n de la <strong>Semana de la Educaci\u00f3n Superior a cargo de la Direcci\u00f3n de Educaci\u00f3n Superior No Universitaria de Tucum\u00e1n.<\/strong> La propuesta cont\u00f3 con 5 departamentos que fueron sede y m\u00e1s de 10 instituciones que recibieron a docentes y estudiantes, lo que  convoc\u00f3 a m\u00e1s de 3000 personas. <\/p>\n\n\n\n<p>La Semana, bajo el lema \u00ab<em>Construyendo saberes, transformando realidades<\/em>\u00bb cont\u00f3 con dos grandes obejtivos, por un lado dar a conocer la Oferta Educativa del Nivel Superior no Universitario de gesti\u00f3n estatal y privada, destinada y articulada con Nivel Secundario; y por otro lado, ofrecer espacios de formaci\u00f3n para estudiantes de Nivel Superior y  de capacitaci\u00f3n para docentes noveles.<\/p>\n\n\n\n<p>La Semana tuvo su apertura en la Escuela de La Costa en Taf\u00ed del Valle, en donde asistieron representantes de instituciones de todo el valle. Bajo la impronta del lugar, se disfrut\u00f3 de una jornada de reflexi\u00f3n educativa y de encuentro cultural. Se destaca adem\u00e1s que se dio inicio a la capacitaci\u00f3n \u00abRecursos audiovisuales para la educaci\u00f3n Art\u00edstica: Videominuto\u00bb, el cual tendr\u00e1 su segundo encuentro, tambi\u00e9n en los valles, el d\u00eda 30 de septiembre.<\/p>\n\n\n\n<p>Los d\u00edas martes y mi\u00e9rcoles institutos de capital, de Simoca, Aguilares y Famaill\u00e1 fueron anfitrioenes para estudiantes de escuelas secundarias de zona de influencia y comunidad educativa del Nivel Superior que se sumaron a las diversas propuestas formativas, que reflexioonaron entorno a diferentes disciplinas. <\/p>\n\n\n\n<p>Al respecto la directora de Nivel Superior No Universitario, <strong>Silvina Fern\u00e1ndez<\/strong> indic\u00f3 \u00abagradecemos el trabajo de cada instituci\u00f3n, docentes y estudiantes que se trasladaron para formar parte de las actividades, tanto en Oferta Educativa , como para los talleres y capacitaciones. El objetivo se cumpli\u00f3, no solo en el plano formativo, sino tambi\u00e9n cultural; en cada sede, la m\u00fasica y la danza estuvieron presentes. Y entendemos que es de gran valor promover estos espacios de encuentro entre niveles, para que estudiantes secundarios accedan al amplio abanico de oferta que se tienen en Tucum\u00e1n, como tambi\u00e9n destaco la habilitaci\u00f3n de capacitaci\u00f3n &#8216;Docentes noveles: desaf\u00edos para su desarrollo profesional&#8217; la cual tuvo una repercuci\u00f3n en m\u00e1s de 400 docentes\u00bb. <\/p>\n","protected":false},"excerpt":{"rendered":"<p>Los d\u00edas 16, 17 y 18 de septiembre se realiz\u00f3 la 4\u00b0 edici\u00f3n de la Semana de la Educaci\u00f3n Superior a cargo de la Direcci\u00f3n de Educaci\u00f3n Superior No Universitaria de Tucum\u00e1n. La propuesta cont\u00f3 con 5 departamentos que fueron sede y m\u00e1s de 10 instituciones que recibieron a docentes y estudiantes, lo que convoc\u00f3 &#8230; <a title=\"M\u00e1s de 3000 personas formaron parte de la Semana de la Educaci\u00f3n Superior\" class=\"read-more\" href=\"https:\/\/des-tuc.infd.edu.ar\/sitio\/mas-de-3000-personas-formaron-parte-de-la-semana-de-la-educacion-superior\/\" aria-label=\"More on M\u00e1s de 3000 personas formaron parte de la Semana de la Educaci\u00f3n Superior\">[+]<\/a><\/p>\n","protected":false},"author":536,"featured_media":10660,"comment_status":"closed","ping_status":"closed","sticky":false,"template":"","format":"standard","meta":[],"categories":[8,7,6],"tags":[170],"acf":[],"_links":{"self":[{"href":"https:\/\/des-tuc.infd.edu.ar\/sitio\/wp-json\/wp\/v2\/posts\/10657"}],"collection":[{"href":"https:\/\/des-tuc.infd.edu.ar\/sitio\/wp-json\/wp\/v2\/posts"}],"about":[{"href":"https:\/\/des-tuc.infd.edu.ar\/sitio\/wp-json\/wp\/v2\/types\/post"}],"author":[{"embeddable":true,"href":"https:\/\/des-tuc.infd.edu.ar\/sitio\/wp-json\/wp\/v2\/users\/536"}],"replies":[{"embeddable":true,"href":"https:\/\/des-tuc.infd.edu.ar\/sitio\/wp-json\/wp\/v2\/comments?post=10657"}],"version-history":[{"count":2,"href":"https:\/\/des-tuc.infd.edu.ar\/sitio\/wp-json\/wp\/v2\/posts\/10657\/revisions"}],"predecessor-version":[{"id":10659,"href":"https:\/\/des-tuc.infd.edu.ar\/sitio\/wp-json\/wp\/v2\/posts\/10657\/revisions\/10659"}],"wp:featuredmedia":[{"embeddable":true,"href":"https:\/\/des-tuc.infd.edu.ar\/sitio\/wp-json\/wp\/v2\/media\/10660"}],"wp:attachment":[{"href":"https:\/\/des-tuc.infd.edu.ar\/sitio\/wp-json\/wp\/v2\/media?parent=10657"}],"wp:term":[{"taxonomy":"category","embeddable":true,"href":"https:\/\/des-tuc.infd.edu.ar\/sitio\/wp-json\/wp\/v2\/categories?post=10657"},{"taxonomy":"post_tag","embeddable":true,"href":"https:\/\/des-tuc.infd.edu.ar\/sitio\/wp-json\/wp\/v2\/tags?post=10657"}],"curies":[{"name":"wp","href":"https:\/\/api.w.org\/{rel}","templated":true}]}}