{"id":10615,"date":"2024-09-05T13:00:50","date_gmt":"2024-09-05T16:00:50","guid":{"rendered":"https:\/\/des-tuc.infd.edu.ar\/sitio\/?p=10615"},"modified":"2024-09-05T13:00:51","modified_gmt":"2024-09-05T16:00:51","slug":"lanzan-un-curso-en-el-marco-de-la-semana-de-la-educacion-superior-no-universitaria-2024","status":"publish","type":"post","link":"https:\/\/des-tuc.infd.edu.ar\/sitio\/lanzan-un-curso-en-el-marco-de-la-semana-de-la-educacion-superior-no-universitaria-2024\/","title":{"rendered":"Lanzan un curso en el marco de la Semana de la Educaci\u00f3n Superior No Universitaria 2024"},"content":{"rendered":"\n<p>La Direcci\u00f3n de Educaci\u00f3n Superior No Universitaria dependiente del Ministerio de Educaci\u00f3n, en el marco de la Semana del Nivel \u201c<em>Construyendo Saberes, transformando realidades\u201d,&nbsp;<\/em>abre la preinscripci\u00f3n a la propuesta de formaci\u00f3n para docentes noveles a partir&nbsp;<strong>del 05\/09 hasta el 09\/09<\/strong>&nbsp;de septiembre del corriente a\u00f1o. Esta propuesta de capacitaci\u00f3n docente a cargo del Equipo Pedag\u00f3gico se llevar\u00e1 a cabo desde el mes septiembre a noviembre, con el objetivo de garantizar el acceso a la Formaci\u00f3n Docente Inicial y Continua a todos los docentes. En esta oportunidad, se ofrece una propuesta formativa para docentes noveles (egresados durante los a\u00f1os 2021,2022,2023 y primer semestre 2024) cuyos saberes los habilitan para el ingreso al sistema, para reflexionar en torno a los desaf\u00edos del trabajo docente en diferentes m\u00f3dulos tem\u00e1ticos: desaf\u00edos socio-hist\u00f3ricos educativos actuales del trabajo docente, el cuidado de las trayectorias estudiantiles de los niveles obligatorios, la pr\u00e1ctica educativa en clave de transformaci\u00f3n.<\/p>\n\n\n\n<p>Los docentes deben completar el formulario de inscripci\u00f3n&nbsp;<a href=\"https:\/\/docs.google.com\/forms\/d\/e\/1FAIpQLScDbCUvKQ0TNpIP7CnMOJGwsyy0N3LTXfMCAnsUk-aIjc3llQ\/viewform?usp=pp_url\"><strong>https:\/\/docs.google.com\/forms\/d\/e\/1FAIpQLScDbCUvKQ0TNpIP7CnMOJGwsyy0N3LTXfMCAnsUk-aIjc3llQ\/viewform?usp=pp_url<\/strong><\/a><\/p>\n\n\n\n<blockquote class=\"wp-block-quote\">\n<p><strong>El curso es de 40 horas c\u00e1tedra, semipresenciales, con evaluaci\u00f3n, en dos sedes, con cupo limitado (70). Las clases presenciales en sede IESA ser\u00e1n los d\u00edas: 23 de septiembre, 14 de octubre y 28 de octubre; mientras que en SEDE Capital los d\u00edas 25 de septiembre, 16 de octubre y 30 de octubre.<\/strong><\/p>\n<\/blockquote>\n\n\n\n<p>Fuente: https:\/\/www.educaciontuc.gov.ar\/2024\/09\/03\/lanzan-un-curso-en-el-marco-de-la-semana-de-la-educacion-superior-no-universitaria-2024\/<\/p>\n\n\n\n<p><\/p>\n","protected":false},"excerpt":{"rendered":"<p>La Direcci\u00f3n de Educaci\u00f3n Superior No Universitaria dependiente del Ministerio de Educaci\u00f3n, en el marco de la Semana del Nivel \u201cConstruyendo Saberes, transformando realidades\u201d,&nbsp;abre la preinscripci\u00f3n a la propuesta de formaci\u00f3n para docentes noveles a partir&nbsp;del 05\/09 hasta el 09\/09&nbsp;de septiembre del corriente a\u00f1o. Esta propuesta de capacitaci\u00f3n docente a cargo del Equipo Pedag\u00f3gico se &#8230; <a title=\"Lanzan un curso en el marco de la Semana de la Educaci\u00f3n Superior No Universitaria 2024\" class=\"read-more\" href=\"https:\/\/des-tuc.infd.edu.ar\/sitio\/lanzan-un-curso-en-el-marco-de-la-semana-de-la-educacion-superior-no-universitaria-2024\/\" aria-label=\"More on Lanzan un curso en el marco de la Semana de la Educaci\u00f3n Superior No Universitaria 2024\">[+]<\/a><\/p>\n","protected":false},"author":543,"featured_media":10616,"comment_status":"closed","ping_status":"closed","sticky":false,"template":"","format":"standard","meta":[],"categories":[7,6],"tags":[],"acf":[],"_links":{"self":[{"href":"https:\/\/des-tuc.infd.edu.ar\/sitio\/wp-json\/wp\/v2\/posts\/10615"}],"collection":[{"href":"https:\/\/des-tuc.infd.edu.ar\/sitio\/wp-json\/wp\/v2\/posts"}],"about":[{"href":"https:\/\/des-tuc.infd.edu.ar\/sitio\/wp-json\/wp\/v2\/types\/post"}],"author":[{"embeddable":true,"href":"https:\/\/des-tuc.infd.edu.ar\/sitio\/wp-json\/wp\/v2\/users\/543"}],"replies":[{"embeddable":true,"href":"https:\/\/des-tuc.infd.edu.ar\/sitio\/wp-json\/wp\/v2\/comments?post=10615"}],"version-history":[{"count":1,"href":"https:\/\/des-tuc.infd.edu.ar\/sitio\/wp-json\/wp\/v2\/posts\/10615\/revisions"}],"predecessor-version":[{"id":10617,"href":"https:\/\/des-tuc.infd.edu.ar\/sitio\/wp-json\/wp\/v2\/posts\/10615\/revisions\/10617"}],"wp:featuredmedia":[{"embeddable":true,"href":"https:\/\/des-tuc.infd.edu.ar\/sitio\/wp-json\/wp\/v2\/media\/10616"}],"wp:attachment":[{"href":"https:\/\/des-tuc.infd.edu.ar\/sitio\/wp-json\/wp\/v2\/media?parent=10615"}],"wp:term":[{"taxonomy":"category","embeddable":true,"href":"https:\/\/des-tuc.infd.edu.ar\/sitio\/wp-json\/wp\/v2\/categories?post=10615"},{"taxonomy":"post_tag","embeddable":true,"href":"https:\/\/des-tuc.infd.edu.ar\/sitio\/wp-json\/wp\/v2\/tags?post=10615"}],"curies":[{"name":"wp","href":"https:\/\/api.w.org\/{rel}","templated":true}]}}