{"id":10611,"date":"2024-09-05T12:56:13","date_gmt":"2024-09-05T15:56:13","guid":{"rendered":"https:\/\/des-tuc.infd.edu.ar\/sitio\/?p=10611"},"modified":"2024-09-05T12:56:15","modified_gmt":"2024-09-05T15:56:15","slug":"inician-trayectos-de-formacion-para-docentes-sin-cargo-y-noveles","status":"publish","type":"post","link":"https:\/\/des-tuc.infd.edu.ar\/sitio\/inician-trayectos-de-formacion-para-docentes-sin-cargo-y-noveles\/","title":{"rendered":"Inician trayectos de formaci\u00f3n para docentes sin cargo y noveles"},"content":{"rendered":"\n<p>El equipo de Formaci\u00f3n Docente Continua e Investigaci\u00f3n (FDCI) en articulaci\u00f3n con los diversos organismos y dependencias que integran el Ministerio de Educaci\u00f3n, que conduce&nbsp;<strong>Susana Montaldo,&nbsp;<\/strong>informa que<strong>&nbsp;a partir del 29 de agosto a las 18 horas inician nuevas inscripciones para docentes con y sin cargo de todo el sistema educativo tucumano.<\/strong><\/p>\n\n\n\n<p>Las propuestas de capacitaci\u00f3n docente que lleva adelante FDCI desde mayo a agosto superan las 80 comisiones para docentes mayormente con cargo, que son quienes tienen la gran responsabilidad de atender a ni\u00f1os, ni\u00f1as y adolescentes, dando respuestas actualizadas desde su formaci\u00f3n, que continuaran dict\u00e1ndose situadas o de convocatoria p\u00fablica.<\/p>\n\n\n\n<p>En esta segunda etapa se lanzar\u00e1n m\u00e1s de 30 comisiones para docentes sin cargo o n\u00f3veles y cuyos saberes los habilitan para el ingreso al sistema educativo.<\/p>\n\n\n\n<p>&nbsp;Para acceder a las propuestas que comienzan pr\u00f3ximamente, los docentes podr\u00e1n registrar su inscripci\u00f3n a trav\u00e9s de:&nbsp;<a href=\"https:\/\/capacitaciondocente.educaciontuc.gov.ar\/\">https:\/\/capacitaciondocente.educaciontuc.gov.ar\/<\/a>&nbsp;teniendo previa alta de su registro en el Espacio de Formaci\u00f3n Personal, que figura en la misma web.<\/p>\n\n\n\n<p>Los cursos son de un m\u00ednimo de 40 horas c\u00e1tedra, semipresenciales o virtuales con evaluaci\u00f3n e incluyen Matem\u00e1ticas: Problemas y geometr\u00eda, Educaci\u00f3n Ambiental, Estrategias innovadoras para evaluar, Ingl\u00e9s, Convivencia escolar, Ciencias Sociales y Naturales, Inteligencia artificial, entre otras, brindadas por las diversas dependencias que componen la oferta formativa del Ministerio de Educaci\u00f3n.<\/p>\n\n\n\n<p>La infograf\u00eda indica las semanas en las que habr\u00e1 lanzamientos y se invita a las y los docentes a quedar atentos para aprovechar los cupos.<\/p>\n\n\n\n<p>Fuente: https:\/\/www.educaciontuc.gov.ar\/2024\/08\/28\/inician-trayectos-de-formacion-para-docentes-sin-cargo-y-noveles\/<\/p>\n\n\n\n<p><\/p>\n\n\n\n<figure class=\"wp-block-image size-full\"><img decoding=\"async\" loading=\"lazy\" width=\"915\" height=\"794\" src=\"https:\/\/des-tuc.infd.edu.ar\/sitio\/wp-content\/uploads\/2024\/09\/CRONOGRAMA-CAPACITACIONES.jpg\" alt=\"\" class=\"wp-image-10612\" srcset=\"https:\/\/des-tuc.infd.edu.ar\/sitio\/wp-content\/uploads\/2024\/09\/CRONOGRAMA-CAPACITACIONES.jpg 915w, https:\/\/des-tuc.infd.edu.ar\/sitio\/wp-content\/uploads\/2024\/09\/CRONOGRAMA-CAPACITACIONES-768x666.jpg 768w\" sizes=\"(max-width: 915px) 100vw, 915px\" \/><\/figure>\n","protected":false},"excerpt":{"rendered":"<p>El equipo de Formaci\u00f3n Docente Continua e Investigaci\u00f3n (FDCI) en articulaci\u00f3n con los diversos organismos y dependencias que integran el Ministerio de Educaci\u00f3n, que conduce&nbsp;Susana Montaldo,&nbsp;informa que&nbsp;a partir del 29 de agosto a las 18 horas inician nuevas inscripciones para docentes con y sin cargo de todo el sistema educativo tucumano. Las propuestas de capacitaci\u00f3n &#8230; <a title=\"Inician trayectos de formaci\u00f3n para docentes sin cargo y noveles\" class=\"read-more\" href=\"https:\/\/des-tuc.infd.edu.ar\/sitio\/inician-trayectos-de-formacion-para-docentes-sin-cargo-y-noveles\/\" aria-label=\"More on Inician trayectos de formaci\u00f3n para docentes sin cargo y noveles\">[+]<\/a><\/p>\n","protected":false},"author":543,"featured_media":10613,"comment_status":"closed","ping_status":"closed","sticky":false,"template":"","format":"standard","meta":[],"categories":[7,6],"tags":[],"acf":[],"_links":{"self":[{"href":"https:\/\/des-tuc.infd.edu.ar\/sitio\/wp-json\/wp\/v2\/posts\/10611"}],"collection":[{"href":"https:\/\/des-tuc.infd.edu.ar\/sitio\/wp-json\/wp\/v2\/posts"}],"about":[{"href":"https:\/\/des-tuc.infd.edu.ar\/sitio\/wp-json\/wp\/v2\/types\/post"}],"author":[{"embeddable":true,"href":"https:\/\/des-tuc.infd.edu.ar\/sitio\/wp-json\/wp\/v2\/users\/543"}],"replies":[{"embeddable":true,"href":"https:\/\/des-tuc.infd.edu.ar\/sitio\/wp-json\/wp\/v2\/comments?post=10611"}],"version-history":[{"count":1,"href":"https:\/\/des-tuc.infd.edu.ar\/sitio\/wp-json\/wp\/v2\/posts\/10611\/revisions"}],"predecessor-version":[{"id":10614,"href":"https:\/\/des-tuc.infd.edu.ar\/sitio\/wp-json\/wp\/v2\/posts\/10611\/revisions\/10614"}],"wp:featuredmedia":[{"embeddable":true,"href":"https:\/\/des-tuc.infd.edu.ar\/sitio\/wp-json\/wp\/v2\/media\/10613"}],"wp:attachment":[{"href":"https:\/\/des-tuc.infd.edu.ar\/sitio\/wp-json\/wp\/v2\/media?parent=10611"}],"wp:term":[{"taxonomy":"category","embeddable":true,"href":"https:\/\/des-tuc.infd.edu.ar\/sitio\/wp-json\/wp\/v2\/categories?post=10611"},{"taxonomy":"post_tag","embeddable":true,"href":"https:\/\/des-tuc.infd.edu.ar\/sitio\/wp-json\/wp\/v2\/tags?post=10611"}],"curies":[{"name":"wp","href":"https:\/\/api.w.org\/{rel}","templated":true}]}}