{"id":10608,"date":"2024-09-05T12:53:37","date_gmt":"2024-09-05T15:53:37","guid":{"rendered":"https:\/\/des-tuc.infd.edu.ar\/sitio\/?p=10608"},"modified":"2024-09-05T12:53:38","modified_gmt":"2024-09-05T15:53:38","slug":"educacion-lanza-nuevas-ofertas-de-capacitacion-para-docentes","status":"publish","type":"post","link":"https:\/\/des-tuc.infd.edu.ar\/sitio\/educacion-lanza-nuevas-ofertas-de-capacitacion-para-docentes\/","title":{"rendered":"Educaci\u00f3n lanza nuevas ofertas de capacitaci\u00f3n para docentes"},"content":{"rendered":"\n<p>El equipo de Formaci\u00f3n Docente Continua e Investigaci\u00f3n (FDCI) en articulaci\u00f3n con los diversos organismos y dependencias del Ministerio de Educaci\u00f3n a cargo de la ministra de Educaci\u00f3n, Susana Montaldo lanz\u00f3 una serie de cursos para este segundo semestre, hasta alcanzar el objetivo de llegar a m\u00e1s de 10.000 docentes con capacitaci\u00f3n gratuita.<\/p>\n\n\n\n<p>Los cursos estar\u00e1n destinados a docentes con y sin cargo y tambi\u00e9n a docentes noveles (reci\u00e9n egresados) y se lanzar\u00e1n a lo largo de todo el segundo semestre. A partir de hoy, los docentes tucumanos con cargo podr\u00e1n ingresar a la p\u00e1gina del ministerio https:\/\/capacitaciondocente.educaciontuc.gov.ar\/ para ver las nuevas propuestas, previa registraci\u00f3n en el Espacio de Formaci\u00f3n Personal. Y hacia fines de agosto, podr\u00e1n acceder a las propuestas para agentes del sistema educativo sin cargo y noveles.<\/p>\n\n\n\n<p>La directora de Educaci\u00f3n Superior, Silvina Fern\u00e1ndez, se\u00f1al\u00f3: \u201cLos cursos de capacitaci\u00f3n docente son gratuitos y otorgan puntaje. La oferta es muy variada tanto en \u00e1reas y temas como en duraci\u00f3n de los cursos, tenemos capacitaciones desde 40 horas c\u00e1tedras hasta actualizaciones de un a\u00f1o. Las inscripciones y los cursos se ir\u00e1n sucediendo durante todo el segundo semestre del a\u00f1o, pero las comisiones tienen cupos por lo tanto la docente recomienda estar atentos a las inscripciones. Los primeros cursos comenzar\u00e1n la semana que viene\u201d.<\/p>\n\n\n\n<p>Al d\u00eda de hoy, las capacitaciones ofrecidas por FDCI vienen superando las 80 comisiones con la participaci\u00f3n de 20.000 docentes, incluidas las propuestas de los diversos oferentes del sistema educativo provincial, y se espera duplicar esa cantidad hasta fin de a\u00f1o, contando con las ofertas de todos los organismos ministeriales, aliados estrat\u00e9gicos y las ofertas de formaci\u00f3n externa de Instituciones con RIOP.<\/p>\n\n\n\n<p>Las ofertas que el Ministerio de Educaci\u00f3n prev\u00e9 lanzar en esta segunda mitad de a\u00f1o, incluyen m\u00e1s de 50 trayectos profesionales entre los que cuentan nuevas especializaciones, post\u00edtulos, actualizaciones e itinerarios formativos y cursos. En cuanto a los temas son de los m\u00e1s variados: incluyen el abordaje de los ejes prioritarios jurisdiccionales, Gesti\u00f3n Educativa, Alfabetizaciones desde los enfoques cient\u00edficos de cada disciplina: Lengua, Matem\u00e1ticas, Ciencias Naturales, Ciencias Sociales; Alfabetizaci\u00f3n digital, pr\u00e1cticas inclusivas, Aprendizaje Basado en Proyectos, Uso del laboratorio escolar, Estrategias de cuidado a la trayectoria de ni\u00f1os, ni\u00f1as y adolescentes, entre otros. Todo ello contextualizado en el marco de las distintas modalidades del sistema educativo.<\/p>\n\n\n\n<p>En esta segunda etapa, el ministerio tambi\u00e9n destaca que contin\u00faa trabajando sobre el Registro de Instituciones Oferentes Provincial, cuya inscripci\u00f3n se reabre en octubre ampliando las posibilidades de capacitaci\u00f3n docente para el periodo 2024-2025.<\/p>\n\n\n\n<p><\/p>\n\n\n\n<p>Fuente: https:\/\/www.educaciontuc.gov.ar\/2024\/08\/15\/educacion-lanza-nuevas-ofertas-de-capacitacion-para-docentes\/<\/p>\n","protected":false},"excerpt":{"rendered":"<p>El equipo de Formaci\u00f3n Docente Continua e Investigaci\u00f3n (FDCI) en articulaci\u00f3n con los diversos organismos y dependencias del Ministerio de Educaci\u00f3n a cargo de la ministra de Educaci\u00f3n, Susana Montaldo lanz\u00f3 una serie de cursos para este segundo semestre, hasta alcanzar el objetivo de llegar a m\u00e1s de 10.000 docentes con capacitaci\u00f3n gratuita. Los cursos &#8230; <a title=\"Educaci\u00f3n lanza nuevas ofertas de capacitaci\u00f3n para docentes\" class=\"read-more\" href=\"https:\/\/des-tuc.infd.edu.ar\/sitio\/educacion-lanza-nuevas-ofertas-de-capacitacion-para-docentes\/\" aria-label=\"More on Educaci\u00f3n lanza nuevas ofertas de capacitaci\u00f3n para docentes\">[+]<\/a><\/p>\n","protected":false},"author":543,"featured_media":10609,"comment_status":"closed","ping_status":"closed","sticky":false,"template":"","format":"standard","meta":[],"categories":[7,6],"tags":[],"acf":[],"_links":{"self":[{"href":"https:\/\/des-tuc.infd.edu.ar\/sitio\/wp-json\/wp\/v2\/posts\/10608"}],"collection":[{"href":"https:\/\/des-tuc.infd.edu.ar\/sitio\/wp-json\/wp\/v2\/posts"}],"about":[{"href":"https:\/\/des-tuc.infd.edu.ar\/sitio\/wp-json\/wp\/v2\/types\/post"}],"author":[{"embeddable":true,"href":"https:\/\/des-tuc.infd.edu.ar\/sitio\/wp-json\/wp\/v2\/users\/543"}],"replies":[{"embeddable":true,"href":"https:\/\/des-tuc.infd.edu.ar\/sitio\/wp-json\/wp\/v2\/comments?post=10608"}],"version-history":[{"count":1,"href":"https:\/\/des-tuc.infd.edu.ar\/sitio\/wp-json\/wp\/v2\/posts\/10608\/revisions"}],"predecessor-version":[{"id":10610,"href":"https:\/\/des-tuc.infd.edu.ar\/sitio\/wp-json\/wp\/v2\/posts\/10608\/revisions\/10610"}],"wp:featuredmedia":[{"embeddable":true,"href":"https:\/\/des-tuc.infd.edu.ar\/sitio\/wp-json\/wp\/v2\/media\/10609"}],"wp:attachment":[{"href":"https:\/\/des-tuc.infd.edu.ar\/sitio\/wp-json\/wp\/v2\/media?parent=10608"}],"wp:term":[{"taxonomy":"category","embeddable":true,"href":"https:\/\/des-tuc.infd.edu.ar\/sitio\/wp-json\/wp\/v2\/categories?post=10608"},{"taxonomy":"post_tag","embeddable":true,"href":"https:\/\/des-tuc.infd.edu.ar\/sitio\/wp-json\/wp\/v2\/tags?post=10608"}],"curies":[{"name":"wp","href":"https:\/\/api.w.org\/{rel}","templated":true}]}}