{"id":10603,"date":"2024-08-27T12:12:48","date_gmt":"2024-08-27T15:12:48","guid":{"rendered":"https:\/\/des-tuc.infd.edu.ar\/sitio\/?p=10603"},"modified":"2024-08-27T12:12:50","modified_gmt":"2024-08-27T15:12:50","slug":"proyectos-de-mejora-institucional-de-la-formacion-docente","status":"publish","type":"post","link":"https:\/\/des-tuc.infd.edu.ar\/sitio\/proyectos-de-mejora-institucional-de-la-formacion-docente\/","title":{"rendered":"Proyectos de Mejora Institucional de la Formaci\u00f3n Docente"},"content":{"rendered":"\n<p>La Direcci\u00f3n de Educaci\u00f3n Superior No Universitaria dio apertura a la participaci\u00f3n a los Proyectos de Mejora Institucional de la Formaci\u00f3n Docente- convocatoria 2024\/2025<strong>. La propuesta que tiene como objetivo, desde el 2007, contribuir econ\u00f3micamente a las trayectorias formativas en el campo docente del pa\u00eds, presenta algunas novedades en la nueva edici\u00f3n.<\/strong><\/p>\n\n\n\n<p><strong>Para abordar el nuevo documento, se concret\u00f3 una mesa de trabajo, la semana pasada, con directivos de los institutos de formaci\u00f3n docente de gesti\u00f3n estatal y gesti\u00f3n privada. El nuevo equipo de Mejora Institucional de Nivel Superior junto a la L\u00ednea de Pol\u00edticas Estudiantiles informaron a las autoridades institucionales que el nuevo tema sobre los cuales se basan los ejes a trabajar, es alfabetizaci\u00f3n inicial. En ese marco, todos los proyectos que deber\u00e1n presentar los IES ser\u00e1n en torno a fortalecer los procesos de alfabetizaci\u00f3n desde todos los campos disciplinarios.<\/strong><\/p>\n\n\n\n<p><strong>Adem\u00e1s de brindar informaci\u00f3n sobre los montos, sistemas de trabajo y objetivos a alcanzar, se indic\u00f3 que en el espacio de formaci\u00f3n docente de gesti\u00f3n privada, los institutos podr\u00e1n formar parte de la nueva edici\u00f3n, siempre y cuando cumplan dos requisitos puntuales:<\/strong><\/p>\n\n\n\n<ul>\n<li><strong>Contar con subvenci\u00f3n estatal del 100%<\/strong><\/li>\n\n\n\n<li><strong>Su carrera sea considerada oferta \u00fanica en su localidad.<\/strong><\/li>\n<\/ul>\n\n\n\n<p>&nbsp;Cuatro ejes de trabajo<\/p>\n\n\n\n<figure class=\"wp-block-image size-full\"><img decoding=\"async\" loading=\"lazy\" width=\"602\" height=\"339\" src=\"https:\/\/des-tuc.infd.edu.ar\/sitio\/wp-content\/uploads\/2024\/08\/Imagen1.jpg\" alt=\"\" class=\"wp-image-10604\"\/><\/figure>\n","protected":false},"excerpt":{"rendered":"<p>La Direcci\u00f3n de Educaci\u00f3n Superior No Universitaria dio apertura a la participaci\u00f3n a los Proyectos de Mejora Institucional de la Formaci\u00f3n Docente- convocatoria 2024\/2025. La propuesta que tiene como objetivo, desde el 2007, contribuir econ\u00f3micamente a las trayectorias formativas en el campo docente del pa\u00eds, presenta algunas novedades en la nueva edici\u00f3n. Para abordar el &#8230; <a title=\"Proyectos de Mejora Institucional de la Formaci\u00f3n Docente\" class=\"read-more\" href=\"https:\/\/des-tuc.infd.edu.ar\/sitio\/proyectos-de-mejora-institucional-de-la-formacion-docente\/\" aria-label=\"More on Proyectos de Mejora Institucional de la Formaci\u00f3n Docente\">[+]<\/a><\/p>\n","protected":false},"author":543,"featured_media":10605,"comment_status":"closed","ping_status":"closed","sticky":false,"template":"","format":"standard","meta":[],"categories":[7,6],"tags":[],"acf":[],"_links":{"self":[{"href":"https:\/\/des-tuc.infd.edu.ar\/sitio\/wp-json\/wp\/v2\/posts\/10603"}],"collection":[{"href":"https:\/\/des-tuc.infd.edu.ar\/sitio\/wp-json\/wp\/v2\/posts"}],"about":[{"href":"https:\/\/des-tuc.infd.edu.ar\/sitio\/wp-json\/wp\/v2\/types\/post"}],"author":[{"embeddable":true,"href":"https:\/\/des-tuc.infd.edu.ar\/sitio\/wp-json\/wp\/v2\/users\/543"}],"replies":[{"embeddable":true,"href":"https:\/\/des-tuc.infd.edu.ar\/sitio\/wp-json\/wp\/v2\/comments?post=10603"}],"version-history":[{"count":1,"href":"https:\/\/des-tuc.infd.edu.ar\/sitio\/wp-json\/wp\/v2\/posts\/10603\/revisions"}],"predecessor-version":[{"id":10606,"href":"https:\/\/des-tuc.infd.edu.ar\/sitio\/wp-json\/wp\/v2\/posts\/10603\/revisions\/10606"}],"wp:featuredmedia":[{"embeddable":true,"href":"https:\/\/des-tuc.infd.edu.ar\/sitio\/wp-json\/wp\/v2\/media\/10605"}],"wp:attachment":[{"href":"https:\/\/des-tuc.infd.edu.ar\/sitio\/wp-json\/wp\/v2\/media?parent=10603"}],"wp:term":[{"taxonomy":"category","embeddable":true,"href":"https:\/\/des-tuc.infd.edu.ar\/sitio\/wp-json\/wp\/v2\/categories?post=10603"},{"taxonomy":"post_tag","embeddable":true,"href":"https:\/\/des-tuc.infd.edu.ar\/sitio\/wp-json\/wp\/v2\/tags?post=10603"}],"curies":[{"name":"wp","href":"https:\/\/api.w.org\/{rel}","templated":true}]}}