{"id":10595,"date":"2024-08-22T08:36:42","date_gmt":"2024-08-22T11:36:42","guid":{"rendered":"https:\/\/des-tuc.infd.edu.ar\/sitio\/?p=10595"},"modified":"2024-08-22T08:36:44","modified_gmt":"2024-08-22T11:36:44","slug":"capacitacion-ley-micaela","status":"publish","type":"post","link":"https:\/\/des-tuc.infd.edu.ar\/sitio\/capacitacion-ley-micaela\/","title":{"rendered":"Capacitaci\u00f3n Ley Micaela"},"content":{"rendered":"\n<p><\/p>\n\n\n\n<p>En el marco del trabajo articulado entre el Ministerio de Educaci\u00f3n y el Ministerio de Desarrollo Social de la provincia de Tucum\u00e1n y con la finalidad de dar cumplimiento a lo que establece la&nbsp;<strong>Ley N\u00ba27.499<\/strong>, se llev\u00f3 a cabo, el pasado 13 de agosto, el primer encuentro del trayecto formativo sobre la&nbsp;<strong>Ley Micaela<\/strong>&nbsp;destinado a directivos de instituciones Educativas de nivel secundario, asesores pedag\u00f3gicos y organismos t\u00e9cnicos del Ministerio de Educaci\u00f3n.<\/p>\n\n\n\n<p>&nbsp;La ley nacional N\u00b0 27.499, establece la formaci\u00f3n obligatoria en temas de g\u00e9nero y violencia contra las mujeres para todas las personas que trabajan en el Estado, en los tres Poderes.&nbsp;<\/p>\n\n\n\n<p>Este trayecto formativo cuenta con cuatro comisiones de cuatro encuentros cada una y la capacitaci\u00f3n est\u00e1 a cargo de Valeria Jim\u00e9nez y Aldo Maldonado de la&nbsp;<strong>Direcci\u00f3n de Promoci\u00f3n y Protecci\u00f3n de los Derechos de las Mujeres,<\/strong>&nbsp;a cargo de Florencia Villagra, dependiente de la&nbsp;<strong>Secretar\u00eda de la Mujer,<\/strong>&nbsp;a cargo de la Lic. Yanina Mu\u00f1oz, del Ministerio de Desarrollo Social.<\/p>\n\n\n\n<p>La convocatoria y organizaci\u00f3n estuvo articulada por el equipo t\u00e9cnico de gesti\u00f3n de convivencia de la Direcci\u00f3n de Educaci\u00f3n Secundaria (Melisa Alfaro, Marcela Vidal, Marcela Petrignani, Marina Rodr\u00edguez)&nbsp; y el \u00e1rea legal de la Direcci\u00f3n de Educaci\u00f3n Superior No Universitaria, abogada Ana Carolina Lobos.<\/p>\n\n\n\n<p>En la apertura particip\u00f3, la Directora de Educaci\u00f3n Secundaria Prof. Rosa Casares, la Secretaria de Estado de la Mujer Lic. Mu\u00f1oz Yanina Luz Del Valle y la Directora de Promoci\u00f3n y Protecci\u00f3n de los Derechos de las Mujeres, Florencia Villagra .Desde el \u00e1rea legal de la DESNU, la abogada Ana Carolina Lobos comenta que \u201c<em>El educar y ser educados, generando conciencia sobre la violencia contra las mujeres, la discriminaci\u00f3n, las desigualdades por motivos de g\u00e9nero y conocer los roles y estereotipos, es una valiosa\u00a0 herramienta para los agentes del Estado ya que esta capacitaci\u00f3n estimula el pensamiento cr\u00edtico, al identificar los estereotipos, normas y roles sociales de g\u00e9nero, problematizar los patrones de socializaci\u00f3n dominantes y permite a los docentes y equipo t\u00e9cnico desarrollar competencias en su futura pr\u00e1ctica profesional\u201d.<\/em><\/p>\n\n\n\n<figure class=\"wp-block-gallery has-nested-images columns-default is-cropped wp-block-gallery-1 is-layout-flex\">\n<figure class=\"wp-block-image size-large\"><img decoding=\"async\" loading=\"lazy\" width=\"1425\" height=\"1900\" data-id=\"10600\"  src=\"https:\/\/des-tuc.infd.edu.ar\/sitio\/wp-content\/uploads\/2024\/08\/IMG_0317-1425x1900.jpeg\" alt=\"\" class=\"wp-image-10600\" srcset=\"https:\/\/des-tuc.infd.edu.ar\/sitio\/wp-content\/uploads\/2024\/08\/IMG_0317-1425x1900.jpeg 1425w, https:\/\/des-tuc.infd.edu.ar\/sitio\/wp-content\/uploads\/2024\/08\/IMG_0317-750x1000.jpeg 750w, https:\/\/des-tuc.infd.edu.ar\/sitio\/wp-content\/uploads\/2024\/08\/IMG_0317-768x1024.jpeg 768w, https:\/\/des-tuc.infd.edu.ar\/sitio\/wp-content\/uploads\/2024\/08\/IMG_0317-1152x1536.jpeg 1152w, https:\/\/des-tuc.infd.edu.ar\/sitio\/wp-content\/uploads\/2024\/08\/IMG_0317-1536x2048.jpeg 1536w, https:\/\/des-tuc.infd.edu.ar\/sitio\/wp-content\/uploads\/2024\/08\/IMG_0317-scaled.jpeg 1920w\" sizes=\"(max-width: 1425px) 100vw, 1425px\" \/><\/figure>\n\n\n\n<figure class=\"wp-block-image size-large\"><img decoding=\"async\" loading=\"lazy\" width=\"1425\" height=\"1900\" data-id=\"10601\"  src=\"https:\/\/des-tuc.infd.edu.ar\/sitio\/wp-content\/uploads\/2024\/08\/IMG_0301-1425x1900.jpeg\" alt=\"\" class=\"wp-image-10601\" srcset=\"https:\/\/des-tuc.infd.edu.ar\/sitio\/wp-content\/uploads\/2024\/08\/IMG_0301-1425x1900.jpeg 1425w, https:\/\/des-tuc.infd.edu.ar\/sitio\/wp-content\/uploads\/2024\/08\/IMG_0301-750x1000.jpeg 750w, https:\/\/des-tuc.infd.edu.ar\/sitio\/wp-content\/uploads\/2024\/08\/IMG_0301-768x1024.jpeg 768w, https:\/\/des-tuc.infd.edu.ar\/sitio\/wp-content\/uploads\/2024\/08\/IMG_0301-1152x1536.jpeg 1152w, https:\/\/des-tuc.infd.edu.ar\/sitio\/wp-content\/uploads\/2024\/08\/IMG_0301-1536x2048.jpeg 1536w, https:\/\/des-tuc.infd.edu.ar\/sitio\/wp-content\/uploads\/2024\/08\/IMG_0301-scaled.jpeg 1920w\" sizes=\"(max-width: 1425px) 100vw, 1425px\" \/><\/figure>\n\n\n\n<figure class=\"wp-block-image size-large\"><img decoding=\"async\" loading=\"lazy\" width=\"960\" height=\"1280\" data-id=\"10596\"  src=\"https:\/\/des-tuc.infd.edu.ar\/sitio\/wp-content\/uploads\/2024\/08\/9fae8326-8425-453b-9d13-98667ffbabdb-1.jpeg\" alt=\"\" class=\"wp-image-10596\" srcset=\"https:\/\/des-tuc.infd.edu.ar\/sitio\/wp-content\/uploads\/2024\/08\/9fae8326-8425-453b-9d13-98667ffbabdb-1.jpeg 960w, https:\/\/des-tuc.infd.edu.ar\/sitio\/wp-content\/uploads\/2024\/08\/9fae8326-8425-453b-9d13-98667ffbabdb-1-750x1000.jpeg 750w, https:\/\/des-tuc.infd.edu.ar\/sitio\/wp-content\/uploads\/2024\/08\/9fae8326-8425-453b-9d13-98667ffbabdb-1-768x1024.jpeg 768w\" sizes=\"(max-width: 960px) 100vw, 960px\" \/><\/figure>\n\n\n\n<figure class=\"wp-block-image size-large\"><img decoding=\"async\" loading=\"lazy\" width=\"1600\" height=\"1200\" data-id=\"10597\"  src=\"https:\/\/des-tuc.infd.edu.ar\/sitio\/wp-content\/uploads\/2024\/08\/6d30d06a-5d9a-4299-bb70-30c33fa32d58-1.jpeg\" alt=\"\" class=\"wp-image-10597\" srcset=\"https:\/\/des-tuc.infd.edu.ar\/sitio\/wp-content\/uploads\/2024\/08\/6d30d06a-5d9a-4299-bb70-30c33fa32d58-1.jpeg 1600w, https:\/\/des-tuc.infd.edu.ar\/sitio\/wp-content\/uploads\/2024\/08\/6d30d06a-5d9a-4299-bb70-30c33fa32d58-1-1000x750.jpeg 1000w, https:\/\/des-tuc.infd.edu.ar\/sitio\/wp-content\/uploads\/2024\/08\/6d30d06a-5d9a-4299-bb70-30c33fa32d58-1-768x576.jpeg 768w, https:\/\/des-tuc.infd.edu.ar\/sitio\/wp-content\/uploads\/2024\/08\/6d30d06a-5d9a-4299-bb70-30c33fa32d58-1-1536x1152.jpeg 1536w\" sizes=\"(max-width: 1600px) 100vw, 1600px\" \/><\/figure>\n\n\n\n<figure class=\"wp-block-image size-large\"><img decoding=\"async\" loading=\"lazy\" width=\"960\" height=\"1280\" data-id=\"10598\"  src=\"https:\/\/des-tuc.infd.edu.ar\/sitio\/wp-content\/uploads\/2024\/08\/9fae8326-8425-453b-9d13-98667ffbabdb.jpeg\" alt=\"\" class=\"wp-image-10598\" srcset=\"https:\/\/des-tuc.infd.edu.ar\/sitio\/wp-content\/uploads\/2024\/08\/9fae8326-8425-453b-9d13-98667ffbabdb.jpeg 960w, https:\/\/des-tuc.infd.edu.ar\/sitio\/wp-content\/uploads\/2024\/08\/9fae8326-8425-453b-9d13-98667ffbabdb-750x1000.jpeg 750w, https:\/\/des-tuc.infd.edu.ar\/sitio\/wp-content\/uploads\/2024\/08\/9fae8326-8425-453b-9d13-98667ffbabdb-768x1024.jpeg 768w\" sizes=\"(max-width: 960px) 100vw, 960px\" \/><\/figure>\n<\/figure>\n\n\n\n<p><\/p>\n","protected":false},"excerpt":{"rendered":"<p>En el marco del trabajo articulado entre el Ministerio de Educaci\u00f3n y el Ministerio de Desarrollo Social de la provincia de Tucum\u00e1n y con la finalidad de dar cumplimiento a lo que establece la&nbsp;Ley N\u00ba27.499, se llev\u00f3 a cabo, el pasado 13 de agosto, el primer encuentro del trayecto formativo sobre la&nbsp;Ley Micaela&nbsp;destinado a directivos &#8230; <a title=\"Capacitaci\u00f3n Ley Micaela\" class=\"read-more\" href=\"https:\/\/des-tuc.infd.edu.ar\/sitio\/capacitacion-ley-micaela\/\" aria-label=\"More on Capacitaci\u00f3n Ley Micaela\">[+]<\/a><\/p>\n","protected":false},"author":543,"featured_media":10600,"comment_status":"closed","ping_status":"closed","sticky":false,"template":"","format":"standard","meta":[],"categories":[7,6],"tags":[],"acf":[],"_links":{"self":[{"href":"https:\/\/des-tuc.infd.edu.ar\/sitio\/wp-json\/wp\/v2\/posts\/10595"}],"collection":[{"href":"https:\/\/des-tuc.infd.edu.ar\/sitio\/wp-json\/wp\/v2\/posts"}],"about":[{"href":"https:\/\/des-tuc.infd.edu.ar\/sitio\/wp-json\/wp\/v2\/types\/post"}],"author":[{"embeddable":true,"href":"https:\/\/des-tuc.infd.edu.ar\/sitio\/wp-json\/wp\/v2\/users\/543"}],"replies":[{"embeddable":true,"href":"https:\/\/des-tuc.infd.edu.ar\/sitio\/wp-json\/wp\/v2\/comments?post=10595"}],"version-history":[{"count":1,"href":"https:\/\/des-tuc.infd.edu.ar\/sitio\/wp-json\/wp\/v2\/posts\/10595\/revisions"}],"predecessor-version":[{"id":10602,"href":"https:\/\/des-tuc.infd.edu.ar\/sitio\/wp-json\/wp\/v2\/posts\/10595\/revisions\/10602"}],"wp:featuredmedia":[{"embeddable":true,"href":"https:\/\/des-tuc.infd.edu.ar\/sitio\/wp-json\/wp\/v2\/media\/10600"}],"wp:attachment":[{"href":"https:\/\/des-tuc.infd.edu.ar\/sitio\/wp-json\/wp\/v2\/media?parent=10595"}],"wp:term":[{"taxonomy":"category","embeddable":true,"href":"https:\/\/des-tuc.infd.edu.ar\/sitio\/wp-json\/wp\/v2\/categories?post=10595"},{"taxonomy":"post_tag","embeddable":true,"href":"https:\/\/des-tuc.infd.edu.ar\/sitio\/wp-json\/wp\/v2\/tags?post=10595"}],"curies":[{"name":"wp","href":"https:\/\/api.w.org\/{rel}","templated":true}]}}