{"id":10585,"date":"2024-08-14T10:35:51","date_gmt":"2024-08-14T13:35:51","guid":{"rendered":"https:\/\/des-tuc.infd.edu.ar\/sitio\/?p=10585"},"modified":"2024-08-14T10:35:52","modified_gmt":"2024-08-14T13:35:52","slug":"ejemplos-que-motivan","status":"publish","type":"post","link":"https:\/\/des-tuc.infd.edu.ar\/sitio\/ejemplos-que-motivan\/","title":{"rendered":"Ejemplos que motivan"},"content":{"rendered":"\n<p>Los docentes de ingl\u00e9s tucumanos Nadia Mansilla y Emiliano Rivadeneira, son becarios de la Comisi\u00f3n Fulbright, y partir\u00e1n el 21 y 23 de agosto para dar comienzo a su estad\u00eda en EEUU, donde realizar\u00e1n tareas de asistencia idiom\u00e1tica en espa\u00f1ol en Amherst College y Williams College, Massachusetts,&nbsp;&nbsp;desempe\u00f1\u00e1ndose como informantes ling\u00fc\u00edsticos y embajadores culturales.&nbsp;<\/p>\n\n\n\n<p>El jueves 8 de agosto, a pedido de la docente de Ingl\u00e9s de la escuela,&nbsp; Profesora Viviana Paz, los becarios visitaron a los estudiantes de 6\u00b0 a\u00f1o de la Escuela Secundaria de El Molino, para socializar su experiencia de&nbsp; postulaci\u00f3n y selecci\u00f3n a la beca. Tambi\u00e9n contaron que para recibirse trabajaban y estudiaban, y c\u00f3mo el estudio les abri\u00f3 las puertas a la beca. Los estudiantes mostraron mucho inter\u00e9s por la beca ETA (English Teaching Assistant), as\u00ed como tambi\u00e9n por otras becas Fulbright,&nbsp; expresando sus&nbsp; inquietudes y dialogando fluidamente con los profes.<\/p>\n\n\n\n<p>Felicitamos&nbsp; a los alumnos por su motivaci\u00f3n para continuar estudiando luego de graduarse de la escuela secundaria, por participar tan activamente de la charla, y por tener muchos sue\u00f1os para su futuro. Muchas gracias a la Directora Elizabeth Figueroa por abrirnos las puertas de la escuela y brindar al equipo de becas internacionales de la Direcci\u00f3n de Educaci\u00f3n Superior, la posibilidad de vivir una hermosa&nbsp;jornada junto a 6\u00b0 a\u00f1o .<\/p>\n\n\n\n<p>La Comisi\u00f3n Fulbright, junto con el Gobierno Nacional, ofrece una gran variedad de posibilidades para la realizaci\u00f3n de una experiencia intercultural y educacional, de crecimiento profesional y personal, a un amplio espectro de profesionales que deseen profundizar en su formaci\u00f3n en los EEUU. Todas las becas y las convocatorias que se lanzan a los largo del a\u00f1o, pueden ser consultadas en la p\u00e1gina oficial de la&nbsp;<a href=\"https:\/\/www.fulbright.edu.ar\/\" target=\"_blank\" rel=\"noreferrer noopener\">Comisi\u00f3n Fulbright Argentina<\/a>&nbsp;y en la p\u00e1gina&nbsp;<a href=\"https:\/\/www.argentina.gob.ar\/buscar\/becsa%20fulbright\" target=\"_blank\" rel=\"noreferrer noopener\">Mi Argentina Becas Fulbright<\/a><\/p>\n\n\n\n<p>\u00abAgradezco a los profes Nadia y Emiliano, por ampliar la visi\u00f3n de los estudiantes, por motivarlos a confiar en sus capacidades y desarrollarlas;&nbsp; la jornada fue una invitaci\u00f3n a creer en que un futuro mejor es posible.\u00bb Profesora de Ingl\u00e9s de 6\u00b0 a\u00f1o Viviana Paz.<\/p>\n\n\n\n<p>\u00abLa charla fue s\u00faper interesante e inspiracional, me encant\u00f3 la posibilidad genial de viajar a otros pa\u00edses, y crecer acad\u00e9mica y profesionalmente.\u00bb Gimena Alderete, alumna de 6\u00b0 a\u00f1o.<\/p>\n\n\n\n<p>\u00abFue muy inspirador, nos ense\u00f1aron sobre las becas y sobre la vida de estudiante en el nivel superior.\u00bb Roberto S\u00e1nchez, estudiante\u00a0de 6\u00b0 a\u00f1o.<\/p>\n\n\n\n<p><\/p>\n\n\n\n<figure class=\"wp-block-gallery has-nested-images columns-default is-cropped wp-block-gallery-1 is-layout-flex\">\n<figure class=\"wp-block-image size-large\"><img decoding=\"async\" loading=\"lazy\" width=\"1528\" height=\"1528\" data-id=\"10587\"  src=\"https:\/\/des-tuc.infd.edu.ar\/sitio\/wp-content\/uploads\/2024\/08\/IMG-20240808-WA0046.jpg\" alt=\"\" class=\"wp-image-10587\" srcset=\"https:\/\/des-tuc.infd.edu.ar\/sitio\/wp-content\/uploads\/2024\/08\/IMG-20240808-WA0046.jpg 1528w, https:\/\/des-tuc.infd.edu.ar\/sitio\/wp-content\/uploads\/2024\/08\/IMG-20240808-WA0046-1000x1000.jpg 1000w, https:\/\/des-tuc.infd.edu.ar\/sitio\/wp-content\/uploads\/2024\/08\/IMG-20240808-WA0046-500x500.jpg 500w, https:\/\/des-tuc.infd.edu.ar\/sitio\/wp-content\/uploads\/2024\/08\/IMG-20240808-WA0046-768x768.jpg 768w\" sizes=\"(max-width: 1528px) 100vw, 1528px\" \/><\/figure>\n\n\n\n<figure class=\"wp-block-image size-large\"><img decoding=\"async\" loading=\"lazy\" width=\"1600\" height=\"1204\" data-id=\"10586\"  src=\"https:\/\/des-tuc.infd.edu.ar\/sitio\/wp-content\/uploads\/2024\/08\/IMG-20240808-WA0053.jpg\" alt=\"\" class=\"wp-image-10586\" srcset=\"https:\/\/des-tuc.infd.edu.ar\/sitio\/wp-content\/uploads\/2024\/08\/IMG-20240808-WA0053.jpg 1600w, https:\/\/des-tuc.infd.edu.ar\/sitio\/wp-content\/uploads\/2024\/08\/IMG-20240808-WA0053-1000x753.jpg 1000w, https:\/\/des-tuc.infd.edu.ar\/sitio\/wp-content\/uploads\/2024\/08\/IMG-20240808-WA0053-768x578.jpg 768w, https:\/\/des-tuc.infd.edu.ar\/sitio\/wp-content\/uploads\/2024\/08\/IMG-20240808-WA0053-1536x1156.jpg 1536w\" sizes=\"(max-width: 1600px) 100vw, 1600px\" \/><\/figure>\n<\/figure>\n","protected":false},"excerpt":{"rendered":"<p>Los docentes de ingl\u00e9s tucumanos Nadia Mansilla y Emiliano Rivadeneira, son becarios de la Comisi\u00f3n Fulbright, y partir\u00e1n el 21 y 23 de agosto para dar comienzo a su estad\u00eda en EEUU, donde realizar\u00e1n tareas de asistencia idiom\u00e1tica en espa\u00f1ol en Amherst College y Williams College, Massachusetts,&nbsp;&nbsp;desempe\u00f1\u00e1ndose como informantes ling\u00fc\u00edsticos y embajadores culturales.&nbsp; El jueves &#8230; <a title=\"Ejemplos que motivan\" class=\"read-more\" href=\"https:\/\/des-tuc.infd.edu.ar\/sitio\/ejemplos-que-motivan\/\" aria-label=\"More on Ejemplos que motivan\">[+]<\/a><\/p>\n","protected":false},"author":543,"featured_media":10586,"comment_status":"closed","ping_status":"closed","sticky":false,"template":"","format":"standard","meta":[],"categories":[7,6],"tags":[],"acf":[],"_links":{"self":[{"href":"https:\/\/des-tuc.infd.edu.ar\/sitio\/wp-json\/wp\/v2\/posts\/10585"}],"collection":[{"href":"https:\/\/des-tuc.infd.edu.ar\/sitio\/wp-json\/wp\/v2\/posts"}],"about":[{"href":"https:\/\/des-tuc.infd.edu.ar\/sitio\/wp-json\/wp\/v2\/types\/post"}],"author":[{"embeddable":true,"href":"https:\/\/des-tuc.infd.edu.ar\/sitio\/wp-json\/wp\/v2\/users\/543"}],"replies":[{"embeddable":true,"href":"https:\/\/des-tuc.infd.edu.ar\/sitio\/wp-json\/wp\/v2\/comments?post=10585"}],"version-history":[{"count":1,"href":"https:\/\/des-tuc.infd.edu.ar\/sitio\/wp-json\/wp\/v2\/posts\/10585\/revisions"}],"predecessor-version":[{"id":10588,"href":"https:\/\/des-tuc.infd.edu.ar\/sitio\/wp-json\/wp\/v2\/posts\/10585\/revisions\/10588"}],"wp:featuredmedia":[{"embeddable":true,"href":"https:\/\/des-tuc.infd.edu.ar\/sitio\/wp-json\/wp\/v2\/media\/10586"}],"wp:attachment":[{"href":"https:\/\/des-tuc.infd.edu.ar\/sitio\/wp-json\/wp\/v2\/media?parent=10585"}],"wp:term":[{"taxonomy":"category","embeddable":true,"href":"https:\/\/des-tuc.infd.edu.ar\/sitio\/wp-json\/wp\/v2\/categories?post=10585"},{"taxonomy":"post_tag","embeddable":true,"href":"https:\/\/des-tuc.infd.edu.ar\/sitio\/wp-json\/wp\/v2\/tags?post=10585"}],"curies":[{"name":"wp","href":"https:\/\/api.w.org\/{rel}","templated":true}]}}