{"id":10563,"date":"2024-08-13T11:26:50","date_gmt":"2024-08-13T14:26:50","guid":{"rendered":"https:\/\/des-tuc.infd.edu.ar\/sitio\/?p=10563"},"modified":"2024-08-13T11:26:51","modified_gmt":"2024-08-13T14:26:51","slug":"inauguran-el-instituto-de-ensenanza-superior-penitenciario-nuestra-senora-del-carmen","status":"publish","type":"post","link":"https:\/\/des-tuc.infd.edu.ar\/sitio\/inauguran-el-instituto-de-ensenanza-superior-penitenciario-nuestra-senora-del-carmen\/","title":{"rendered":"Inauguran el Instituto de Ense\u00f1anza Superior Penitenciario \u201cNuestra Se\u00f1ora del Carmen\u201d"},"content":{"rendered":"\n<p>El gobernador,&nbsp;<strong>Osvaldo Jaldo<\/strong><strong>, junto al vicegobernador<\/strong><strong>, Miguel Acevedo<\/strong><strong>; la ministra de Educaci\u00f3n,<\/strong><strong>&nbsp;Susana Montaldo;&nbsp;<\/strong><strong>y el ministro de de Seguridad<\/strong><strong>, Eugenio Ag\u00fcero Gamboa;<\/strong>&nbsp;encabez\u00f3 este mi\u00e9rcoles la inauguraci\u00f3n del Instituto de Ense\u00f1anza Superior Penitenciario \u201cNuestra Se\u00f1ora del Carmen\u201d del Servicio Penitenciario de Tucum\u00e1n. Este nuevo espacio acad\u00e9mico tiene como objetivo la formaci\u00f3n de nuevos oficiales y agentes penitenciarios, as\u00ed como la capacitaci\u00f3n continua del personal en servicio.<\/p>\n\n\n\n<p>Tambi\u00e9n acompa\u00f1aron el ministro del Interior,<strong>&nbsp;Dar\u00edo Monteros;&nbsp;<\/strong>el ministro de Desarrollo Social,&nbsp;<strong>Federico Mass<\/strong><strong>o<\/strong>; el ministro de Gobierno y Justicia,&nbsp;<strong>Regino Amado<\/strong>; el ministro de Salud,<strong>&nbsp;Luis Medina Ruiz<\/strong>, y los legisladores<strong>&nbsp;Hugo Ledesma, Mario Leito y Ger\u00f3nimo Vargas Aignasse<\/strong>. Tambi\u00e9n estuvieron presentes el Jefe de polic\u00eda de Tucum\u00e1n,&nbsp;<strong>Joaqu\u00edn Girvau Olleta,&nbsp;<\/strong>y el subjefe de polic\u00eda,<strong>&nbsp;Roque Y\u00f1igo.<\/strong><\/p>\n\n\n\n<p>\u201cHoy no solo se crea el Instituto, sino que tambi\u00e9n tiene casa propia, donde quienes van a trabajar en el servicio penitenciario en la provincia, van a ingresar, se van a capacitar, se van a profesionalizar y van a prestar servicio en diferentes establecimientos carcelarios de Tucum\u00e1n\u201d, sostuvo Jaldo.<\/p>\n\n\n\n<p>En este espacio, cedido por el Ministerio de Educaci\u00f3n en comodato, tendr\u00e1 lugar la Tecnicatura en Servicios Pernitenciaros para profesionalizar la labor de carcelarios.<\/p>\n\n\n\n<p>\u201cEstamos celebrando la creaci\u00f3n de una nueva t\u00e9cnicatura para el Servicio Penitenciario; profesionalizar esta \u00e1rea me parece muy importante, el Ministerio de Educaci\u00f3n ha cedido en comodato esta escuela, as\u00ed que muy contentos hoy de poder brindar un nuevo espacio de formaci\u00f3n para el \u00e1rea de Seguridad, que es muy importante, porque se forma la gente a nivel profesional y esto les da m\u00e1s elementos para el tratamiento de las personas en las distintas penitenciarias, para una buena formaci\u00f3n que les permita recuperarse socialmente y reintegrarse a la sociedad cuando cumplan la condena\u201d, sintetiz\u00f3 la ministra Montaldo.<\/p>\n\n\n\n<p>Por \u00faltimo, la directora de Nivel Superior No Universitaria, Silvina Fern\u00e1ndez, destac\u00f3: \u201cpara nosotros las tecnicaturas y en estas \u00e1reas son fundamentales, permiten el acompa\u00f1amiento en las comisar\u00edas y el trabajo que es tan importante para la reinserci\u00f3n de las personas\u201d.<\/p>\n\n\n\n<p>Fuente: https:\/\/www.educaciontuc.gov.ar\/2024\/08\/07\/inauguran-el-instituto-de-ensenanza-superior-penitenciario-nuestra-senora-del-carmen\/<\/p>\n\n\n\n<figure class=\"wp-block-gallery has-nested-images columns-default is-cropped wp-block-gallery-1 is-layout-flex\">\n<figure class=\"wp-block-image size-large\"><img decoding=\"async\" loading=\"lazy\" width=\"1280\" height=\"853\" data-id=\"10566\"  src=\"https:\/\/des-tuc.infd.edu.ar\/sitio\/wp-content\/uploads\/2024\/08\/WhatsApp-Image-2024-08-07-at-11.13.06.jpeg\" alt=\"\" class=\"wp-image-10566\" srcset=\"https:\/\/des-tuc.infd.edu.ar\/sitio\/wp-content\/uploads\/2024\/08\/WhatsApp-Image-2024-08-07-at-11.13.06.jpeg 1280w, https:\/\/des-tuc.infd.edu.ar\/sitio\/wp-content\/uploads\/2024\/08\/WhatsApp-Image-2024-08-07-at-11.13.06-1000x666.jpeg 1000w, https:\/\/des-tuc.infd.edu.ar\/sitio\/wp-content\/uploads\/2024\/08\/WhatsApp-Image-2024-08-07-at-11.13.06-768x512.jpeg 768w\" sizes=\"(max-width: 1280px) 100vw, 1280px\" \/><\/figure>\n\n\n\n<figure class=\"wp-block-image size-large\"><img decoding=\"async\" loading=\"lazy\" width=\"1280\" height=\"853\" data-id=\"10570\"  src=\"https:\/\/des-tuc.infd.edu.ar\/sitio\/wp-content\/uploads\/2024\/08\/WhatsApp-Image-2024-08-07-at-11.13.07-1.jpeg\" alt=\"\" class=\"wp-image-10570\" srcset=\"https:\/\/des-tuc.infd.edu.ar\/sitio\/wp-content\/uploads\/2024\/08\/WhatsApp-Image-2024-08-07-at-11.13.07-1.jpeg 1280w, https:\/\/des-tuc.infd.edu.ar\/sitio\/wp-content\/uploads\/2024\/08\/WhatsApp-Image-2024-08-07-at-11.13.07-1-1000x666.jpeg 1000w, https:\/\/des-tuc.infd.edu.ar\/sitio\/wp-content\/uploads\/2024\/08\/WhatsApp-Image-2024-08-07-at-11.13.07-1-768x512.jpeg 768w\" sizes=\"(max-width: 1280px) 100vw, 1280px\" \/><\/figure>\n\n\n\n<figure class=\"wp-block-image size-large\"><img decoding=\"async\" loading=\"lazy\" width=\"1280\" height=\"853\" data-id=\"10569\"  src=\"https:\/\/des-tuc.infd.edu.ar\/sitio\/wp-content\/uploads\/2024\/08\/WhatsApp-Image-2024-08-07-at-11.13.07.jpeg\" alt=\"\" class=\"wp-image-10569\" srcset=\"https:\/\/des-tuc.infd.edu.ar\/sitio\/wp-content\/uploads\/2024\/08\/WhatsApp-Image-2024-08-07-at-11.13.07.jpeg 1280w, https:\/\/des-tuc.infd.edu.ar\/sitio\/wp-content\/uploads\/2024\/08\/WhatsApp-Image-2024-08-07-at-11.13.07-1000x666.jpeg 1000w, https:\/\/des-tuc.infd.edu.ar\/sitio\/wp-content\/uploads\/2024\/08\/WhatsApp-Image-2024-08-07-at-11.13.07-768x512.jpeg 768w\" sizes=\"(max-width: 1280px) 100vw, 1280px\" \/><\/figure>\n\n\n\n<figure class=\"wp-block-image size-large\"><img decoding=\"async\" loading=\"lazy\" width=\"1280\" height=\"853\" data-id=\"10567\"  src=\"https:\/\/des-tuc.infd.edu.ar\/sitio\/wp-content\/uploads\/2024\/08\/WhatsApp-Image-2024-08-07-at-11.13.08-1.jpeg\" alt=\"\" class=\"wp-image-10567\" srcset=\"https:\/\/des-tuc.infd.edu.ar\/sitio\/wp-content\/uploads\/2024\/08\/WhatsApp-Image-2024-08-07-at-11.13.08-1.jpeg 1280w, https:\/\/des-tuc.infd.edu.ar\/sitio\/wp-content\/uploads\/2024\/08\/WhatsApp-Image-2024-08-07-at-11.13.08-1-1000x666.jpeg 1000w, https:\/\/des-tuc.infd.edu.ar\/sitio\/wp-content\/uploads\/2024\/08\/WhatsApp-Image-2024-08-07-at-11.13.08-1-768x512.jpeg 768w\" sizes=\"(max-width: 1280px) 100vw, 1280px\" \/><\/figure>\n\n\n\n<figure class=\"wp-block-image size-large\"><img decoding=\"async\" loading=\"lazy\" width=\"1280\" height=\"853\" data-id=\"10568\"  src=\"https:\/\/des-tuc.infd.edu.ar\/sitio\/wp-content\/uploads\/2024\/08\/WhatsApp-Image-2024-08-07-at-11.13.08-2-1.jpeg\" alt=\"\" class=\"wp-image-10568\" srcset=\"https:\/\/des-tuc.infd.edu.ar\/sitio\/wp-content\/uploads\/2024\/08\/WhatsApp-Image-2024-08-07-at-11.13.08-2-1.jpeg 1280w, https:\/\/des-tuc.infd.edu.ar\/sitio\/wp-content\/uploads\/2024\/08\/WhatsApp-Image-2024-08-07-at-11.13.08-2-1-1000x666.jpeg 1000w, https:\/\/des-tuc.infd.edu.ar\/sitio\/wp-content\/uploads\/2024\/08\/WhatsApp-Image-2024-08-07-at-11.13.08-2-1-768x512.jpeg 768w\" sizes=\"(max-width: 1280px) 100vw, 1280px\" \/><\/figure>\n\n\n\n<figure class=\"wp-block-image size-large\"><img decoding=\"async\" loading=\"lazy\" width=\"1280\" height=\"853\" data-id=\"10565\"  src=\"https:\/\/des-tuc.infd.edu.ar\/sitio\/wp-content\/uploads\/2024\/08\/WhatsApp-Image-2024-08-07-at-11.13.08-2.jpeg\" alt=\"\" class=\"wp-image-10565\" srcset=\"https:\/\/des-tuc.infd.edu.ar\/sitio\/wp-content\/uploads\/2024\/08\/WhatsApp-Image-2024-08-07-at-11.13.08-2.jpeg 1280w, https:\/\/des-tuc.infd.edu.ar\/sitio\/wp-content\/uploads\/2024\/08\/WhatsApp-Image-2024-08-07-at-11.13.08-2-1000x666.jpeg 1000w, https:\/\/des-tuc.infd.edu.ar\/sitio\/wp-content\/uploads\/2024\/08\/WhatsApp-Image-2024-08-07-at-11.13.08-2-768x512.jpeg 768w\" sizes=\"(max-width: 1280px) 100vw, 1280px\" \/><\/figure>\n\n\n\n<figure class=\"wp-block-image size-large\"><img decoding=\"async\" loading=\"lazy\" width=\"1280\" height=\"853\" data-id=\"10571\"  src=\"https:\/\/des-tuc.infd.edu.ar\/sitio\/wp-content\/uploads\/2024\/08\/WhatsApp-Image-2024-08-07-at-11.13.08.jpeg\" alt=\"\" class=\"wp-image-10571\" srcset=\"https:\/\/des-tuc.infd.edu.ar\/sitio\/wp-content\/uploads\/2024\/08\/WhatsApp-Image-2024-08-07-at-11.13.08.jpeg 1280w, https:\/\/des-tuc.infd.edu.ar\/sitio\/wp-content\/uploads\/2024\/08\/WhatsApp-Image-2024-08-07-at-11.13.08-1000x666.jpeg 1000w, https:\/\/des-tuc.infd.edu.ar\/sitio\/wp-content\/uploads\/2024\/08\/WhatsApp-Image-2024-08-07-at-11.13.08-768x512.jpeg 768w\" sizes=\"(max-width: 1280px) 100vw, 1280px\" \/><\/figure>\n\n\n\n<figure class=\"wp-block-image size-large\"><img decoding=\"async\" loading=\"lazy\" width=\"1280\" height=\"853\" data-id=\"10573\"  src=\"https:\/\/des-tuc.infd.edu.ar\/sitio\/wp-content\/uploads\/2024\/08\/WhatsApp-Image-2024-08-07-at-11.13.09-1.jpeg\" alt=\"\" class=\"wp-image-10573\" srcset=\"https:\/\/des-tuc.infd.edu.ar\/sitio\/wp-content\/uploads\/2024\/08\/WhatsApp-Image-2024-08-07-at-11.13.09-1.jpeg 1280w, https:\/\/des-tuc.infd.edu.ar\/sitio\/wp-content\/uploads\/2024\/08\/WhatsApp-Image-2024-08-07-at-11.13.09-1-1000x666.jpeg 1000w, https:\/\/des-tuc.infd.edu.ar\/sitio\/wp-content\/uploads\/2024\/08\/WhatsApp-Image-2024-08-07-at-11.13.09-1-768x512.jpeg 768w\" sizes=\"(max-width: 1280px) 100vw, 1280px\" \/><\/figure>\n\n\n\n<figure class=\"wp-block-image size-large\"><img decoding=\"async\" loading=\"lazy\" width=\"1280\" height=\"853\" data-id=\"10574\"  src=\"https:\/\/des-tuc.infd.edu.ar\/sitio\/wp-content\/uploads\/2024\/08\/WhatsApp-Image-2024-08-07-at-11.13.09-2.jpeg\" alt=\"\" class=\"wp-image-10574\" srcset=\"https:\/\/des-tuc.infd.edu.ar\/sitio\/wp-content\/uploads\/2024\/08\/WhatsApp-Image-2024-08-07-at-11.13.09-2.jpeg 1280w, https:\/\/des-tuc.infd.edu.ar\/sitio\/wp-content\/uploads\/2024\/08\/WhatsApp-Image-2024-08-07-at-11.13.09-2-1000x666.jpeg 1000w, https:\/\/des-tuc.infd.edu.ar\/sitio\/wp-content\/uploads\/2024\/08\/WhatsApp-Image-2024-08-07-at-11.13.09-2-768x512.jpeg 768w\" sizes=\"(max-width: 1280px) 100vw, 1280px\" \/><\/figure>\n\n\n\n<figure class=\"wp-block-image size-large\"><img decoding=\"async\" loading=\"lazy\" width=\"1280\" height=\"853\" data-id=\"10577\"  src=\"https:\/\/des-tuc.infd.edu.ar\/sitio\/wp-content\/uploads\/2024\/08\/WhatsApp-Image-2024-08-07-at-11.13.09.jpeg\" alt=\"\" class=\"wp-image-10577\" srcset=\"https:\/\/des-tuc.infd.edu.ar\/sitio\/wp-content\/uploads\/2024\/08\/WhatsApp-Image-2024-08-07-at-11.13.09.jpeg 1280w, https:\/\/des-tuc.infd.edu.ar\/sitio\/wp-content\/uploads\/2024\/08\/WhatsApp-Image-2024-08-07-at-11.13.09-1000x666.jpeg 1000w, https:\/\/des-tuc.infd.edu.ar\/sitio\/wp-content\/uploads\/2024\/08\/WhatsApp-Image-2024-08-07-at-11.13.09-768x512.jpeg 768w\" sizes=\"(max-width: 1280px) 100vw, 1280px\" \/><\/figure>\n\n\n\n<figure class=\"wp-block-image size-large\"><img decoding=\"async\" loading=\"lazy\" width=\"1280\" height=\"853\" data-id=\"10576\"  src=\"https:\/\/des-tuc.infd.edu.ar\/sitio\/wp-content\/uploads\/2024\/08\/WhatsApp-Image-2024-08-07-at-11.13.10-1.jpeg\" alt=\"\" class=\"wp-image-10576\" srcset=\"https:\/\/des-tuc.infd.edu.ar\/sitio\/wp-content\/uploads\/2024\/08\/WhatsApp-Image-2024-08-07-at-11.13.10-1.jpeg 1280w, https:\/\/des-tuc.infd.edu.ar\/sitio\/wp-content\/uploads\/2024\/08\/WhatsApp-Image-2024-08-07-at-11.13.10-1-1000x666.jpeg 1000w, https:\/\/des-tuc.infd.edu.ar\/sitio\/wp-content\/uploads\/2024\/08\/WhatsApp-Image-2024-08-07-at-11.13.10-1-768x512.jpeg 768w\" sizes=\"(max-width: 1280px) 100vw, 1280px\" \/><\/figure>\n\n\n\n<figure class=\"wp-block-image size-large\"><img decoding=\"async\" loading=\"lazy\" width=\"1280\" height=\"853\" data-id=\"10572\"  src=\"https:\/\/des-tuc.infd.edu.ar\/sitio\/wp-content\/uploads\/2024\/08\/WhatsApp-Image-2024-08-07-at-11.13.10-2.jpeg\" alt=\"\" class=\"wp-image-10572\" srcset=\"https:\/\/des-tuc.infd.edu.ar\/sitio\/wp-content\/uploads\/2024\/08\/WhatsApp-Image-2024-08-07-at-11.13.10-2.jpeg 1280w, https:\/\/des-tuc.infd.edu.ar\/sitio\/wp-content\/uploads\/2024\/08\/WhatsApp-Image-2024-08-07-at-11.13.10-2-1000x666.jpeg 1000w, https:\/\/des-tuc.infd.edu.ar\/sitio\/wp-content\/uploads\/2024\/08\/WhatsApp-Image-2024-08-07-at-11.13.10-2-768x512.jpeg 768w\" sizes=\"(max-width: 1280px) 100vw, 1280px\" \/><\/figure>\n\n\n\n<figure class=\"wp-block-image size-large\"><img decoding=\"async\" loading=\"lazy\" width=\"1280\" height=\"853\" data-id=\"10575\"  src=\"https:\/\/des-tuc.infd.edu.ar\/sitio\/wp-content\/uploads\/2024\/08\/WhatsApp-Image-2024-08-07-at-11.13.10-3.jpeg\" alt=\"\" class=\"wp-image-10575\" srcset=\"https:\/\/des-tuc.infd.edu.ar\/sitio\/wp-content\/uploads\/2024\/08\/WhatsApp-Image-2024-08-07-at-11.13.10-3.jpeg 1280w, https:\/\/des-tuc.infd.edu.ar\/sitio\/wp-content\/uploads\/2024\/08\/WhatsApp-Image-2024-08-07-at-11.13.10-3-1000x666.jpeg 1000w, https:\/\/des-tuc.infd.edu.ar\/sitio\/wp-content\/uploads\/2024\/08\/WhatsApp-Image-2024-08-07-at-11.13.10-3-768x512.jpeg 768w\" sizes=\"(max-width: 1280px) 100vw, 1280px\" \/><\/figure>\n\n\n\n<figure class=\"wp-block-image size-large\"><img decoding=\"async\" loading=\"lazy\" width=\"1280\" height=\"853\" data-id=\"10581\"  src=\"https:\/\/des-tuc.infd.edu.ar\/sitio\/wp-content\/uploads\/2024\/08\/WhatsApp-Image-2024-08-07-at-11.13.10.jpeg\" alt=\"\" class=\"wp-image-10581\" srcset=\"https:\/\/des-tuc.infd.edu.ar\/sitio\/wp-content\/uploads\/2024\/08\/WhatsApp-Image-2024-08-07-at-11.13.10.jpeg 1280w, https:\/\/des-tuc.infd.edu.ar\/sitio\/wp-content\/uploads\/2024\/08\/WhatsApp-Image-2024-08-07-at-11.13.10-1000x666.jpeg 1000w, https:\/\/des-tuc.infd.edu.ar\/sitio\/wp-content\/uploads\/2024\/08\/WhatsApp-Image-2024-08-07-at-11.13.10-768x512.jpeg 768w\" sizes=\"(max-width: 1280px) 100vw, 1280px\" \/><\/figure>\n\n\n\n<figure class=\"wp-block-image size-large\"><img decoding=\"async\" loading=\"lazy\" width=\"1280\" height=\"853\" data-id=\"10578\"  src=\"https:\/\/des-tuc.infd.edu.ar\/sitio\/wp-content\/uploads\/2024\/08\/WhatsApp-Image-2024-08-07-at-11.13.11-1.jpeg\" alt=\"\" class=\"wp-image-10578\" srcset=\"https:\/\/des-tuc.infd.edu.ar\/sitio\/wp-content\/uploads\/2024\/08\/WhatsApp-Image-2024-08-07-at-11.13.11-1.jpeg 1280w, https:\/\/des-tuc.infd.edu.ar\/sitio\/wp-content\/uploads\/2024\/08\/WhatsApp-Image-2024-08-07-at-11.13.11-1-1000x666.jpeg 1000w, https:\/\/des-tuc.infd.edu.ar\/sitio\/wp-content\/uploads\/2024\/08\/WhatsApp-Image-2024-08-07-at-11.13.11-1-768x512.jpeg 768w\" sizes=\"(max-width: 1280px) 100vw, 1280px\" \/><\/figure>\n\n\n\n<figure class=\"wp-block-image size-large\"><img decoding=\"async\" loading=\"lazy\" width=\"1280\" height=\"853\" data-id=\"10579\"  src=\"https:\/\/des-tuc.infd.edu.ar\/sitio\/wp-content\/uploads\/2024\/08\/WhatsApp-Image-2024-08-07-at-11.13.11-2.jpeg\" alt=\"\" class=\"wp-image-10579\" srcset=\"https:\/\/des-tuc.infd.edu.ar\/sitio\/wp-content\/uploads\/2024\/08\/WhatsApp-Image-2024-08-07-at-11.13.11-2.jpeg 1280w, https:\/\/des-tuc.infd.edu.ar\/sitio\/wp-content\/uploads\/2024\/08\/WhatsApp-Image-2024-08-07-at-11.13.11-2-1000x666.jpeg 1000w, https:\/\/des-tuc.infd.edu.ar\/sitio\/wp-content\/uploads\/2024\/08\/WhatsApp-Image-2024-08-07-at-11.13.11-2-768x512.jpeg 768w\" sizes=\"(max-width: 1280px) 100vw, 1280px\" \/><\/figure>\n\n\n\n<figure class=\"wp-block-image size-large\"><img decoding=\"async\" loading=\"lazy\" width=\"1280\" height=\"853\" data-id=\"10580\"  src=\"https:\/\/des-tuc.infd.edu.ar\/sitio\/wp-content\/uploads\/2024\/08\/WhatsApp-Image-2024-08-07-at-11.13.12.jpeg\" alt=\"\" class=\"wp-image-10580\" srcset=\"https:\/\/des-tuc.infd.edu.ar\/sitio\/wp-content\/uploads\/2024\/08\/WhatsApp-Image-2024-08-07-at-11.13.12.jpeg 1280w, https:\/\/des-tuc.infd.edu.ar\/sitio\/wp-content\/uploads\/2024\/08\/WhatsApp-Image-2024-08-07-at-11.13.12-1000x666.jpeg 1000w, https:\/\/des-tuc.infd.edu.ar\/sitio\/wp-content\/uploads\/2024\/08\/WhatsApp-Image-2024-08-07-at-11.13.12-768x512.jpeg 768w\" sizes=\"(max-width: 1280px) 100vw, 1280px\" \/><\/figure>\n<\/figure>\n","protected":false},"excerpt":{"rendered":"<p>El gobernador,&nbsp;Osvaldo Jaldo, junto al vicegobernador, Miguel Acevedo; la ministra de Educaci\u00f3n,&nbsp;Susana Montaldo;&nbsp;y el ministro de de Seguridad, Eugenio Ag\u00fcero Gamboa;&nbsp;encabez\u00f3 este mi\u00e9rcoles la inauguraci\u00f3n del Instituto de Ense\u00f1anza Superior Penitenciario \u201cNuestra Se\u00f1ora del Carmen\u201d del Servicio Penitenciario de Tucum\u00e1n. Este nuevo espacio acad\u00e9mico tiene como objetivo la formaci\u00f3n de nuevos oficiales y agentes penitenciarios, &#8230; <a title=\"Inauguran el Instituto de Ense\u00f1anza Superior Penitenciario \u201cNuestra Se\u00f1ora del Carmen\u201d\" class=\"read-more\" href=\"https:\/\/des-tuc.infd.edu.ar\/sitio\/inauguran-el-instituto-de-ensenanza-superior-penitenciario-nuestra-senora-del-carmen\/\" aria-label=\"More on Inauguran el Instituto de Ense\u00f1anza Superior Penitenciario \u201cNuestra Se\u00f1ora del Carmen\u201d\">[+]<\/a><\/p>\n","protected":false},"author":543,"featured_media":10578,"comment_status":"closed","ping_status":"closed","sticky":false,"template":"","format":"standard","meta":[],"categories":[7,6],"tags":[],"acf":[],"_links":{"self":[{"href":"https:\/\/des-tuc.infd.edu.ar\/sitio\/wp-json\/wp\/v2\/posts\/10563"}],"collection":[{"href":"https:\/\/des-tuc.infd.edu.ar\/sitio\/wp-json\/wp\/v2\/posts"}],"about":[{"href":"https:\/\/des-tuc.infd.edu.ar\/sitio\/wp-json\/wp\/v2\/types\/post"}],"author":[{"embeddable":true,"href":"https:\/\/des-tuc.infd.edu.ar\/sitio\/wp-json\/wp\/v2\/users\/543"}],"replies":[{"embeddable":true,"href":"https:\/\/des-tuc.infd.edu.ar\/sitio\/wp-json\/wp\/v2\/comments?post=10563"}],"version-history":[{"count":1,"href":"https:\/\/des-tuc.infd.edu.ar\/sitio\/wp-json\/wp\/v2\/posts\/10563\/revisions"}],"predecessor-version":[{"id":10582,"href":"https:\/\/des-tuc.infd.edu.ar\/sitio\/wp-json\/wp\/v2\/posts\/10563\/revisions\/10582"}],"wp:featuredmedia":[{"embeddable":true,"href":"https:\/\/des-tuc.infd.edu.ar\/sitio\/wp-json\/wp\/v2\/media\/10578"}],"wp:attachment":[{"href":"https:\/\/des-tuc.infd.edu.ar\/sitio\/wp-json\/wp\/v2\/media?parent=10563"}],"wp:term":[{"taxonomy":"category","embeddable":true,"href":"https:\/\/des-tuc.infd.edu.ar\/sitio\/wp-json\/wp\/v2\/categories?post=10563"},{"taxonomy":"post_tag","embeddable":true,"href":"https:\/\/des-tuc.infd.edu.ar\/sitio\/wp-json\/wp\/v2\/tags?post=10563"}],"curies":[{"name":"wp","href":"https:\/\/api.w.org\/{rel}","templated":true}]}}