{"id":10557,"date":"2024-08-13T10:44:42","date_gmt":"2024-08-13T13:44:42","guid":{"rendered":"https:\/\/des-tuc.infd.edu.ar\/sitio\/?p=10557"},"modified":"2024-08-13T11:28:01","modified_gmt":"2024-08-13T14:28:01","slug":"tucuman-establece-lazos-educativos-con-la-universidad-de-jaume-de-castellon-espana","status":"publish","type":"post","link":"https:\/\/des-tuc.infd.edu.ar\/sitio\/tucuman-establece-lazos-educativos-con-la-universidad-de-jaume-de-castellon-espana\/","title":{"rendered":"Tucum\u00e1n establece lazos educativos con la Universidad de Jaume de Castell\u00f3n \u2013 Espa\u00f1a"},"content":{"rendered":"\n<p>La ministra de Educaci\u00f3n de Tucum\u00e1n,\u00a0<strong>Susana Montaldo<\/strong>, recibi\u00f3 en el despacho de Casa de Gobierno a la Dra.\u00a0<strong>Mar\u00eda Paola Ruiz Bernardo<\/strong>, profesora de la Universidad de Jaume de Castell\u00f3n, Espa\u00f1a. La reuni\u00f3n, que tuvo lugar en un ambiente de cordialidad y cooperaci\u00f3n, se centr\u00f3 en fortalecer los lazos de intercambio y colaboraci\u00f3n para contribuir en la mejora de la calidad educativa en la provincia. Del encuentro, tambi\u00e9n form\u00f3 parte la secretaria de Estado de Educaci\u00f3n,\u00a0<strong>Gabriela Gallardo<\/strong>; y la directora de Educaci\u00f3n Superior No Universitaria,\u00a0<strong>Silvina Fern\u00e1ndez<\/strong>.<\/p>\n\n\n\n<p><em>Mar\u00eda Paola Ruiz Bernardo, es Dra. en Educaci\u00f3n por la Universidad Jaume I de Castell\u00f3n. Se desempe\u00f1a como profesora en la Facultad de Ciencias Humanas y Sociales en el Departamento de Pedagog\u00eda y Did\u00e1ctica de las Ciencias Sociales de la Lengua y la Literatura, \u00e1rea: Did\u00e1ctica y Organizaci\u00f3n Escolar. Se especializa en el \u00e1rea de Educaci\u00f3n Inclusiva e Intercultural como tambi\u00e9n en lo referente a la Innovaci\u00f3n<br>Educativa y la Formaci\u00f3n Docente.&nbsp;<\/em><\/p>\n\n\n\n<p>Durante el encuentro, Montaldo expres\u00f3 su satisfacci\u00f3n por la posibilidad de trabajar conjuntamente en varias \u00e1reas, destacando la importancia de la colaboraci\u00f3n en el \u00e1mbito de la Educaci\u00f3n Superior: \u201cLa verdad que estamos muy contentos de ver la posibilidad de tener esta colaboraci\u00f3n entre la Universidad de Espa\u00f1a donde ella trabaja y nuestro ministerio en varios aspectos, pero fundamentalmente en el \u00e1rea de educaci\u00f3n superior. Quisi\u00e9ramos privilegiar el \u00e1rea de formaci\u00f3n docente, tanto en proyectos de educaci\u00f3n ambiental como del uso de nuevas tecnolog\u00edas para la educaci\u00f3n. As\u00ed que nos alegra mucho tener esta posibilidad de intercambio y de apoyo mutuo que seguramente nos va a permitir una mejor calidad educativa\u201d.<\/p>\n\n\n\n<p>Por su parte, la Dra. Ruiz Bernardo, destac\u00f3 el prop\u00f3sito de la visita: \u201cVengo como embajadora de mi universidad y en realidad la idea era intercambiar experiencias y tambi\u00e9n ver en qu\u00e9 punto podemos establecer algunas colaboraciones para la formaci\u00f3n, por ejemplo en el tema de competencias digitales o tambi\u00e9n formaci\u00f3n para la investigaci\u00f3n y relaci\u00f3n con el entorno para ver c\u00f3mo podemos colaborar tambi\u00e9n en la formaci\u00f3n de los docentes, establecer como una lluvia de ideas donde veamos puntos de encuentro\u201d, explic\u00f3 la especialista.<\/p>\n\n\n\n<figure class=\"wp-block-gallery has-nested-images columns-default is-cropped wp-block-gallery-1 is-layout-flex\">\n<figure class=\"wp-block-image size-large\"><img decoding=\"async\" loading=\"lazy\" width=\"1443\" height=\"1000\" data-id=\"10561\"  src=\"https:\/\/des-tuc.infd.edu.ar\/sitio\/wp-content\/uploads\/2024\/08\/WhatsApp-Image-2024-08-13-at-09.00.12.jpeg\" alt=\"\" class=\"wp-image-10561\" srcset=\"https:\/\/des-tuc.infd.edu.ar\/sitio\/wp-content\/uploads\/2024\/08\/WhatsApp-Image-2024-08-13-at-09.00.12.jpeg 1443w, https:\/\/des-tuc.infd.edu.ar\/sitio\/wp-content\/uploads\/2024\/08\/WhatsApp-Image-2024-08-13-at-09.00.12-1000x693.jpeg 1000w, https:\/\/des-tuc.infd.edu.ar\/sitio\/wp-content\/uploads\/2024\/08\/WhatsApp-Image-2024-08-13-at-09.00.12-768x532.jpeg 768w\" sizes=\"(max-width: 1443px) 100vw, 1443px\" \/><\/figure>\n\n\n\n<figure class=\"wp-block-image size-large\"><img decoding=\"async\" loading=\"lazy\" width=\"1432\" height=\"1006\" data-id=\"10560\"  src=\"https:\/\/des-tuc.infd.edu.ar\/sitio\/wp-content\/uploads\/2024\/08\/WhatsApp-Image-2024-08-13-at-09.00.12-2.jpeg\" alt=\"\" class=\"wp-image-10560\" srcset=\"https:\/\/des-tuc.infd.edu.ar\/sitio\/wp-content\/uploads\/2024\/08\/WhatsApp-Image-2024-08-13-at-09.00.12-2.jpeg 1432w, https:\/\/des-tuc.infd.edu.ar\/sitio\/wp-content\/uploads\/2024\/08\/WhatsApp-Image-2024-08-13-at-09.00.12-2-1000x703.jpeg 1000w, https:\/\/des-tuc.infd.edu.ar\/sitio\/wp-content\/uploads\/2024\/08\/WhatsApp-Image-2024-08-13-at-09.00.12-2-768x540.jpeg 768w\" sizes=\"(max-width: 1432px) 100vw, 1432px\" \/><\/figure>\n\n\n\n<figure class=\"wp-block-image size-large\"><img decoding=\"async\" loading=\"lazy\" width=\"1478\" height=\"963\" data-id=\"10558\"  src=\"https:\/\/des-tuc.infd.edu.ar\/sitio\/wp-content\/uploads\/2024\/08\/WhatsApp-Image-2024-08-13-at-09.00.12-1.jpeg\" alt=\"\" class=\"wp-image-10558\" srcset=\"https:\/\/des-tuc.infd.edu.ar\/sitio\/wp-content\/uploads\/2024\/08\/WhatsApp-Image-2024-08-13-at-09.00.12-1.jpeg 1478w, https:\/\/des-tuc.infd.edu.ar\/sitio\/wp-content\/uploads\/2024\/08\/WhatsApp-Image-2024-08-13-at-09.00.12-1-1000x652.jpeg 1000w, https:\/\/des-tuc.infd.edu.ar\/sitio\/wp-content\/uploads\/2024\/08\/WhatsApp-Image-2024-08-13-at-09.00.12-1-768x500.jpeg 768w\" sizes=\"(max-width: 1478px) 100vw, 1478px\" \/><\/figure>\n<\/figure>\n\n\n\n<p>Fuente: https:\/\/www.educaciontuc.gov.ar\/2024\/08\/13\/tucuman-establece-lazos-educativos-con-la-universidad-de-jaume-de-castellon-espana\/<a href=\"https:\/\/www.educaciontuc.gov.ar\/wp-content\/uploads\/2024\/08\/WhatsApp-Image-2024-08-13-at-09.00.11-768x524.jpeg\"><\/a><\/p>\n","protected":false},"excerpt":{"rendered":"<p>La ministra de Educaci\u00f3n de Tucum\u00e1n,\u00a0Susana Montaldo, recibi\u00f3 en el despacho de Casa de Gobierno a la Dra.\u00a0Mar\u00eda Paola Ruiz Bernardo, profesora de la Universidad de Jaume de Castell\u00f3n, Espa\u00f1a. La reuni\u00f3n, que tuvo lugar en un ambiente de cordialidad y cooperaci\u00f3n, se centr\u00f3 en fortalecer los lazos de intercambio y colaboraci\u00f3n para contribuir en &#8230; <a title=\"Tucum\u00e1n establece lazos educativos con la Universidad de Jaume de Castell\u00f3n \u2013 Espa\u00f1a\" class=\"read-more\" href=\"https:\/\/des-tuc.infd.edu.ar\/sitio\/tucuman-establece-lazos-educativos-con-la-universidad-de-jaume-de-castellon-espana\/\" aria-label=\"More on Tucum\u00e1n establece lazos educativos con la Universidad de Jaume de Castell\u00f3n \u2013 Espa\u00f1a\">[+]<\/a><\/p>\n","protected":false},"author":543,"featured_media":10560,"comment_status":"closed","ping_status":"closed","sticky":false,"template":"","format":"standard","meta":[],"categories":[7,6],"tags":[],"acf":[],"_links":{"self":[{"href":"https:\/\/des-tuc.infd.edu.ar\/sitio\/wp-json\/wp\/v2\/posts\/10557"}],"collection":[{"href":"https:\/\/des-tuc.infd.edu.ar\/sitio\/wp-json\/wp\/v2\/posts"}],"about":[{"href":"https:\/\/des-tuc.infd.edu.ar\/sitio\/wp-json\/wp\/v2\/types\/post"}],"author":[{"embeddable":true,"href":"https:\/\/des-tuc.infd.edu.ar\/sitio\/wp-json\/wp\/v2\/users\/543"}],"replies":[{"embeddable":true,"href":"https:\/\/des-tuc.infd.edu.ar\/sitio\/wp-json\/wp\/v2\/comments?post=10557"}],"version-history":[{"count":2,"href":"https:\/\/des-tuc.infd.edu.ar\/sitio\/wp-json\/wp\/v2\/posts\/10557\/revisions"}],"predecessor-version":[{"id":10583,"href":"https:\/\/des-tuc.infd.edu.ar\/sitio\/wp-json\/wp\/v2\/posts\/10557\/revisions\/10583"}],"wp:featuredmedia":[{"embeddable":true,"href":"https:\/\/des-tuc.infd.edu.ar\/sitio\/wp-json\/wp\/v2\/media\/10560"}],"wp:attachment":[{"href":"https:\/\/des-tuc.infd.edu.ar\/sitio\/wp-json\/wp\/v2\/media?parent=10557"}],"wp:term":[{"taxonomy":"category","embeddable":true,"href":"https:\/\/des-tuc.infd.edu.ar\/sitio\/wp-json\/wp\/v2\/categories?post=10557"},{"taxonomy":"post_tag","embeddable":true,"href":"https:\/\/des-tuc.infd.edu.ar\/sitio\/wp-json\/wp\/v2\/tags?post=10557"}],"curies":[{"name":"wp","href":"https:\/\/api.w.org\/{rel}","templated":true}]}}