{"id":10537,"date":"2024-08-13T10:42:14","date_gmt":"2024-08-13T13:42:14","guid":{"rendered":"https:\/\/des-tuc.infd.edu.ar\/sitio\/?p=10537"},"modified":"2024-08-13T10:42:15","modified_gmt":"2024-08-13T13:42:15","slug":"tucuman-avanza-con-los-preparativos-para-ser-sede-del-area-artistica-de-la-feria-nacional-de-ciencias","status":"publish","type":"post","link":"https:\/\/des-tuc.infd.edu.ar\/sitio\/tucuman-avanza-con-los-preparativos-para-ser-sede-del-area-artistica-de-la-feria-nacional-de-ciencias\/","title":{"rendered":"Tucum\u00e1n avanza con los preparativos para ser sede del \u00e1rea art\u00edstica de la Feria Nacional de Ciencias"},"content":{"rendered":"\n<p>La ministra de Educaci\u00f3n de Tucum\u00e1n,&nbsp;<strong>Susana Montaldo<\/strong>, recibi\u00f3 en Casa de Gobierno a&nbsp;<strong>Mauricio Terr\u00f3n Miguez<\/strong>, director nacional de Pol\u00edticas de Inclusi\u00f3n y Extensi\u00f3n Educativa de la Secretar\u00eda de Educaci\u00f3n del Ministerio de Capital Humano; y a&nbsp;<strong>Horacio Tignanelli<\/strong>, coordinador del \u00e1rea de Actividades Cient\u00edficas de la Secretar\u00eda de Educaci\u00f3n del Ministerio de Capital Humano, con el objetivo de avanzar en los preparativos de cara al desarrollo del \u00e1rea art\u00edstica de la Feria Nacional de Ciencias, los d\u00edas 25, 26 y 27 de septiembre en la provincia de Tucum\u00e1n.<\/p>\n\n\n\n<p>De la reuni\u00f3n preparatoria, tambi\u00e9n form\u00f3 parte la secretaria de Educaci\u00f3n,&nbsp;<strong>Gabriela Gallardo<\/strong>; la directora de Educaci\u00f3n Superior no Universitaria,&nbsp;<strong>Silvina Fern\u00e1ndez<\/strong>; miembros del Equipo Provincial de Feria de Ciencias, de la Subsecretar\u00eda de Deportes; y representantes de las carteras provinciales de Salud y Seguridad.<\/p>\n\n\n\n<p>Tras el encuentro, la ministra Susana Montaldo, expres\u00f3: \u201cEstamos muy contentos que hayan elegido la Provincia de Tucum\u00e1n para el lanzamiento de la Feria Nacional de Ciencias del \u00c1rea Art\u00edstica que tendr\u00e1 lugar el d\u00eda 25, 26 y 27 de septiembre, as\u00ed que han venido representantes de la Feria de Ciencias de Naci\u00f3n para acordar con nosotros c\u00f3mo va a ser esa agenda. As\u00ed que muy contentos con representantes tanto del Ministerio de Educaci\u00f3n como de Seguridad y de Salud porque, los 400 chicos que van a venir a presentar sus trabajos hay que cuidarlos en este evento que va a ser muy importante a nivel social y tambi\u00e9n, por supuesto, a nivel educativo que podamos ver todos los logros de los chicos a nivel pa\u00eds en el \u00e1rea art\u00edstica\u201d.<\/p>\n\n\n\n<p>A su turno, Mauricio Terr\u00f3n Miguez, director nacional de pol\u00edticas de inclusi\u00f3n y extensi\u00f3n educativa de la Secretar\u00eda de Educaci\u00f3n del Ministerio de Capital Humano, explic\u00f3: \u201cNosotros, con la ministra, hace varios meses que venimos trabajando, particularmente hoy nos convoca el proyecto de la Feria Nacional de Ciencias, que gracias al esfuerzo que estamos haciendo junto a la ministra Sandra Pettovello y al secretario de Educaci\u00f3n Carlos Torrendel, se decidi\u00f3 hacer las instancias de feria de ciencia nacional en varias fases. En este caso, esta fase va a ser ac\u00e1 en la provincia de Tucum\u00e1n, que es la primera. Eso implica un desarrollo donde hay much\u00edsimos actores involucrados, m\u00e1s all\u00e1 del Ministerio Provincial, del Ministerio Nacional, todas las \u00e1reas del sistema educativo. As\u00ed que esta fue una reuni\u00f3n estrictamente de trabajo operativa para poder tomar dimensi\u00f3n de todas las acciones que hay que desarrollar previos al evento que va a ser a finales de septiembre. Yo imagino que las expectativas son grandes de poder desarrollarlo ac\u00e1 en Tucum\u00e1n, de que sea justamente una etapa en la que van a participar tantas provincias y van a venir, por lo pronto, las 24 jurisdicciones, as\u00ed que eso pone a Tucum\u00e1n en un escenario muy interesante, de visibilidad, sobre todo. Y tambi\u00e9n pensando que el formato de la feria de ciencia en esta oportunidad ha cambiado\u201d.<\/p>\n\n\n\n<p>Adem\u00e1s, Terr\u00f3n Miguez, agreg\u00f3: \u201cEstamos haciendo una feria STEAM, eso implica cuatro \u00e1reas del conocimiento, de distinto saber, eso no tiene que ver con todas las ciencias, la tecnolog\u00eda, las matem\u00e1ticas y las artes. La de Tucum\u00e1n va a ser la de artes y tiene una historia cultural muy interesante, para poder mostrar y para poder poner el servicio de toda la Argentina. Es una feria, es una instancia nacional, as\u00ed que es la impronta que queremos darle. No solamente poder visibilizar a la provincia, sino tambi\u00e9n que el mundo pueda ver todo el potencial que tenemos ac\u00e1 en Argentina frente a esto\u201d.<\/p>\n\n\n\n<p>Luego, Horacio Tignanelli, coordinador del \u00e1rea de actividades cient\u00edficas de la Secretar\u00eda de Educaci\u00f3n del Ministerio de Capital Humano, cont\u00f3: \u201cEste a\u00f1o la Feria Nacional se divide en cuatro fases y una de ellas la primera que quiz\u00e1s nosotros consideramos que la m\u00e1s importante se hace en la provincia de Tucum\u00e1n en San Miguel y hay un equipo que ya est\u00e1 trabajando desde el Ministerio de Educaci\u00f3n y venimos a arreglar con todos ellos las caracter\u00edsticas propias del evento para que salga lo mejor posible. La Feria de Ciencia es un nombre gen\u00e9rico, la Feria de Ciencia no son solo de ciencias, son de todos los campos curriculares. A Tucum\u00e1n le toca la fase dedicada al arte, pero no solamente arte, es arte integrado con otras disciplinas, arte y matem\u00e1tica, arte y tecnolog\u00eda, arte tecnol\u00f3gico, arte y ciencias. Entonces, no son solamente trabajos art\u00edsticos, son trabajos art\u00edsticos, de arte, integrados con otras disciplinas, tal como se trabajaron en el aula. Y efectivamente mostrar ese aspecto es mostrar toda una cultura, no solamente de Tucum\u00e1n, sino de toda la jurisdicci\u00f3n\u201d.<\/p>\n\n\n\n<p>Luego, detall\u00f3 sobre los proyectos: \u201cAqu\u00ed vienen trabajos de todo el pa\u00eds, de todos los niveles educativos, inicial, primario, secundario y superior, y de todas las modalidades, educaci\u00f3n rural, educaci\u00f3n especial, educaci\u00f3n en contextos de encierro, educaci\u00f3n de j\u00f3venes y adultos, educaci\u00f3n t\u00e9cnica, todas las modalidades est\u00e1n representadas en la feria, educaci\u00f3n de intercultural biling\u00fce, o sea todos los pueblos originarios. Todos ellos, los trabajos de arte integrados con otros campos van a estar en Tucum\u00e1n\u201d.<\/p>\n\n\n\n<p>Finalmente, Silvina Fern\u00e1ndez, directora de Educaci\u00f3n Superior no Universitaria de la Provincia, sintetiz\u00f3: \u201cHoy estamos ac\u00e1 a Unidos armando lo que ser\u00eda, la Feria de Ciencia Nacional de Ciencias. En la mesa de trabajo en la que hoy nos encontramos est\u00e1n los referentes de naci\u00f3n que vienen a hacer el trabajo en conjunto con toda la comisi\u00f3n que la provincia ya organiz\u00f3. Desde que fue elegida la provincia, la ministra nos indic\u00f3 c\u00f3mo ir trabajando y por eso involucramos al Ministerio de Salud, el Ministerio de Seguridad de la Provincia, la Direcci\u00f3n de Deportes, Comunicaci\u00f3n. Es un trabajo muy grande el que implica la organizaci\u00f3n de una Feria de Ciencia Nacional. As\u00ed que todos involucrados para que sea un evento con \u00e9xito que salga todo bien\u201d.<\/p>\n\n\n\n<p><a href=\"https:\/\/www.educaciontuc.gov.ar\/wp-content\/uploads\/2024\/08\/Feria-Nacional-de-Ciencias-1-768x512.jpeg\"><\/a><\/p>\n\n\n\n<figure class=\"wp-block-gallery has-nested-images columns-default is-cropped wp-block-gallery-1 is-layout-flex\">\n<figure class=\"wp-block-image size-large\"><img decoding=\"async\" loading=\"lazy\" width=\"1900\" height=\"1266\" data-id=\"10550\"  src=\"https:\/\/des-tuc.infd.edu.ar\/sitio\/wp-content\/uploads\/2024\/08\/Feria-Nacional-de-Ciencias-2-1900x1266.jpeg\" alt=\"\" class=\"wp-image-10550\" srcset=\"https:\/\/des-tuc.infd.edu.ar\/sitio\/wp-content\/uploads\/2024\/08\/Feria-Nacional-de-Ciencias-2-1900x1266.jpeg 1900w, https:\/\/des-tuc.infd.edu.ar\/sitio\/wp-content\/uploads\/2024\/08\/Feria-Nacional-de-Ciencias-2-1000x666.jpeg 1000w, https:\/\/des-tuc.infd.edu.ar\/sitio\/wp-content\/uploads\/2024\/08\/Feria-Nacional-de-Ciencias-2-768x512.jpeg 768w, https:\/\/des-tuc.infd.edu.ar\/sitio\/wp-content\/uploads\/2024\/08\/Feria-Nacional-de-Ciencias-2-1536x1024.jpeg 1536w, https:\/\/des-tuc.infd.edu.ar\/sitio\/wp-content\/uploads\/2024\/08\/Feria-Nacional-de-Ciencias-2-2048x1365.jpeg 2048w\" sizes=\"(max-width: 1900px) 100vw, 1900px\" \/><\/figure>\n\n\n\n<figure class=\"wp-block-image size-large\"><img decoding=\"async\" loading=\"lazy\" width=\"1900\" height=\"1267\" data-id=\"10547\"  src=\"https:\/\/des-tuc.infd.edu.ar\/sitio\/wp-content\/uploads\/2024\/08\/Feria-Nacional-de-Ciencias-4-1900x1267.jpeg\" alt=\"\" class=\"wp-image-10547\" srcset=\"https:\/\/des-tuc.infd.edu.ar\/sitio\/wp-content\/uploads\/2024\/08\/Feria-Nacional-de-Ciencias-4-1900x1267.jpeg 1900w, https:\/\/des-tuc.infd.edu.ar\/sitio\/wp-content\/uploads\/2024\/08\/Feria-Nacional-de-Ciencias-4-1000x667.jpeg 1000w, https:\/\/des-tuc.infd.edu.ar\/sitio\/wp-content\/uploads\/2024\/08\/Feria-Nacional-de-Ciencias-4-768x512.jpeg 768w, https:\/\/des-tuc.infd.edu.ar\/sitio\/wp-content\/uploads\/2024\/08\/Feria-Nacional-de-Ciencias-4-1536x1024.jpeg 1536w, https:\/\/des-tuc.infd.edu.ar\/sitio\/wp-content\/uploads\/2024\/08\/Feria-Nacional-de-Ciencias-4-2048x1366.jpeg 2048w\" sizes=\"(max-width: 1900px) 100vw, 1900px\" \/><\/figure>\n\n\n\n<figure class=\"wp-block-image size-large\"><img decoding=\"async\" loading=\"lazy\" width=\"1900\" height=\"1266\" data-id=\"10551\"  src=\"https:\/\/des-tuc.infd.edu.ar\/sitio\/wp-content\/uploads\/2024\/08\/Feria-Nacional-de-Ciencias-5-1900x1266.jpeg\" alt=\"\" class=\"wp-image-10551\" srcset=\"https:\/\/des-tuc.infd.edu.ar\/sitio\/wp-content\/uploads\/2024\/08\/Feria-Nacional-de-Ciencias-5-1900x1266.jpeg 1900w, https:\/\/des-tuc.infd.edu.ar\/sitio\/wp-content\/uploads\/2024\/08\/Feria-Nacional-de-Ciencias-5-1000x666.jpeg 1000w, https:\/\/des-tuc.infd.edu.ar\/sitio\/wp-content\/uploads\/2024\/08\/Feria-Nacional-de-Ciencias-5-768x512.jpeg 768w, https:\/\/des-tuc.infd.edu.ar\/sitio\/wp-content\/uploads\/2024\/08\/Feria-Nacional-de-Ciencias-5-1536x1024.jpeg 1536w, https:\/\/des-tuc.infd.edu.ar\/sitio\/wp-content\/uploads\/2024\/08\/Feria-Nacional-de-Ciencias-5-2048x1365.jpeg 2048w\" sizes=\"(max-width: 1900px) 100vw, 1900px\" \/><\/figure>\n\n\n\n<figure class=\"wp-block-image size-large\"><img decoding=\"async\" loading=\"lazy\" width=\"1900\" height=\"1266\" data-id=\"10549\"  src=\"https:\/\/des-tuc.infd.edu.ar\/sitio\/wp-content\/uploads\/2024\/08\/Feria-Nacional-de-Ciencias-6-1900x1266.jpeg\" alt=\"\" class=\"wp-image-10549\" srcset=\"https:\/\/des-tuc.infd.edu.ar\/sitio\/wp-content\/uploads\/2024\/08\/Feria-Nacional-de-Ciencias-6-1900x1266.jpeg 1900w, https:\/\/des-tuc.infd.edu.ar\/sitio\/wp-content\/uploads\/2024\/08\/Feria-Nacional-de-Ciencias-6-1000x666.jpeg 1000w, https:\/\/des-tuc.infd.edu.ar\/sitio\/wp-content\/uploads\/2024\/08\/Feria-Nacional-de-Ciencias-6-768x512.jpeg 768w, https:\/\/des-tuc.infd.edu.ar\/sitio\/wp-content\/uploads\/2024\/08\/Feria-Nacional-de-Ciencias-6-1536x1024.jpeg 1536w, https:\/\/des-tuc.infd.edu.ar\/sitio\/wp-content\/uploads\/2024\/08\/Feria-Nacional-de-Ciencias-6-2048x1365.jpeg 2048w\" sizes=\"(max-width: 1900px) 100vw, 1900px\" \/><\/figure>\n\n\n\n<figure class=\"wp-block-image size-large\"><img decoding=\"async\" loading=\"lazy\" width=\"1900\" height=\"1266\" data-id=\"10553\"  src=\"https:\/\/des-tuc.infd.edu.ar\/sitio\/wp-content\/uploads\/2024\/08\/Feria-Nacional-de-Ciencias-7-1900x1266.jpeg\" alt=\"\" class=\"wp-image-10553\" srcset=\"https:\/\/des-tuc.infd.edu.ar\/sitio\/wp-content\/uploads\/2024\/08\/Feria-Nacional-de-Ciencias-7-1900x1266.jpeg 1900w, https:\/\/des-tuc.infd.edu.ar\/sitio\/wp-content\/uploads\/2024\/08\/Feria-Nacional-de-Ciencias-7-1000x666.jpeg 1000w, https:\/\/des-tuc.infd.edu.ar\/sitio\/wp-content\/uploads\/2024\/08\/Feria-Nacional-de-Ciencias-7-768x512.jpeg 768w, https:\/\/des-tuc.infd.edu.ar\/sitio\/wp-content\/uploads\/2024\/08\/Feria-Nacional-de-Ciencias-7-1536x1024.jpeg 1536w, https:\/\/des-tuc.infd.edu.ar\/sitio\/wp-content\/uploads\/2024\/08\/Feria-Nacional-de-Ciencias-7-2048x1365.jpeg 2048w\" sizes=\"(max-width: 1900px) 100vw, 1900px\" \/><\/figure>\n\n\n\n<figure class=\"wp-block-image size-large\"><img decoding=\"async\" loading=\"lazy\" width=\"1900\" height=\"1265\" data-id=\"10554\"  src=\"https:\/\/des-tuc.infd.edu.ar\/sitio\/wp-content\/uploads\/2024\/08\/Feria-Nacional-de-Ciencias-8-1900x1265.jpeg\" alt=\"\" class=\"wp-image-10554\" srcset=\"https:\/\/des-tuc.infd.edu.ar\/sitio\/wp-content\/uploads\/2024\/08\/Feria-Nacional-de-Ciencias-8-1900x1265.jpeg 1900w, https:\/\/des-tuc.infd.edu.ar\/sitio\/wp-content\/uploads\/2024\/08\/Feria-Nacional-de-Ciencias-8-1000x666.jpeg 1000w, https:\/\/des-tuc.infd.edu.ar\/sitio\/wp-content\/uploads\/2024\/08\/Feria-Nacional-de-Ciencias-8-768x512.jpeg 768w, https:\/\/des-tuc.infd.edu.ar\/sitio\/wp-content\/uploads\/2024\/08\/Feria-Nacional-de-Ciencias-8-1536x1023.jpeg 1536w, https:\/\/des-tuc.infd.edu.ar\/sitio\/wp-content\/uploads\/2024\/08\/Feria-Nacional-de-Ciencias-8-2048x1364.jpeg 2048w\" sizes=\"(max-width: 1900px) 100vw, 1900px\" \/><\/figure>\n\n\n\n<figure class=\"wp-block-image size-large\"><img decoding=\"async\" loading=\"lazy\" width=\"1900\" height=\"1267\" data-id=\"10555\"  src=\"https:\/\/des-tuc.infd.edu.ar\/sitio\/wp-content\/uploads\/2024\/08\/Feria-Nacional-de-Ciencias-9-1900x1267.jpeg\" alt=\"\" class=\"wp-image-10555\" srcset=\"https:\/\/des-tuc.infd.edu.ar\/sitio\/wp-content\/uploads\/2024\/08\/Feria-Nacional-de-Ciencias-9-1900x1267.jpeg 1900w, https:\/\/des-tuc.infd.edu.ar\/sitio\/wp-content\/uploads\/2024\/08\/Feria-Nacional-de-Ciencias-9-1000x667.jpeg 1000w, https:\/\/des-tuc.infd.edu.ar\/sitio\/wp-content\/uploads\/2024\/08\/Feria-Nacional-de-Ciencias-9-768x512.jpeg 768w, https:\/\/des-tuc.infd.edu.ar\/sitio\/wp-content\/uploads\/2024\/08\/Feria-Nacional-de-Ciencias-9-1536x1024.jpeg 1536w, https:\/\/des-tuc.infd.edu.ar\/sitio\/wp-content\/uploads\/2024\/08\/Feria-Nacional-de-Ciencias-9-2048x1366.jpeg 2048w\" sizes=\"(max-width: 1900px) 100vw, 1900px\" \/><\/figure>\n<\/figure>\n\n\n\n<p>Fuente: https:\/\/www.educaciontuc.gov.ar\/2024\/08\/12\/tucuman-avanza-con-los-preparativos-para-ser-sede-del-area-artistica-de-la-feria-nacional-de-ciencias\/<\/p>\n","protected":false},"excerpt":{"rendered":"<p>La ministra de Educaci\u00f3n de Tucum\u00e1n,&nbsp;Susana Montaldo, recibi\u00f3 en Casa de Gobierno a&nbsp;Mauricio Terr\u00f3n Miguez, director nacional de Pol\u00edticas de Inclusi\u00f3n y Extensi\u00f3n Educativa de la Secretar\u00eda de Educaci\u00f3n del Ministerio de Capital Humano; y a&nbsp;Horacio Tignanelli, coordinador del \u00e1rea de Actividades Cient\u00edficas de la Secretar\u00eda de Educaci\u00f3n del Ministerio de Capital Humano, con el &#8230; <a title=\"Tucum\u00e1n avanza con los preparativos para ser sede del \u00e1rea art\u00edstica de la Feria Nacional de Ciencias\" class=\"read-more\" href=\"https:\/\/des-tuc.infd.edu.ar\/sitio\/tucuman-avanza-con-los-preparativos-para-ser-sede-del-area-artistica-de-la-feria-nacional-de-ciencias\/\" aria-label=\"More on Tucum\u00e1n avanza con los preparativos para ser sede del \u00e1rea art\u00edstica de la Feria Nacional de Ciencias\">[+]<\/a><\/p>\n","protected":false},"author":543,"featured_media":10554,"comment_status":"closed","ping_status":"closed","sticky":false,"template":"","format":"standard","meta":[],"categories":[7,6],"tags":[],"acf":[],"_links":{"self":[{"href":"https:\/\/des-tuc.infd.edu.ar\/sitio\/wp-json\/wp\/v2\/posts\/10537"}],"collection":[{"href":"https:\/\/des-tuc.infd.edu.ar\/sitio\/wp-json\/wp\/v2\/posts"}],"about":[{"href":"https:\/\/des-tuc.infd.edu.ar\/sitio\/wp-json\/wp\/v2\/types\/post"}],"author":[{"embeddable":true,"href":"https:\/\/des-tuc.infd.edu.ar\/sitio\/wp-json\/wp\/v2\/users\/543"}],"replies":[{"embeddable":true,"href":"https:\/\/des-tuc.infd.edu.ar\/sitio\/wp-json\/wp\/v2\/comments?post=10537"}],"version-history":[{"count":1,"href":"https:\/\/des-tuc.infd.edu.ar\/sitio\/wp-json\/wp\/v2\/posts\/10537\/revisions"}],"predecessor-version":[{"id":10556,"href":"https:\/\/des-tuc.infd.edu.ar\/sitio\/wp-json\/wp\/v2\/posts\/10537\/revisions\/10556"}],"wp:featuredmedia":[{"embeddable":true,"href":"https:\/\/des-tuc.infd.edu.ar\/sitio\/wp-json\/wp\/v2\/media\/10554"}],"wp:attachment":[{"href":"https:\/\/des-tuc.infd.edu.ar\/sitio\/wp-json\/wp\/v2\/media?parent=10537"}],"wp:term":[{"taxonomy":"category","embeddable":true,"href":"https:\/\/des-tuc.infd.edu.ar\/sitio\/wp-json\/wp\/v2\/categories?post=10537"},{"taxonomy":"post_tag","embeddable":true,"href":"https:\/\/des-tuc.infd.edu.ar\/sitio\/wp-json\/wp\/v2\/tags?post=10537"}],"curies":[{"name":"wp","href":"https:\/\/api.w.org\/{rel}","templated":true}]}}