{"id":10512,"date":"2024-08-13T10:35:55","date_gmt":"2024-08-13T13:35:55","guid":{"rendered":"https:\/\/des-tuc.infd.edu.ar\/sitio\/?p=10512"},"modified":"2024-08-13T11:28:37","modified_gmt":"2024-08-13T14:28:37","slug":"estudiantes-de-la-capital-exhibieron-sus-proyectos-de-indagacion-escolar-en-el-ciidept","status":"publish","type":"post","link":"https:\/\/des-tuc.infd.edu.ar\/sitio\/estudiantes-de-la-capital-exhibieron-sus-proyectos-de-indagacion-escolar-en-el-ciidept\/","title":{"rendered":"Estudiantes de la Capital exhibieron sus proyectos de indagaci\u00f3n escolar en el CIIDEPT"},"content":{"rendered":"\n<p>La ministra de Educaci\u00f3n,&nbsp;<strong>Susana Montaldo<\/strong>, visit\u00f3 el CIIDEPT para acompa\u00f1ar a estudiantes de la Capital en la Instancia Provincial de la Feria de Ciencias, en donde se presentaron 51 proyectos de instituciones p\u00fablicas y privadas, de todos los niveles y modalidades del Sistema Educativo.<\/p>\n\n\n\n<p>Los proyectos destacados formar\u00e1n parte de la Instancia Nacional, dependiente de la Secretar\u00eda de Educaci\u00f3n del Ministerio de Capital Humano del Gobierno de la Naci\u00f3n. Cabe destacar que el \u00e1rea Art\u00edstica tendr\u00e1 como sede de la instancia nacional a la provincia de Tucum\u00e1n en el mes de septiembre.<\/p>\n\n\n\n<p>Acompa\u00f1aron la secretaria de Educaci\u00f3n,\u00a0<strong>Gabriela Gallardo<\/strong>; la directora de Educaci\u00f3n Inicial,\u00a0<strong>Cecilia Guill\u00e9n<\/strong>; la directora de Educaci\u00f3n Superior No Universitaria,\u00a0<strong>Silvina Fern\u00e1ndez<\/strong>; y la directora de Educaci\u00f3n de J\u00f3venes y Adultos,\u00a0<strong>Dora Villagra<\/strong>. \u00a0<\/p>\n\n\n\n<p>\u201cEsto, adem\u00e1s de desarrollar la inteligencia y el conocimiento, los alumnos tambi\u00e9n desarrollan la creatividad y la cooperaci\u00f3n porque siempre elaboran en equipo. Adem\u00e1s, todos los niveles hay stands de nivel inicial en todas las \u00e1reas Ciencias Sociales, Naturales, Tecnolog\u00eda y Matem\u00e1ticas. Hay mucho trabajo, estoy sorprendida de todo lo que son capaces de elaborar\u201d, consider\u00f3 la ministra.<\/p>\n\n\n\n<p>Adem\u00e1s, la titular de la cartera educativa anunci\u00f3: \u201cen el mes de septiembre, la Feria Nacional de Ciencias del \u00e1rea art\u00edstica se har\u00e1 en Tucum\u00e1n. Van a venir m\u00e1s de 500 chicos a mostrar lo que hacen con conocimiento y creatividad. Hoy vendr\u00e1n autoridades de la Naci\u00f3n para terminar de programar para que seamos sede de este evento tan importante, estamos orgullosos\u201d.<\/p>\n\n\n\n<p>A su turno, Norma Broggi, referente del programa de Feria de Ciencias, destac\u00f3 \u201cquedan tres encuentros m\u00e1s que ser\u00e1n en Taf\u00ed Viejo, Aguilares y Simoca. Hasta fines de agosto vamos a estar transitando la provincia con esta instancia. Y posteriormente viene la instancia nacional que se va a dividir tambi\u00e9n en cuatro etapas, una que va a abarcar el foco de Matem\u00e1ticas, otro de Artes, otro de Tecnolog\u00eda y otro de Ciencias\u201d.<\/p>\n\n\n\n<p>\u201cTrabajar en este programa implica sostener una l\u00ednea de trabajo que nace en el aula, que representa un gran trabajo por parte de los docentes, de las familias, de los estudiantes y que convoca a trabajar en equipo pensando en la educaci\u00f3n con temas de agenda local, global y que nos vincula con la idea de que en la escuela se cocina la esperanza de un mundo mejor\u201d, cerr\u00f3 Broggi.<\/p>\n\n\n\n<p>Leah Guzm\u00e1n Perelmuter y Constanza Delgadillo, alumnas del Instituto Carlos Pellegrini, contaron sobre su trabajo de indagaci\u00f3n: \u201cestamos presentando nuestro proyecto sobre Inteligencia Artificial, comparando dos inteligencias artificiales mundialmente famosas que son Chat GPT y G\u00e9mini. Esto es una continuidad del a\u00f1o pasado, ya que hab\u00edamos comenzado con el chatbot Chat GPT y ahora nos damos cuenta de que son multimodos, captan im\u00e1genes, lenguaje y puede hacer cualquier cosa; G\u00e9mini hace lo mismo, entonces las pudimos comparar. Me gustan las Ferias de Ciencias para poder transmitir lo que aprendimos nosotros\u201d.<\/p>\n\n\n\n<p>Por \u00faltimo, Isa\u00edas Lazarte, alumno de la Escuela Campo de las Carreras, cont\u00f3 \u201cvine con mis padres, mi se\u00f1o y mis compa\u00f1eros expositores. Nuestro proyecto se trata de la escala del PH en nuestro cuerpo, medimos lo \u00e1cido y lo alcalino. Despu\u00e9s de tanto esfuerzo y estudio y gracias a nuestra se\u00f1o tenemos una gran oportunidad, y es un orgullo haber venido a este d\u00eda a Feria de Ciencias. Particip\u00e9 muchas veces y esta vez pasamos a instancia provincial. Espero estudiar y seguir ganando\u201d.<\/p>\n\n\n\n<p>Fuente: https:\/\/www.educaciontuc.gov.ar\/2024\/08\/08\/estudiantes-de-la-capital-exhibieron-sus-proyectos-de-indagacion-escolar-en-el-ciidept\/<\/p>\n\n\n\n<figure class=\"wp-block-gallery has-nested-images columns-default is-cropped wp-block-gallery-1 is-layout-flex\">\n<figure class=\"wp-block-image size-large\"><img decoding=\"async\" loading=\"lazy\" width=\"1900\" height=\"1266\" data-id=\"10515\"  src=\"https:\/\/des-tuc.infd.edu.ar\/sitio\/wp-content\/uploads\/2024\/08\/Feria-de-Cs-CIIDEPT-22-1900x1266.jpeg\" alt=\"\" class=\"wp-image-10515\" srcset=\"https:\/\/des-tuc.infd.edu.ar\/sitio\/wp-content\/uploads\/2024\/08\/Feria-de-Cs-CIIDEPT-22-1900x1266.jpeg 1900w, https:\/\/des-tuc.infd.edu.ar\/sitio\/wp-content\/uploads\/2024\/08\/Feria-de-Cs-CIIDEPT-22-1000x666.jpeg 1000w, https:\/\/des-tuc.infd.edu.ar\/sitio\/wp-content\/uploads\/2024\/08\/Feria-de-Cs-CIIDEPT-22-768x512.jpeg 768w, https:\/\/des-tuc.infd.edu.ar\/sitio\/wp-content\/uploads\/2024\/08\/Feria-de-Cs-CIIDEPT-22-1536x1024.jpeg 1536w, https:\/\/des-tuc.infd.edu.ar\/sitio\/wp-content\/uploads\/2024\/08\/Feria-de-Cs-CIIDEPT-22-2048x1365.jpeg 2048w\" sizes=\"(max-width: 1900px) 100vw, 1900px\" \/><\/figure>\n\n\n\n<figure class=\"wp-block-image size-large\"><img decoding=\"async\" loading=\"lazy\" width=\"1900\" height=\"1266\" data-id=\"10516\"  src=\"https:\/\/des-tuc.infd.edu.ar\/sitio\/wp-content\/uploads\/2024\/08\/Feria-de-Cs-CIIDEPT-21-1900x1266.jpeg\" alt=\"\" class=\"wp-image-10516\" srcset=\"https:\/\/des-tuc.infd.edu.ar\/sitio\/wp-content\/uploads\/2024\/08\/Feria-de-Cs-CIIDEPT-21-1900x1266.jpeg 1900w, https:\/\/des-tuc.infd.edu.ar\/sitio\/wp-content\/uploads\/2024\/08\/Feria-de-Cs-CIIDEPT-21-1000x666.jpeg 1000w, https:\/\/des-tuc.infd.edu.ar\/sitio\/wp-content\/uploads\/2024\/08\/Feria-de-Cs-CIIDEPT-21-768x512.jpeg 768w, https:\/\/des-tuc.infd.edu.ar\/sitio\/wp-content\/uploads\/2024\/08\/Feria-de-Cs-CIIDEPT-21-1536x1024.jpeg 1536w, https:\/\/des-tuc.infd.edu.ar\/sitio\/wp-content\/uploads\/2024\/08\/Feria-de-Cs-CIIDEPT-21-2048x1365.jpeg 2048w\" sizes=\"(max-width: 1900px) 100vw, 1900px\" \/><\/figure>\n\n\n\n<figure class=\"wp-block-image size-large\"><img decoding=\"async\" loading=\"lazy\" width=\"1900\" height=\"1266\" data-id=\"10518\"  src=\"https:\/\/des-tuc.infd.edu.ar\/sitio\/wp-content\/uploads\/2024\/08\/Feria-de-Cs-CIIDEPT-20-1900x1266.jpeg\" alt=\"\" class=\"wp-image-10518\" srcset=\"https:\/\/des-tuc.infd.edu.ar\/sitio\/wp-content\/uploads\/2024\/08\/Feria-de-Cs-CIIDEPT-20-1900x1266.jpeg 1900w, https:\/\/des-tuc.infd.edu.ar\/sitio\/wp-content\/uploads\/2024\/08\/Feria-de-Cs-CIIDEPT-20-1000x666.jpeg 1000w, https:\/\/des-tuc.infd.edu.ar\/sitio\/wp-content\/uploads\/2024\/08\/Feria-de-Cs-CIIDEPT-20-768x512.jpeg 768w, https:\/\/des-tuc.infd.edu.ar\/sitio\/wp-content\/uploads\/2024\/08\/Feria-de-Cs-CIIDEPT-20-1536x1024.jpeg 1536w, https:\/\/des-tuc.infd.edu.ar\/sitio\/wp-content\/uploads\/2024\/08\/Feria-de-Cs-CIIDEPT-20-2048x1365.jpeg 2048w\" sizes=\"(max-width: 1900px) 100vw, 1900px\" \/><\/figure>\n\n\n\n<figure class=\"wp-block-image size-large\"><img decoding=\"async\" loading=\"lazy\" width=\"1900\" height=\"1266\" data-id=\"10514\"  src=\"https:\/\/des-tuc.infd.edu.ar\/sitio\/wp-content\/uploads\/2024\/08\/Feria-de-Cs-CIIDEPT-19-1900x1266.jpeg\" alt=\"\" class=\"wp-image-10514\" srcset=\"https:\/\/des-tuc.infd.edu.ar\/sitio\/wp-content\/uploads\/2024\/08\/Feria-de-Cs-CIIDEPT-19-1900x1266.jpeg 1900w, https:\/\/des-tuc.infd.edu.ar\/sitio\/wp-content\/uploads\/2024\/08\/Feria-de-Cs-CIIDEPT-19-1000x666.jpeg 1000w, https:\/\/des-tuc.infd.edu.ar\/sitio\/wp-content\/uploads\/2024\/08\/Feria-de-Cs-CIIDEPT-19-768x512.jpeg 768w, https:\/\/des-tuc.infd.edu.ar\/sitio\/wp-content\/uploads\/2024\/08\/Feria-de-Cs-CIIDEPT-19-1536x1024.jpeg 1536w, https:\/\/des-tuc.infd.edu.ar\/sitio\/wp-content\/uploads\/2024\/08\/Feria-de-Cs-CIIDEPT-19-2048x1365.jpeg 2048w\" sizes=\"(max-width: 1900px) 100vw, 1900px\" \/><\/figure>\n\n\n\n<figure class=\"wp-block-image size-large\"><img decoding=\"async\" loading=\"lazy\" width=\"1900\" height=\"1266\" data-id=\"10517\"  src=\"https:\/\/des-tuc.infd.edu.ar\/sitio\/wp-content\/uploads\/2024\/08\/Feria-de-Cs-CIIDEPT-18-1900x1266.jpeg\" alt=\"\" class=\"wp-image-10517\" srcset=\"https:\/\/des-tuc.infd.edu.ar\/sitio\/wp-content\/uploads\/2024\/08\/Feria-de-Cs-CIIDEPT-18-1900x1266.jpeg 1900w, https:\/\/des-tuc.infd.edu.ar\/sitio\/wp-content\/uploads\/2024\/08\/Feria-de-Cs-CIIDEPT-18-1000x666.jpeg 1000w, https:\/\/des-tuc.infd.edu.ar\/sitio\/wp-content\/uploads\/2024\/08\/Feria-de-Cs-CIIDEPT-18-768x512.jpeg 768w, https:\/\/des-tuc.infd.edu.ar\/sitio\/wp-content\/uploads\/2024\/08\/Feria-de-Cs-CIIDEPT-18-1536x1024.jpeg 1536w, https:\/\/des-tuc.infd.edu.ar\/sitio\/wp-content\/uploads\/2024\/08\/Feria-de-Cs-CIIDEPT-18-2048x1365.jpeg 2048w\" sizes=\"(max-width: 1900px) 100vw, 1900px\" \/><\/figure>\n\n\n\n<figure class=\"wp-block-image size-large\"><img decoding=\"async\" loading=\"lazy\" width=\"1900\" height=\"1266\" data-id=\"10513\"  src=\"https:\/\/des-tuc.infd.edu.ar\/sitio\/wp-content\/uploads\/2024\/08\/Feria-de-Cs-CIIDEPT-17-1900x1266.jpeg\" alt=\"\" class=\"wp-image-10513\" srcset=\"https:\/\/des-tuc.infd.edu.ar\/sitio\/wp-content\/uploads\/2024\/08\/Feria-de-Cs-CIIDEPT-17-1900x1266.jpeg 1900w, https:\/\/des-tuc.infd.edu.ar\/sitio\/wp-content\/uploads\/2024\/08\/Feria-de-Cs-CIIDEPT-17-1000x666.jpeg 1000w, https:\/\/des-tuc.infd.edu.ar\/sitio\/wp-content\/uploads\/2024\/08\/Feria-de-Cs-CIIDEPT-17-768x512.jpeg 768w, https:\/\/des-tuc.infd.edu.ar\/sitio\/wp-content\/uploads\/2024\/08\/Feria-de-Cs-CIIDEPT-17-1536x1024.jpeg 1536w, https:\/\/des-tuc.infd.edu.ar\/sitio\/wp-content\/uploads\/2024\/08\/Feria-de-Cs-CIIDEPT-17-2048x1365.jpeg 2048w\" sizes=\"(max-width: 1900px) 100vw, 1900px\" \/><\/figure>\n\n\n\n<figure class=\"wp-block-image size-large\"><img decoding=\"async\" loading=\"lazy\" width=\"1900\" height=\"1266\" data-id=\"10519\"  src=\"https:\/\/des-tuc.infd.edu.ar\/sitio\/wp-content\/uploads\/2024\/08\/Feria-de-Cs-CIIDEPT-16-1900x1266.jpeg\" alt=\"\" class=\"wp-image-10519\" srcset=\"https:\/\/des-tuc.infd.edu.ar\/sitio\/wp-content\/uploads\/2024\/08\/Feria-de-Cs-CIIDEPT-16-1900x1266.jpeg 1900w, https:\/\/des-tuc.infd.edu.ar\/sitio\/wp-content\/uploads\/2024\/08\/Feria-de-Cs-CIIDEPT-16-1000x666.jpeg 1000w, https:\/\/des-tuc.infd.edu.ar\/sitio\/wp-content\/uploads\/2024\/08\/Feria-de-Cs-CIIDEPT-16-768x512.jpeg 768w, https:\/\/des-tuc.infd.edu.ar\/sitio\/wp-content\/uploads\/2024\/08\/Feria-de-Cs-CIIDEPT-16-1536x1024.jpeg 1536w, https:\/\/des-tuc.infd.edu.ar\/sitio\/wp-content\/uploads\/2024\/08\/Feria-de-Cs-CIIDEPT-16-2048x1365.jpeg 2048w\" sizes=\"(max-width: 1900px) 100vw, 1900px\" \/><\/figure>\n\n\n\n<figure class=\"wp-block-image size-large\"><img decoding=\"async\" loading=\"lazy\" width=\"1900\" height=\"1266\" data-id=\"10520\"  src=\"https:\/\/des-tuc.infd.edu.ar\/sitio\/wp-content\/uploads\/2024\/08\/Feria-de-Cs-CIIDEPT-15-1900x1266.jpeg\" alt=\"\" class=\"wp-image-10520\" srcset=\"https:\/\/des-tuc.infd.edu.ar\/sitio\/wp-content\/uploads\/2024\/08\/Feria-de-Cs-CIIDEPT-15-1900x1266.jpeg 1900w, https:\/\/des-tuc.infd.edu.ar\/sitio\/wp-content\/uploads\/2024\/08\/Feria-de-Cs-CIIDEPT-15-1000x666.jpeg 1000w, https:\/\/des-tuc.infd.edu.ar\/sitio\/wp-content\/uploads\/2024\/08\/Feria-de-Cs-CIIDEPT-15-768x512.jpeg 768w, https:\/\/des-tuc.infd.edu.ar\/sitio\/wp-content\/uploads\/2024\/08\/Feria-de-Cs-CIIDEPT-15-1536x1024.jpeg 1536w, https:\/\/des-tuc.infd.edu.ar\/sitio\/wp-content\/uploads\/2024\/08\/Feria-de-Cs-CIIDEPT-15-2048x1365.jpeg 2048w\" sizes=\"(max-width: 1900px) 100vw, 1900px\" \/><\/figure>\n\n\n\n<figure class=\"wp-block-image size-large\"><img decoding=\"async\" loading=\"lazy\" width=\"1900\" height=\"1266\" data-id=\"10524\"  src=\"https:\/\/des-tuc.infd.edu.ar\/sitio\/wp-content\/uploads\/2024\/08\/Feria-de-Cs-CIIDEPT-14-1900x1266.jpeg\" alt=\"\" class=\"wp-image-10524\" srcset=\"https:\/\/des-tuc.infd.edu.ar\/sitio\/wp-content\/uploads\/2024\/08\/Feria-de-Cs-CIIDEPT-14-1900x1266.jpeg 1900w, https:\/\/des-tuc.infd.edu.ar\/sitio\/wp-content\/uploads\/2024\/08\/Feria-de-Cs-CIIDEPT-14-1000x666.jpeg 1000w, https:\/\/des-tuc.infd.edu.ar\/sitio\/wp-content\/uploads\/2024\/08\/Feria-de-Cs-CIIDEPT-14-768x512.jpeg 768w, https:\/\/des-tuc.infd.edu.ar\/sitio\/wp-content\/uploads\/2024\/08\/Feria-de-Cs-CIIDEPT-14-1536x1024.jpeg 1536w, https:\/\/des-tuc.infd.edu.ar\/sitio\/wp-content\/uploads\/2024\/08\/Feria-de-Cs-CIIDEPT-14-2048x1365.jpeg 2048w\" sizes=\"(max-width: 1900px) 100vw, 1900px\" \/><\/figure>\n\n\n\n<figure class=\"wp-block-image size-large\"><img decoding=\"async\" loading=\"lazy\" width=\"1900\" height=\"1266\" data-id=\"10521\"  src=\"https:\/\/des-tuc.infd.edu.ar\/sitio\/wp-content\/uploads\/2024\/08\/Feria-de-Cs-CIIDEPT-13-1900x1266.jpeg\" alt=\"\" class=\"wp-image-10521\" srcset=\"https:\/\/des-tuc.infd.edu.ar\/sitio\/wp-content\/uploads\/2024\/08\/Feria-de-Cs-CIIDEPT-13-1900x1266.jpeg 1900w, https:\/\/des-tuc.infd.edu.ar\/sitio\/wp-content\/uploads\/2024\/08\/Feria-de-Cs-CIIDEPT-13-1000x666.jpeg 1000w, https:\/\/des-tuc.infd.edu.ar\/sitio\/wp-content\/uploads\/2024\/08\/Feria-de-Cs-CIIDEPT-13-768x512.jpeg 768w, https:\/\/des-tuc.infd.edu.ar\/sitio\/wp-content\/uploads\/2024\/08\/Feria-de-Cs-CIIDEPT-13-1536x1024.jpeg 1536w, https:\/\/des-tuc.infd.edu.ar\/sitio\/wp-content\/uploads\/2024\/08\/Feria-de-Cs-CIIDEPT-13-2048x1365.jpeg 2048w\" sizes=\"(max-width: 1900px) 100vw, 1900px\" \/><\/figure>\n\n\n\n<figure class=\"wp-block-image size-large\"><img decoding=\"async\" loading=\"lazy\" width=\"1900\" height=\"1266\" data-id=\"10522\"  src=\"https:\/\/des-tuc.infd.edu.ar\/sitio\/wp-content\/uploads\/2024\/08\/Feria-de-Cs-CIIDEPT-12-1900x1266.jpeg\" alt=\"\" class=\"wp-image-10522\" srcset=\"https:\/\/des-tuc.infd.edu.ar\/sitio\/wp-content\/uploads\/2024\/08\/Feria-de-Cs-CIIDEPT-12-1900x1266.jpeg 1900w, https:\/\/des-tuc.infd.edu.ar\/sitio\/wp-content\/uploads\/2024\/08\/Feria-de-Cs-CIIDEPT-12-1000x666.jpeg 1000w, https:\/\/des-tuc.infd.edu.ar\/sitio\/wp-content\/uploads\/2024\/08\/Feria-de-Cs-CIIDEPT-12-768x512.jpeg 768w, https:\/\/des-tuc.infd.edu.ar\/sitio\/wp-content\/uploads\/2024\/08\/Feria-de-Cs-CIIDEPT-12-1536x1024.jpeg 1536w, https:\/\/des-tuc.infd.edu.ar\/sitio\/wp-content\/uploads\/2024\/08\/Feria-de-Cs-CIIDEPT-12-2048x1365.jpeg 2048w\" sizes=\"(max-width: 1900px) 100vw, 1900px\" \/><\/figure>\n\n\n\n<figure class=\"wp-block-image size-large\"><img decoding=\"async\" loading=\"lazy\" width=\"1900\" height=\"1266\" data-id=\"10523\"  src=\"https:\/\/des-tuc.infd.edu.ar\/sitio\/wp-content\/uploads\/2024\/08\/Feria-de-Cs-CIIDEPT-11-1900x1266.jpeg\" alt=\"\" class=\"wp-image-10523\" srcset=\"https:\/\/des-tuc.infd.edu.ar\/sitio\/wp-content\/uploads\/2024\/08\/Feria-de-Cs-CIIDEPT-11-1900x1266.jpeg 1900w, https:\/\/des-tuc.infd.edu.ar\/sitio\/wp-content\/uploads\/2024\/08\/Feria-de-Cs-CIIDEPT-11-1000x666.jpeg 1000w, https:\/\/des-tuc.infd.edu.ar\/sitio\/wp-content\/uploads\/2024\/08\/Feria-de-Cs-CIIDEPT-11-768x512.jpeg 768w, https:\/\/des-tuc.infd.edu.ar\/sitio\/wp-content\/uploads\/2024\/08\/Feria-de-Cs-CIIDEPT-11-1536x1024.jpeg 1536w, https:\/\/des-tuc.infd.edu.ar\/sitio\/wp-content\/uploads\/2024\/08\/Feria-de-Cs-CIIDEPT-11-2048x1365.jpeg 2048w\" sizes=\"(max-width: 1900px) 100vw, 1900px\" \/><\/figure>\n\n\n\n<figure class=\"wp-block-image size-large\"><img decoding=\"async\" loading=\"lazy\" width=\"1900\" height=\"1266\" data-id=\"10525\"  src=\"https:\/\/des-tuc.infd.edu.ar\/sitio\/wp-content\/uploads\/2024\/08\/Feria-de-Cs-CIIDEPT-10-1900x1266.jpeg\" alt=\"\" class=\"wp-image-10525\" srcset=\"https:\/\/des-tuc.infd.edu.ar\/sitio\/wp-content\/uploads\/2024\/08\/Feria-de-Cs-CIIDEPT-10-1900x1266.jpeg 1900w, https:\/\/des-tuc.infd.edu.ar\/sitio\/wp-content\/uploads\/2024\/08\/Feria-de-Cs-CIIDEPT-10-1000x666.jpeg 1000w, https:\/\/des-tuc.infd.edu.ar\/sitio\/wp-content\/uploads\/2024\/08\/Feria-de-Cs-CIIDEPT-10-768x512.jpeg 768w, https:\/\/des-tuc.infd.edu.ar\/sitio\/wp-content\/uploads\/2024\/08\/Feria-de-Cs-CIIDEPT-10-1536x1024.jpeg 1536w, https:\/\/des-tuc.infd.edu.ar\/sitio\/wp-content\/uploads\/2024\/08\/Feria-de-Cs-CIIDEPT-10-2048x1365.jpeg 2048w\" sizes=\"(max-width: 1900px) 100vw, 1900px\" \/><\/figure>\n\n\n\n<figure class=\"wp-block-image size-large\"><img decoding=\"async\" loading=\"lazy\" width=\"1900\" height=\"1266\" data-id=\"10526\"  src=\"https:\/\/des-tuc.infd.edu.ar\/sitio\/wp-content\/uploads\/2024\/08\/Feria-de-Cs-CIIDEPT-9-1900x1266.jpeg\" alt=\"\" class=\"wp-image-10526\" srcset=\"https:\/\/des-tuc.infd.edu.ar\/sitio\/wp-content\/uploads\/2024\/08\/Feria-de-Cs-CIIDEPT-9-1900x1266.jpeg 1900w, https:\/\/des-tuc.infd.edu.ar\/sitio\/wp-content\/uploads\/2024\/08\/Feria-de-Cs-CIIDEPT-9-1000x666.jpeg 1000w, https:\/\/des-tuc.infd.edu.ar\/sitio\/wp-content\/uploads\/2024\/08\/Feria-de-Cs-CIIDEPT-9-768x512.jpeg 768w, https:\/\/des-tuc.infd.edu.ar\/sitio\/wp-content\/uploads\/2024\/08\/Feria-de-Cs-CIIDEPT-9-1536x1024.jpeg 1536w, https:\/\/des-tuc.infd.edu.ar\/sitio\/wp-content\/uploads\/2024\/08\/Feria-de-Cs-CIIDEPT-9-2048x1365.jpeg 2048w\" sizes=\"(max-width: 1900px) 100vw, 1900px\" \/><\/figure>\n\n\n\n<figure class=\"wp-block-image size-large\"><img decoding=\"async\" loading=\"lazy\" width=\"1900\" height=\"1266\" data-id=\"10528\"  src=\"https:\/\/des-tuc.infd.edu.ar\/sitio\/wp-content\/uploads\/2024\/08\/Feria-de-Cs-CIIDEPT-8-1900x1266.jpeg\" alt=\"\" class=\"wp-image-10528\" srcset=\"https:\/\/des-tuc.infd.edu.ar\/sitio\/wp-content\/uploads\/2024\/08\/Feria-de-Cs-CIIDEPT-8-1900x1266.jpeg 1900w, https:\/\/des-tuc.infd.edu.ar\/sitio\/wp-content\/uploads\/2024\/08\/Feria-de-Cs-CIIDEPT-8-1000x666.jpeg 1000w, https:\/\/des-tuc.infd.edu.ar\/sitio\/wp-content\/uploads\/2024\/08\/Feria-de-Cs-CIIDEPT-8-768x512.jpeg 768w, https:\/\/des-tuc.infd.edu.ar\/sitio\/wp-content\/uploads\/2024\/08\/Feria-de-Cs-CIIDEPT-8-1536x1024.jpeg 1536w, https:\/\/des-tuc.infd.edu.ar\/sitio\/wp-content\/uploads\/2024\/08\/Feria-de-Cs-CIIDEPT-8-2048x1365.jpeg 2048w\" sizes=\"(max-width: 1900px) 100vw, 1900px\" \/><\/figure>\n\n\n\n<figure class=\"wp-block-image size-large\"><img decoding=\"async\" loading=\"lazy\" width=\"1900\" height=\"1266\" data-id=\"10527\"  src=\"https:\/\/des-tuc.infd.edu.ar\/sitio\/wp-content\/uploads\/2024\/08\/Feria-de-Cs-CIIDEPT-7-1900x1266.jpeg\" alt=\"\" class=\"wp-image-10527\" srcset=\"https:\/\/des-tuc.infd.edu.ar\/sitio\/wp-content\/uploads\/2024\/08\/Feria-de-Cs-CIIDEPT-7-1900x1266.jpeg 1900w, https:\/\/des-tuc.infd.edu.ar\/sitio\/wp-content\/uploads\/2024\/08\/Feria-de-Cs-CIIDEPT-7-1000x666.jpeg 1000w, https:\/\/des-tuc.infd.edu.ar\/sitio\/wp-content\/uploads\/2024\/08\/Feria-de-Cs-CIIDEPT-7-768x512.jpeg 768w, https:\/\/des-tuc.infd.edu.ar\/sitio\/wp-content\/uploads\/2024\/08\/Feria-de-Cs-CIIDEPT-7-1536x1024.jpeg 1536w, https:\/\/des-tuc.infd.edu.ar\/sitio\/wp-content\/uploads\/2024\/08\/Feria-de-Cs-CIIDEPT-7-2048x1365.jpeg 2048w\" sizes=\"(max-width: 1900px) 100vw, 1900px\" \/><\/figure>\n\n\n\n<figure class=\"wp-block-image size-large\"><img decoding=\"async\" loading=\"lazy\" width=\"1900\" height=\"1266\" data-id=\"10529\"  src=\"https:\/\/des-tuc.infd.edu.ar\/sitio\/wp-content\/uploads\/2024\/08\/Feria-de-Cs-CIIDEPT-6-1900x1266.jpeg\" alt=\"\" class=\"wp-image-10529\" srcset=\"https:\/\/des-tuc.infd.edu.ar\/sitio\/wp-content\/uploads\/2024\/08\/Feria-de-Cs-CIIDEPT-6-1900x1266.jpeg 1900w, https:\/\/des-tuc.infd.edu.ar\/sitio\/wp-content\/uploads\/2024\/08\/Feria-de-Cs-CIIDEPT-6-1000x666.jpeg 1000w, https:\/\/des-tuc.infd.edu.ar\/sitio\/wp-content\/uploads\/2024\/08\/Feria-de-Cs-CIIDEPT-6-768x512.jpeg 768w, https:\/\/des-tuc.infd.edu.ar\/sitio\/wp-content\/uploads\/2024\/08\/Feria-de-Cs-CIIDEPT-6-1536x1024.jpeg 1536w, https:\/\/des-tuc.infd.edu.ar\/sitio\/wp-content\/uploads\/2024\/08\/Feria-de-Cs-CIIDEPT-6-2048x1365.jpeg 2048w\" sizes=\"(max-width: 1900px) 100vw, 1900px\" \/><\/figure>\n\n\n\n<figure class=\"wp-block-image size-large\"><img decoding=\"async\" loading=\"lazy\" width=\"1900\" height=\"1266\" data-id=\"10530\"  src=\"https:\/\/des-tuc.infd.edu.ar\/sitio\/wp-content\/uploads\/2024\/08\/Feria-de-Cs-CIIDEPT-5-1900x1266.jpeg\" alt=\"\" class=\"wp-image-10530\" srcset=\"https:\/\/des-tuc.infd.edu.ar\/sitio\/wp-content\/uploads\/2024\/08\/Feria-de-Cs-CIIDEPT-5-1900x1266.jpeg 1900w, https:\/\/des-tuc.infd.edu.ar\/sitio\/wp-content\/uploads\/2024\/08\/Feria-de-Cs-CIIDEPT-5-1000x666.jpeg 1000w, https:\/\/des-tuc.infd.edu.ar\/sitio\/wp-content\/uploads\/2024\/08\/Feria-de-Cs-CIIDEPT-5-768x512.jpeg 768w, https:\/\/des-tuc.infd.edu.ar\/sitio\/wp-content\/uploads\/2024\/08\/Feria-de-Cs-CIIDEPT-5-1536x1024.jpeg 1536w, https:\/\/des-tuc.infd.edu.ar\/sitio\/wp-content\/uploads\/2024\/08\/Feria-de-Cs-CIIDEPT-5-2048x1365.jpeg 2048w\" sizes=\"(max-width: 1900px) 100vw, 1900px\" \/><\/figure>\n\n\n\n<figure class=\"wp-block-image size-large\"><img decoding=\"async\" loading=\"lazy\" width=\"1900\" height=\"1266\" data-id=\"10531\"  src=\"https:\/\/des-tuc.infd.edu.ar\/sitio\/wp-content\/uploads\/2024\/08\/Feria-de-Cs-CIIDEPT-4-1900x1266.jpeg\" alt=\"\" class=\"wp-image-10531\" srcset=\"https:\/\/des-tuc.infd.edu.ar\/sitio\/wp-content\/uploads\/2024\/08\/Feria-de-Cs-CIIDEPT-4-1900x1266.jpeg 1900w, https:\/\/des-tuc.infd.edu.ar\/sitio\/wp-content\/uploads\/2024\/08\/Feria-de-Cs-CIIDEPT-4-1000x666.jpeg 1000w, https:\/\/des-tuc.infd.edu.ar\/sitio\/wp-content\/uploads\/2024\/08\/Feria-de-Cs-CIIDEPT-4-768x512.jpeg 768w, https:\/\/des-tuc.infd.edu.ar\/sitio\/wp-content\/uploads\/2024\/08\/Feria-de-Cs-CIIDEPT-4-1536x1024.jpeg 1536w, https:\/\/des-tuc.infd.edu.ar\/sitio\/wp-content\/uploads\/2024\/08\/Feria-de-Cs-CIIDEPT-4-2048x1365.jpeg 2048w\" sizes=\"(max-width: 1900px) 100vw, 1900px\" \/><\/figure>\n\n\n\n<figure class=\"wp-block-image size-large\"><img decoding=\"async\" loading=\"lazy\" width=\"1900\" height=\"1266\" data-id=\"10532\"  src=\"https:\/\/des-tuc.infd.edu.ar\/sitio\/wp-content\/uploads\/2024\/08\/Feria-de-Cs-CIIDEPT-3-1900x1266.jpeg\" alt=\"\" class=\"wp-image-10532\" srcset=\"https:\/\/des-tuc.infd.edu.ar\/sitio\/wp-content\/uploads\/2024\/08\/Feria-de-Cs-CIIDEPT-3-1900x1266.jpeg 1900w, https:\/\/des-tuc.infd.edu.ar\/sitio\/wp-content\/uploads\/2024\/08\/Feria-de-Cs-CIIDEPT-3-1000x666.jpeg 1000w, https:\/\/des-tuc.infd.edu.ar\/sitio\/wp-content\/uploads\/2024\/08\/Feria-de-Cs-CIIDEPT-3-768x512.jpeg 768w, https:\/\/des-tuc.infd.edu.ar\/sitio\/wp-content\/uploads\/2024\/08\/Feria-de-Cs-CIIDEPT-3-1536x1024.jpeg 1536w, https:\/\/des-tuc.infd.edu.ar\/sitio\/wp-content\/uploads\/2024\/08\/Feria-de-Cs-CIIDEPT-3-2048x1365.jpeg 2048w\" sizes=\"(max-width: 1900px) 100vw, 1900px\" \/><\/figure>\n\n\n\n<figure class=\"wp-block-image size-large\"><img decoding=\"async\" loading=\"lazy\" width=\"1900\" height=\"1266\" data-id=\"10533\"  src=\"https:\/\/des-tuc.infd.edu.ar\/sitio\/wp-content\/uploads\/2024\/08\/Feria-de-Cs-CIIDEPT-2-1900x1266.jpeg\" alt=\"\" class=\"wp-image-10533\" srcset=\"https:\/\/des-tuc.infd.edu.ar\/sitio\/wp-content\/uploads\/2024\/08\/Feria-de-Cs-CIIDEPT-2-1900x1266.jpeg 1900w, https:\/\/des-tuc.infd.edu.ar\/sitio\/wp-content\/uploads\/2024\/08\/Feria-de-Cs-CIIDEPT-2-1000x666.jpeg 1000w, https:\/\/des-tuc.infd.edu.ar\/sitio\/wp-content\/uploads\/2024\/08\/Feria-de-Cs-CIIDEPT-2-768x512.jpeg 768w, https:\/\/des-tuc.infd.edu.ar\/sitio\/wp-content\/uploads\/2024\/08\/Feria-de-Cs-CIIDEPT-2-1536x1024.jpeg 1536w, https:\/\/des-tuc.infd.edu.ar\/sitio\/wp-content\/uploads\/2024\/08\/Feria-de-Cs-CIIDEPT-2-2048x1365.jpeg 2048w\" sizes=\"(max-width: 1900px) 100vw, 1900px\" \/><\/figure>\n\n\n\n<figure class=\"wp-block-image size-large\"><img decoding=\"async\" loading=\"lazy\" width=\"1900\" height=\"1266\" data-id=\"10534\"  src=\"https:\/\/des-tuc.infd.edu.ar\/sitio\/wp-content\/uploads\/2024\/08\/Feria-de-Cs-CIIDEPT-1-1900x1266.jpeg\" alt=\"\" class=\"wp-image-10534\" srcset=\"https:\/\/des-tuc.infd.edu.ar\/sitio\/wp-content\/uploads\/2024\/08\/Feria-de-Cs-CIIDEPT-1-1900x1266.jpeg 1900w, https:\/\/des-tuc.infd.edu.ar\/sitio\/wp-content\/uploads\/2024\/08\/Feria-de-Cs-CIIDEPT-1-1000x666.jpeg 1000w, https:\/\/des-tuc.infd.edu.ar\/sitio\/wp-content\/uploads\/2024\/08\/Feria-de-Cs-CIIDEPT-1-768x512.jpeg 768w, https:\/\/des-tuc.infd.edu.ar\/sitio\/wp-content\/uploads\/2024\/08\/Feria-de-Cs-CIIDEPT-1-1536x1024.jpeg 1536w, https:\/\/des-tuc.infd.edu.ar\/sitio\/wp-content\/uploads\/2024\/08\/Feria-de-Cs-CIIDEPT-1-2048x1365.jpeg 2048w\" sizes=\"(max-width: 1900px) 100vw, 1900px\" \/><\/figure>\n<\/figure>\n","protected":false},"excerpt":{"rendered":"<p>La ministra de Educaci\u00f3n,&nbsp;Susana Montaldo, visit\u00f3 el CIIDEPT para acompa\u00f1ar a estudiantes de la Capital en la Instancia Provincial de la Feria de Ciencias, en donde se presentaron 51 proyectos de instituciones p\u00fablicas y privadas, de todos los niveles y modalidades del Sistema Educativo. Los proyectos destacados formar\u00e1n parte de la Instancia Nacional, dependiente de &#8230; <a title=\"Estudiantes de la Capital exhibieron sus proyectos de indagaci\u00f3n escolar en el CIIDEPT\" class=\"read-more\" href=\"https:\/\/des-tuc.infd.edu.ar\/sitio\/estudiantes-de-la-capital-exhibieron-sus-proyectos-de-indagacion-escolar-en-el-ciidept\/\" aria-label=\"More on Estudiantes de la Capital exhibieron sus proyectos de indagaci\u00f3n escolar en el CIIDEPT\">[+]<\/a><\/p>\n","protected":false},"author":543,"featured_media":10526,"comment_status":"closed","ping_status":"closed","sticky":false,"template":"","format":"standard","meta":[],"categories":[7,6],"tags":[],"acf":[],"_links":{"self":[{"href":"https:\/\/des-tuc.infd.edu.ar\/sitio\/wp-json\/wp\/v2\/posts\/10512"}],"collection":[{"href":"https:\/\/des-tuc.infd.edu.ar\/sitio\/wp-json\/wp\/v2\/posts"}],"about":[{"href":"https:\/\/des-tuc.infd.edu.ar\/sitio\/wp-json\/wp\/v2\/types\/post"}],"author":[{"embeddable":true,"href":"https:\/\/des-tuc.infd.edu.ar\/sitio\/wp-json\/wp\/v2\/users\/543"}],"replies":[{"embeddable":true,"href":"https:\/\/des-tuc.infd.edu.ar\/sitio\/wp-json\/wp\/v2\/comments?post=10512"}],"version-history":[{"count":2,"href":"https:\/\/des-tuc.infd.edu.ar\/sitio\/wp-json\/wp\/v2\/posts\/10512\/revisions"}],"predecessor-version":[{"id":10584,"href":"https:\/\/des-tuc.infd.edu.ar\/sitio\/wp-json\/wp\/v2\/posts\/10512\/revisions\/10584"}],"wp:featuredmedia":[{"embeddable":true,"href":"https:\/\/des-tuc.infd.edu.ar\/sitio\/wp-json\/wp\/v2\/media\/10526"}],"wp:attachment":[{"href":"https:\/\/des-tuc.infd.edu.ar\/sitio\/wp-json\/wp\/v2\/media?parent=10512"}],"wp:term":[{"taxonomy":"category","embeddable":true,"href":"https:\/\/des-tuc.infd.edu.ar\/sitio\/wp-json\/wp\/v2\/categories?post=10512"},{"taxonomy":"post_tag","embeddable":true,"href":"https:\/\/des-tuc.infd.edu.ar\/sitio\/wp-json\/wp\/v2\/tags?post=10512"}],"curies":[{"name":"wp","href":"https:\/\/api.w.org\/{rel}","templated":true}]}}