{"id":10478,"date":"2024-08-06T14:05:03","date_gmt":"2024-08-06T17:05:03","guid":{"rendered":"https:\/\/des-tuc.infd.edu.ar\/sitio\/?p=10478"},"modified":"2024-08-06T14:13:11","modified_gmt":"2024-08-06T17:13:11","slug":"comenzo-la-instancia-provincial-de-feria-de-ciencias-en-el-ciidept","status":"publish","type":"post","link":"https:\/\/des-tuc.infd.edu.ar\/sitio\/comenzo-la-instancia-provincial-de-feria-de-ciencias-en-el-ciidept\/","title":{"rendered":"Comenz\u00f3 la Instancia Provincial de Feria de Ciencias en el CIIDEPT"},"content":{"rendered":"\n<p>En el CIIDEPT se llev\u00f3 adelante el primer encuentro de la Instancia Provincial de Feria de Ciencias, en donde estudiantes de escuelas del Circuito 1 (Cruz Alta y Burruyacu) exhibieron sus proyectos de indagaci\u00f3n escolar.<\/p>\n\n\n\n<p>A lo largo de esta instancia, participar\u00e1n 230 proyectos que ser\u00e1n exhibidos en distintos lugares de la provincia; y tiene por objetivo realizar el intercambio de experiencias realizadas durante el presente ciclo lectivo, fortaleciendo la articulaci\u00f3n de niveles, las trayectorias escolares, la inclusi\u00f3n, el trabajo colaborativo y los desaf\u00edos de los Proyectos de Indagaci\u00f3n Escolar enmarcados en el enfoque STEAM.<\/p>\n\n\n\n<p>Los proyectos ganadores formar\u00e1n parte de la Instancia Nacional, dependiente de la Secretar\u00eda de Educaci\u00f3n del Ministerio de Capital Humano del Gobierno de la Naci\u00f3n.<\/p>\n\n\n\n<p>En esta oportunidad, acompa\u00f1aron el director de Educaci\u00f3n Primaria,\u00a0<strong>Carlos D\u00edaz<\/strong>; la directora de Educaci\u00f3n Inicial,\u00a0<strong>Cecilia Guill\u00e9n<\/strong>; la directora de Educaci\u00f3n Superior No Universitaria,\u00a0<strong>Silvina Fern\u00e1ndez<\/strong>; y alrededor de 500 asistentes entre supervisores, directores, docentes y estudiantes de los 51 proyectos participantes de todos los niveles y modalidades del sistema educativo.<\/p>\n\n\n\n<p>\u201cEstamos muy contentos, en esta instancia van a salir los representantes que van a participar de la instancia nacional. Los ni\u00f1os est\u00e1n mostrando los temas que han investigado, c\u00f3mo han trabajado interdisciplinariamente, c\u00f3mo han usado tecnolog\u00edas, el laboratorio, c\u00f3mo est\u00e1n recuperando informaci\u00f3n de temas o elementos que est\u00e1n en desuso. Las producciones tienen mucha creatividad y compromiso de los actores de la comunidad educativa\u201d, sintetiz\u00f3 Carlos D\u00edaz.<\/p>\n\n\n\n<p>A su turno, Cecilia Guill\u00e9n agreg\u00f3: \u201cla instancia de feria es una gran oportunidad para dar a conocer lo que sucede, lo que se aprende y se ense\u00f1a en los jardines. A trav\u00e9s de estos proyectos, podemos ver c\u00f3mo los chicos van desarrollando la observaci\u00f3n, la experimentaci\u00f3n y c\u00f3mo se van generando propuestas de continuidad; porque los trabajos en general tienen alguna proyecci\u00f3n para continuarlo, ya sea en el jard\u00edn o en la comunidad\u201d.<\/p>\n\n\n\n<p><strong>Magal\u00ed Garnica<\/strong>, estudiante de la Escuela Secundaria Manuel Cossio de El Rodeo, Burruyac\u00fa, confes\u00f3 \u201ccuando me dijeron que pasamos a la instancia provincial no me lo cre\u00eda, estoy muy contenta de participar en un evento tan grande y tener la oportunidad de representar y que se conozca nuestra escuela. Construimos nuestros propios instrumentos y los dejamos en la escuela para que los chicos vayan aprendiendo. Para nosotros es muy emotivo traer la m\u00fasica porque transmite muchos sentimientos\u201d.<\/p>\n\n\n\n<p>Por su parte,&nbsp;<strong>Mar\u00eda Carranza<\/strong>, alumna de la Escuela Especial Santa Luc\u00eda de Leales, destac\u00f3 \u201cme parece relindo participar, hay varios proyectos que no da\u00f1an el ambiente. Me gusta transmitir a otras personas mi proyecto\u201d.<\/p>\n\n\n\n<p>Por \u00faltimo,&nbsp;<strong>Francisco Bautista<\/strong>, alumno de la Escuela N\u00ba207 de la Encrucijada, Leales, cerr\u00f3 \u201cparticipar es muy lindo, nosotros aprendimos sobre los caracoles y queremos que otros aprendan. Son muy importantes para el medio ambiente, ya que con sus heces ayudan a hacer la fertilizaci\u00f3n en los suelos. Venimos de una escuela muy chiquita, queremos llegar a la instancia nacional\u201d.<\/p>\n\n\n\n<p>Fuente: <a href=\"https:\/\/www.educaciontuc.gov.ar\/2024\/08\/06\/comenzo-la-instancia-provincial-de-feria-de-ciencias-en-el-ciidept\/\" target=\"_blank\" rel=\"noreferrer noopener\">https:\/\/www.educaciontuc.gov.ar\/2024\/08\/06\/comenzo-la-instancia-provincial-de-feria-de-ciencias-en-el-ciidept\/<\/a> <\/p>\n\n\n\n<figure class=\"wp-block-gallery has-nested-images columns-default is-cropped wp-block-gallery-1 is-layout-flex\">\n<figure class=\"wp-block-image size-large\"><img decoding=\"async\" loading=\"lazy\" width=\"1900\" height=\"1266\" data-id=\"10483\"  src=\"https:\/\/des-tuc.infd.edu.ar\/sitio\/wp-content\/uploads\/2024\/08\/Feria-Ciencias-Provincial-20-1900x1266.jpeg\" alt=\"\" class=\"wp-image-10483\" srcset=\"https:\/\/des-tuc.infd.edu.ar\/sitio\/wp-content\/uploads\/2024\/08\/Feria-Ciencias-Provincial-20-1900x1266.jpeg 1900w, https:\/\/des-tuc.infd.edu.ar\/sitio\/wp-content\/uploads\/2024\/08\/Feria-Ciencias-Provincial-20-1000x666.jpeg 1000w, https:\/\/des-tuc.infd.edu.ar\/sitio\/wp-content\/uploads\/2024\/08\/Feria-Ciencias-Provincial-20-768x512.jpeg 768w, https:\/\/des-tuc.infd.edu.ar\/sitio\/wp-content\/uploads\/2024\/08\/Feria-Ciencias-Provincial-20-1536x1024.jpeg 1536w, https:\/\/des-tuc.infd.edu.ar\/sitio\/wp-content\/uploads\/2024\/08\/Feria-Ciencias-Provincial-20-2048x1365.jpeg 2048w\" sizes=\"(max-width: 1900px) 100vw, 1900px\" \/><\/figure>\n\n\n\n<figure class=\"wp-block-image size-large\"><img decoding=\"async\" loading=\"lazy\" width=\"1900\" height=\"1267\" data-id=\"10480\"  src=\"https:\/\/des-tuc.infd.edu.ar\/sitio\/wp-content\/uploads\/2024\/08\/Feria-Ciencias-Provincial-19-1900x1267.jpeg\" alt=\"\" class=\"wp-image-10480\" srcset=\"https:\/\/des-tuc.infd.edu.ar\/sitio\/wp-content\/uploads\/2024\/08\/Feria-Ciencias-Provincial-19-1900x1267.jpeg 1900w, https:\/\/des-tuc.infd.edu.ar\/sitio\/wp-content\/uploads\/2024\/08\/Feria-Ciencias-Provincial-19-1000x667.jpeg 1000w, https:\/\/des-tuc.infd.edu.ar\/sitio\/wp-content\/uploads\/2024\/08\/Feria-Ciencias-Provincial-19-768x512.jpeg 768w, https:\/\/des-tuc.infd.edu.ar\/sitio\/wp-content\/uploads\/2024\/08\/Feria-Ciencias-Provincial-19-1536x1024.jpeg 1536w, https:\/\/des-tuc.infd.edu.ar\/sitio\/wp-content\/uploads\/2024\/08\/Feria-Ciencias-Provincial-19-2048x1366.jpeg 2048w\" sizes=\"(max-width: 1900px) 100vw, 1900px\" \/><\/figure>\n\n\n\n<figure class=\"wp-block-image size-large\"><img decoding=\"async\" loading=\"lazy\" width=\"1900\" height=\"1266\" data-id=\"10482\"  src=\"https:\/\/des-tuc.infd.edu.ar\/sitio\/wp-content\/uploads\/2024\/08\/Feria-Ciencias-Provincial-18-1900x1266.jpeg\" alt=\"\" class=\"wp-image-10482\" srcset=\"https:\/\/des-tuc.infd.edu.ar\/sitio\/wp-content\/uploads\/2024\/08\/Feria-Ciencias-Provincial-18-1900x1266.jpeg 1900w, https:\/\/des-tuc.infd.edu.ar\/sitio\/wp-content\/uploads\/2024\/08\/Feria-Ciencias-Provincial-18-1000x666.jpeg 1000w, https:\/\/des-tuc.infd.edu.ar\/sitio\/wp-content\/uploads\/2024\/08\/Feria-Ciencias-Provincial-18-768x512.jpeg 768w, https:\/\/des-tuc.infd.edu.ar\/sitio\/wp-content\/uploads\/2024\/08\/Feria-Ciencias-Provincial-18-1536x1024.jpeg 1536w, https:\/\/des-tuc.infd.edu.ar\/sitio\/wp-content\/uploads\/2024\/08\/Feria-Ciencias-Provincial-18-2048x1365.jpeg 2048w\" sizes=\"(max-width: 1900px) 100vw, 1900px\" \/><\/figure>\n\n\n\n<figure class=\"wp-block-image size-large\"><img decoding=\"async\" loading=\"lazy\" width=\"1900\" height=\"1266\" data-id=\"10479\"  src=\"https:\/\/des-tuc.infd.edu.ar\/sitio\/wp-content\/uploads\/2024\/08\/Feria-Ciencias-Provincial-17-1900x1266.jpeg\" alt=\"\" class=\"wp-image-10479\" srcset=\"https:\/\/des-tuc.infd.edu.ar\/sitio\/wp-content\/uploads\/2024\/08\/Feria-Ciencias-Provincial-17-1900x1266.jpeg 1900w, https:\/\/des-tuc.infd.edu.ar\/sitio\/wp-content\/uploads\/2024\/08\/Feria-Ciencias-Provincial-17-1000x666.jpeg 1000w, https:\/\/des-tuc.infd.edu.ar\/sitio\/wp-content\/uploads\/2024\/08\/Feria-Ciencias-Provincial-17-768x512.jpeg 768w, https:\/\/des-tuc.infd.edu.ar\/sitio\/wp-content\/uploads\/2024\/08\/Feria-Ciencias-Provincial-17-1536x1024.jpeg 1536w, https:\/\/des-tuc.infd.edu.ar\/sitio\/wp-content\/uploads\/2024\/08\/Feria-Ciencias-Provincial-17-2048x1365.jpeg 2048w\" sizes=\"(max-width: 1900px) 100vw, 1900px\" \/><\/figure>\n\n\n\n<figure class=\"wp-block-image size-large\"><img decoding=\"async\" loading=\"lazy\" width=\"1900\" height=\"1268\" data-id=\"10484\"  src=\"https:\/\/des-tuc.infd.edu.ar\/sitio\/wp-content\/uploads\/2024\/08\/Feria-Ciencias-Provincial-16-1900x1268.jpeg\" alt=\"\" class=\"wp-image-10484\" srcset=\"https:\/\/des-tuc.infd.edu.ar\/sitio\/wp-content\/uploads\/2024\/08\/Feria-Ciencias-Provincial-16-1900x1268.jpeg 1900w, https:\/\/des-tuc.infd.edu.ar\/sitio\/wp-content\/uploads\/2024\/08\/Feria-Ciencias-Provincial-16-1000x667.jpeg 1000w, https:\/\/des-tuc.infd.edu.ar\/sitio\/wp-content\/uploads\/2024\/08\/Feria-Ciencias-Provincial-16-768x512.jpeg 768w, https:\/\/des-tuc.infd.edu.ar\/sitio\/wp-content\/uploads\/2024\/08\/Feria-Ciencias-Provincial-16-1536x1025.jpeg 1536w, https:\/\/des-tuc.infd.edu.ar\/sitio\/wp-content\/uploads\/2024\/08\/Feria-Ciencias-Provincial-16-2048x1366.jpeg 2048w\" sizes=\"(max-width: 1900px) 100vw, 1900px\" \/><\/figure>\n\n\n\n<figure class=\"wp-block-image size-large\"><img decoding=\"async\" loading=\"lazy\" width=\"1900\" height=\"1266\" data-id=\"10481\"  src=\"https:\/\/des-tuc.infd.edu.ar\/sitio\/wp-content\/uploads\/2024\/08\/Feria-Ciencias-Provincial-15-1900x1266.jpeg\" alt=\"\" class=\"wp-image-10481\" srcset=\"https:\/\/des-tuc.infd.edu.ar\/sitio\/wp-content\/uploads\/2024\/08\/Feria-Ciencias-Provincial-15-1900x1266.jpeg 1900w, https:\/\/des-tuc.infd.edu.ar\/sitio\/wp-content\/uploads\/2024\/08\/Feria-Ciencias-Provincial-15-1000x666.jpeg 1000w, https:\/\/des-tuc.infd.edu.ar\/sitio\/wp-content\/uploads\/2024\/08\/Feria-Ciencias-Provincial-15-768x512.jpeg 768w, https:\/\/des-tuc.infd.edu.ar\/sitio\/wp-content\/uploads\/2024\/08\/Feria-Ciencias-Provincial-15-1536x1024.jpeg 1536w, https:\/\/des-tuc.infd.edu.ar\/sitio\/wp-content\/uploads\/2024\/08\/Feria-Ciencias-Provincial-15-2048x1365.jpeg 2048w\" sizes=\"(max-width: 1900px) 100vw, 1900px\" \/><\/figure>\n\n\n\n<figure class=\"wp-block-image size-large\"><img decoding=\"async\" loading=\"lazy\" width=\"1900\" height=\"1267\" data-id=\"10485\"  src=\"https:\/\/des-tuc.infd.edu.ar\/sitio\/wp-content\/uploads\/2024\/08\/Feria-Ciencias-Provincial-14-1900x1267.jpeg\" alt=\"\" class=\"wp-image-10485\" srcset=\"https:\/\/des-tuc.infd.edu.ar\/sitio\/wp-content\/uploads\/2024\/08\/Feria-Ciencias-Provincial-14-1900x1267.jpeg 1900w, https:\/\/des-tuc.infd.edu.ar\/sitio\/wp-content\/uploads\/2024\/08\/Feria-Ciencias-Provincial-14-1000x667.jpeg 1000w, https:\/\/des-tuc.infd.edu.ar\/sitio\/wp-content\/uploads\/2024\/08\/Feria-Ciencias-Provincial-14-768x512.jpeg 768w, https:\/\/des-tuc.infd.edu.ar\/sitio\/wp-content\/uploads\/2024\/08\/Feria-Ciencias-Provincial-14-1536x1024.jpeg 1536w, https:\/\/des-tuc.infd.edu.ar\/sitio\/wp-content\/uploads\/2024\/08\/Feria-Ciencias-Provincial-14-2048x1366.jpeg 2048w\" sizes=\"(max-width: 1900px) 100vw, 1900px\" \/><\/figure>\n\n\n\n<figure class=\"wp-block-image size-large\"><img decoding=\"async\" loading=\"lazy\" width=\"1900\" height=\"1268\" data-id=\"10486\"  src=\"https:\/\/des-tuc.infd.edu.ar\/sitio\/wp-content\/uploads\/2024\/08\/Feria-Ciencias-Provincial-10-1900x1268.jpeg\" alt=\"\" class=\"wp-image-10486\" srcset=\"https:\/\/des-tuc.infd.edu.ar\/sitio\/wp-content\/uploads\/2024\/08\/Feria-Ciencias-Provincial-10-1900x1268.jpeg 1900w, https:\/\/des-tuc.infd.edu.ar\/sitio\/wp-content\/uploads\/2024\/08\/Feria-Ciencias-Provincial-10-1000x667.jpeg 1000w, https:\/\/des-tuc.infd.edu.ar\/sitio\/wp-content\/uploads\/2024\/08\/Feria-Ciencias-Provincial-10-768x512.jpeg 768w, https:\/\/des-tuc.infd.edu.ar\/sitio\/wp-content\/uploads\/2024\/08\/Feria-Ciencias-Provincial-10-1536x1025.jpeg 1536w, https:\/\/des-tuc.infd.edu.ar\/sitio\/wp-content\/uploads\/2024\/08\/Feria-Ciencias-Provincial-10-2048x1366.jpeg 2048w\" sizes=\"(max-width: 1900px) 100vw, 1900px\" \/><\/figure>\n\n\n\n<figure class=\"wp-block-image size-large\"><img decoding=\"async\" loading=\"lazy\" width=\"1900\" height=\"1267\" data-id=\"10488\"  src=\"https:\/\/des-tuc.infd.edu.ar\/sitio\/wp-content\/uploads\/2024\/08\/Feria-Ciencias-Provincial-9-1900x1267.jpeg\" alt=\"\" class=\"wp-image-10488\" srcset=\"https:\/\/des-tuc.infd.edu.ar\/sitio\/wp-content\/uploads\/2024\/08\/Feria-Ciencias-Provincial-9-1900x1267.jpeg 1900w, https:\/\/des-tuc.infd.edu.ar\/sitio\/wp-content\/uploads\/2024\/08\/Feria-Ciencias-Provincial-9-1000x667.jpeg 1000w, https:\/\/des-tuc.infd.edu.ar\/sitio\/wp-content\/uploads\/2024\/08\/Feria-Ciencias-Provincial-9-768x512.jpeg 768w, https:\/\/des-tuc.infd.edu.ar\/sitio\/wp-content\/uploads\/2024\/08\/Feria-Ciencias-Provincial-9-1536x1024.jpeg 1536w, https:\/\/des-tuc.infd.edu.ar\/sitio\/wp-content\/uploads\/2024\/08\/Feria-Ciencias-Provincial-9-2048x1366.jpeg 2048w\" sizes=\"(max-width: 1900px) 100vw, 1900px\" \/><\/figure>\n\n\n\n<figure class=\"wp-block-image size-large\"><img decoding=\"async\" loading=\"lazy\" width=\"1900\" height=\"1270\" data-id=\"10487\"  src=\"https:\/\/des-tuc.infd.edu.ar\/sitio\/wp-content\/uploads\/2024\/08\/Feria-Ciencias-Provincial-8-1900x1270.jpeg\" alt=\"\" class=\"wp-image-10487\" srcset=\"https:\/\/des-tuc.infd.edu.ar\/sitio\/wp-content\/uploads\/2024\/08\/Feria-Ciencias-Provincial-8-1900x1270.jpeg 1900w, https:\/\/des-tuc.infd.edu.ar\/sitio\/wp-content\/uploads\/2024\/08\/Feria-Ciencias-Provincial-8-1000x668.jpeg 1000w, https:\/\/des-tuc.infd.edu.ar\/sitio\/wp-content\/uploads\/2024\/08\/Feria-Ciencias-Provincial-8-768x513.jpeg 768w, https:\/\/des-tuc.infd.edu.ar\/sitio\/wp-content\/uploads\/2024\/08\/Feria-Ciencias-Provincial-8-1536x1027.jpeg 1536w, https:\/\/des-tuc.infd.edu.ar\/sitio\/wp-content\/uploads\/2024\/08\/Feria-Ciencias-Provincial-8-2048x1369.jpeg 2048w\" sizes=\"(max-width: 1900px) 100vw, 1900px\" \/><\/figure>\n\n\n\n<figure class=\"wp-block-image size-large\"><img decoding=\"async\" loading=\"lazy\" width=\"1900\" height=\"1266\" data-id=\"10490\"  src=\"https:\/\/des-tuc.infd.edu.ar\/sitio\/wp-content\/uploads\/2024\/08\/Feria-Ciencias-Provincial-7-1900x1266.jpeg\" alt=\"\" class=\"wp-image-10490\" srcset=\"https:\/\/des-tuc.infd.edu.ar\/sitio\/wp-content\/uploads\/2024\/08\/Feria-Ciencias-Provincial-7-1900x1266.jpeg 1900w, https:\/\/des-tuc.infd.edu.ar\/sitio\/wp-content\/uploads\/2024\/08\/Feria-Ciencias-Provincial-7-1000x666.jpeg 1000w, https:\/\/des-tuc.infd.edu.ar\/sitio\/wp-content\/uploads\/2024\/08\/Feria-Ciencias-Provincial-7-768x512.jpeg 768w, https:\/\/des-tuc.infd.edu.ar\/sitio\/wp-content\/uploads\/2024\/08\/Feria-Ciencias-Provincial-7-1536x1024.jpeg 1536w, https:\/\/des-tuc.infd.edu.ar\/sitio\/wp-content\/uploads\/2024\/08\/Feria-Ciencias-Provincial-7-2048x1365.jpeg 2048w\" sizes=\"(max-width: 1900px) 100vw, 1900px\" \/><\/figure>\n\n\n\n<figure class=\"wp-block-image size-large\"><img decoding=\"async\" loading=\"lazy\" width=\"1900\" height=\"1268\" data-id=\"10489\"  src=\"https:\/\/des-tuc.infd.edu.ar\/sitio\/wp-content\/uploads\/2024\/08\/Feria-Ciencias-Provincial-6-1900x1268.jpeg\" alt=\"\" class=\"wp-image-10489\" srcset=\"https:\/\/des-tuc.infd.edu.ar\/sitio\/wp-content\/uploads\/2024\/08\/Feria-Ciencias-Provincial-6-1900x1268.jpeg 1900w, https:\/\/des-tuc.infd.edu.ar\/sitio\/wp-content\/uploads\/2024\/08\/Feria-Ciencias-Provincial-6-1000x667.jpeg 1000w, https:\/\/des-tuc.infd.edu.ar\/sitio\/wp-content\/uploads\/2024\/08\/Feria-Ciencias-Provincial-6-768x512.jpeg 768w, https:\/\/des-tuc.infd.edu.ar\/sitio\/wp-content\/uploads\/2024\/08\/Feria-Ciencias-Provincial-6-1536x1025.jpeg 1536w, https:\/\/des-tuc.infd.edu.ar\/sitio\/wp-content\/uploads\/2024\/08\/Feria-Ciencias-Provincial-6-2048x1366.jpeg 2048w\" sizes=\"(max-width: 1900px) 100vw, 1900px\" \/><\/figure>\n\n\n\n<figure class=\"wp-block-image size-large\"><img decoding=\"async\" loading=\"lazy\" width=\"1900\" height=\"1266\" data-id=\"10491\"  src=\"https:\/\/des-tuc.infd.edu.ar\/sitio\/wp-content\/uploads\/2024\/08\/Feria-Ciencias-Provincial-5-1900x1266.jpeg\" alt=\"\" class=\"wp-image-10491\" srcset=\"https:\/\/des-tuc.infd.edu.ar\/sitio\/wp-content\/uploads\/2024\/08\/Feria-Ciencias-Provincial-5-1900x1266.jpeg 1900w, https:\/\/des-tuc.infd.edu.ar\/sitio\/wp-content\/uploads\/2024\/08\/Feria-Ciencias-Provincial-5-1000x666.jpeg 1000w, https:\/\/des-tuc.infd.edu.ar\/sitio\/wp-content\/uploads\/2024\/08\/Feria-Ciencias-Provincial-5-768x512.jpeg 768w, https:\/\/des-tuc.infd.edu.ar\/sitio\/wp-content\/uploads\/2024\/08\/Feria-Ciencias-Provincial-5-1536x1024.jpeg 1536w, https:\/\/des-tuc.infd.edu.ar\/sitio\/wp-content\/uploads\/2024\/08\/Feria-Ciencias-Provincial-5-2048x1365.jpeg 2048w\" sizes=\"(max-width: 1900px) 100vw, 1900px\" \/><\/figure>\n\n\n\n<figure class=\"wp-block-image size-large\"><img decoding=\"async\" loading=\"lazy\" width=\"1900\" height=\"1267\" data-id=\"10492\"  src=\"https:\/\/des-tuc.infd.edu.ar\/sitio\/wp-content\/uploads\/2024\/08\/Feria-Ciencias-Provincial-4-1900x1267.jpeg\" alt=\"\" class=\"wp-image-10492\" srcset=\"https:\/\/des-tuc.infd.edu.ar\/sitio\/wp-content\/uploads\/2024\/08\/Feria-Ciencias-Provincial-4-1900x1267.jpeg 1900w, https:\/\/des-tuc.infd.edu.ar\/sitio\/wp-content\/uploads\/2024\/08\/Feria-Ciencias-Provincial-4-1000x667.jpeg 1000w, https:\/\/des-tuc.infd.edu.ar\/sitio\/wp-content\/uploads\/2024\/08\/Feria-Ciencias-Provincial-4-768x512.jpeg 768w, https:\/\/des-tuc.infd.edu.ar\/sitio\/wp-content\/uploads\/2024\/08\/Feria-Ciencias-Provincial-4-1536x1024.jpeg 1536w, https:\/\/des-tuc.infd.edu.ar\/sitio\/wp-content\/uploads\/2024\/08\/Feria-Ciencias-Provincial-4-2048x1366.jpeg 2048w\" sizes=\"(max-width: 1900px) 100vw, 1900px\" \/><\/figure>\n\n\n\n<figure class=\"wp-block-image size-large\"><img decoding=\"async\" loading=\"lazy\" width=\"1900\" height=\"1266\" data-id=\"10493\"  src=\"https:\/\/des-tuc.infd.edu.ar\/sitio\/wp-content\/uploads\/2024\/08\/Feria-Ciencias-Provincial-3-1900x1266.jpeg\" alt=\"\" class=\"wp-image-10493\" srcset=\"https:\/\/des-tuc.infd.edu.ar\/sitio\/wp-content\/uploads\/2024\/08\/Feria-Ciencias-Provincial-3-1900x1266.jpeg 1900w, https:\/\/des-tuc.infd.edu.ar\/sitio\/wp-content\/uploads\/2024\/08\/Feria-Ciencias-Provincial-3-1000x666.jpeg 1000w, https:\/\/des-tuc.infd.edu.ar\/sitio\/wp-content\/uploads\/2024\/08\/Feria-Ciencias-Provincial-3-768x512.jpeg 768w, https:\/\/des-tuc.infd.edu.ar\/sitio\/wp-content\/uploads\/2024\/08\/Feria-Ciencias-Provincial-3-1536x1024.jpeg 1536w, https:\/\/des-tuc.infd.edu.ar\/sitio\/wp-content\/uploads\/2024\/08\/Feria-Ciencias-Provincial-3-2048x1365.jpeg 2048w\" sizes=\"(max-width: 1900px) 100vw, 1900px\" \/><\/figure>\n\n\n\n<figure class=\"wp-block-image size-large\"><img decoding=\"async\" loading=\"lazy\" width=\"1900\" height=\"1267\" data-id=\"10496\"  src=\"https:\/\/des-tuc.infd.edu.ar\/sitio\/wp-content\/uploads\/2024\/08\/Feria-Ciencias-Provincial-2-1900x1267.jpeg\" alt=\"\" class=\"wp-image-10496\" srcset=\"https:\/\/des-tuc.infd.edu.ar\/sitio\/wp-content\/uploads\/2024\/08\/Feria-Ciencias-Provincial-2-1900x1267.jpeg 1900w, https:\/\/des-tuc.infd.edu.ar\/sitio\/wp-content\/uploads\/2024\/08\/Feria-Ciencias-Provincial-2-1000x667.jpeg 1000w, https:\/\/des-tuc.infd.edu.ar\/sitio\/wp-content\/uploads\/2024\/08\/Feria-Ciencias-Provincial-2-768x512.jpeg 768w, https:\/\/des-tuc.infd.edu.ar\/sitio\/wp-content\/uploads\/2024\/08\/Feria-Ciencias-Provincial-2-1536x1024.jpeg 1536w, https:\/\/des-tuc.infd.edu.ar\/sitio\/wp-content\/uploads\/2024\/08\/Feria-Ciencias-Provincial-2-2048x1366.jpeg 2048w\" sizes=\"(max-width: 1900px) 100vw, 1900px\" \/><\/figure>\n\n\n\n<figure class=\"wp-block-image size-large\"><img decoding=\"async\" loading=\"lazy\" width=\"1900\" height=\"1266\" data-id=\"10494\"  src=\"https:\/\/des-tuc.infd.edu.ar\/sitio\/wp-content\/uploads\/2024\/08\/Feria-Ciencias-Provincial-1-1900x1266.jpeg\" alt=\"\" class=\"wp-image-10494\" srcset=\"https:\/\/des-tuc.infd.edu.ar\/sitio\/wp-content\/uploads\/2024\/08\/Feria-Ciencias-Provincial-1-1900x1266.jpeg 1900w, https:\/\/des-tuc.infd.edu.ar\/sitio\/wp-content\/uploads\/2024\/08\/Feria-Ciencias-Provincial-1-1000x666.jpeg 1000w, https:\/\/des-tuc.infd.edu.ar\/sitio\/wp-content\/uploads\/2024\/08\/Feria-Ciencias-Provincial-1-768x512.jpeg 768w, https:\/\/des-tuc.infd.edu.ar\/sitio\/wp-content\/uploads\/2024\/08\/Feria-Ciencias-Provincial-1-1536x1024.jpeg 1536w, https:\/\/des-tuc.infd.edu.ar\/sitio\/wp-content\/uploads\/2024\/08\/Feria-Ciencias-Provincial-1-2048x1365.jpeg 2048w\" sizes=\"(max-width: 1900px) 100vw, 1900px\" \/><\/figure>\n\n\n\n<figure class=\"wp-block-image size-large\"><img decoding=\"async\" loading=\"lazy\" width=\"1900\" height=\"1266\" data-id=\"10495\"  src=\"https:\/\/des-tuc.infd.edu.ar\/sitio\/wp-content\/uploads\/2024\/08\/Feria-Ciencias-Provincial-13-1900x1266.jpeg\" alt=\"\" class=\"wp-image-10495\" srcset=\"https:\/\/des-tuc.infd.edu.ar\/sitio\/wp-content\/uploads\/2024\/08\/Feria-Ciencias-Provincial-13-1900x1266.jpeg 1900w, https:\/\/des-tuc.infd.edu.ar\/sitio\/wp-content\/uploads\/2024\/08\/Feria-Ciencias-Provincial-13-1000x666.jpeg 1000w, https:\/\/des-tuc.infd.edu.ar\/sitio\/wp-content\/uploads\/2024\/08\/Feria-Ciencias-Provincial-13-768x512.jpeg 768w, https:\/\/des-tuc.infd.edu.ar\/sitio\/wp-content\/uploads\/2024\/08\/Feria-Ciencias-Provincial-13-1536x1024.jpeg 1536w, https:\/\/des-tuc.infd.edu.ar\/sitio\/wp-content\/uploads\/2024\/08\/Feria-Ciencias-Provincial-13-2048x1365.jpeg 2048w\" sizes=\"(max-width: 1900px) 100vw, 1900px\" \/><\/figure>\n\n\n\n<figure class=\"wp-block-image size-large\"><img decoding=\"async\" loading=\"lazy\" width=\"1900\" height=\"1266\" data-id=\"10497\"  src=\"https:\/\/des-tuc.infd.edu.ar\/sitio\/wp-content\/uploads\/2024\/08\/Feria-Ciencias-Provincial-12-1900x1266.jpeg\" alt=\"\" class=\"wp-image-10497\" srcset=\"https:\/\/des-tuc.infd.edu.ar\/sitio\/wp-content\/uploads\/2024\/08\/Feria-Ciencias-Provincial-12-1900x1266.jpeg 1900w, https:\/\/des-tuc.infd.edu.ar\/sitio\/wp-content\/uploads\/2024\/08\/Feria-Ciencias-Provincial-12-1000x666.jpeg 1000w, https:\/\/des-tuc.infd.edu.ar\/sitio\/wp-content\/uploads\/2024\/08\/Feria-Ciencias-Provincial-12-768x512.jpeg 768w, https:\/\/des-tuc.infd.edu.ar\/sitio\/wp-content\/uploads\/2024\/08\/Feria-Ciencias-Provincial-12-1536x1024.jpeg 1536w, https:\/\/des-tuc.infd.edu.ar\/sitio\/wp-content\/uploads\/2024\/08\/Feria-Ciencias-Provincial-12-2048x1365.jpeg 2048w\" sizes=\"(max-width: 1900px) 100vw, 1900px\" \/><\/figure>\n\n\n\n<figure class=\"wp-block-image size-large\"><img decoding=\"async\" loading=\"lazy\" width=\"1900\" height=\"1266\" data-id=\"10498\"  src=\"https:\/\/des-tuc.infd.edu.ar\/sitio\/wp-content\/uploads\/2024\/08\/Feria-Ciencias-Provincial-11-1900x1266.jpeg\" alt=\"\" class=\"wp-image-10498\" srcset=\"https:\/\/des-tuc.infd.edu.ar\/sitio\/wp-content\/uploads\/2024\/08\/Feria-Ciencias-Provincial-11-1900x1266.jpeg 1900w, https:\/\/des-tuc.infd.edu.ar\/sitio\/wp-content\/uploads\/2024\/08\/Feria-Ciencias-Provincial-11-1000x666.jpeg 1000w, https:\/\/des-tuc.infd.edu.ar\/sitio\/wp-content\/uploads\/2024\/08\/Feria-Ciencias-Provincial-11-768x512.jpeg 768w, https:\/\/des-tuc.infd.edu.ar\/sitio\/wp-content\/uploads\/2024\/08\/Feria-Ciencias-Provincial-11-1536x1024.jpeg 1536w, https:\/\/des-tuc.infd.edu.ar\/sitio\/wp-content\/uploads\/2024\/08\/Feria-Ciencias-Provincial-11-2048x1365.jpeg 2048w\" sizes=\"(max-width: 1900px) 100vw, 1900px\" \/><\/figure>\n<\/figure>\n","protected":false},"excerpt":{"rendered":"<p>En el CIIDEPT se llev\u00f3 adelante el primer encuentro de la Instancia Provincial de Feria de Ciencias, en donde estudiantes de escuelas del Circuito 1 (Cruz Alta y Burruyacu) exhibieron sus proyectos de indagaci\u00f3n escolar. A lo largo de esta instancia, participar\u00e1n 230 proyectos que ser\u00e1n exhibidos en distintos lugares de la provincia; y tiene &#8230; <a title=\"Comenz\u00f3 la Instancia Provincial de Feria de Ciencias en el CIIDEPT\" class=\"read-more\" href=\"https:\/\/des-tuc.infd.edu.ar\/sitio\/comenzo-la-instancia-provincial-de-feria-de-ciencias-en-el-ciidept\/\" aria-label=\"More on Comenz\u00f3 la Instancia Provincial de Feria de Ciencias en el CIIDEPT\">[+]<\/a><\/p>\n","protected":false},"author":543,"featured_media":10496,"comment_status":"closed","ping_status":"closed","sticky":false,"template":"","format":"standard","meta":[],"categories":[7,6],"tags":[],"acf":[],"_links":{"self":[{"href":"https:\/\/des-tuc.infd.edu.ar\/sitio\/wp-json\/wp\/v2\/posts\/10478"}],"collection":[{"href":"https:\/\/des-tuc.infd.edu.ar\/sitio\/wp-json\/wp\/v2\/posts"}],"about":[{"href":"https:\/\/des-tuc.infd.edu.ar\/sitio\/wp-json\/wp\/v2\/types\/post"}],"author":[{"embeddable":true,"href":"https:\/\/des-tuc.infd.edu.ar\/sitio\/wp-json\/wp\/v2\/users\/543"}],"replies":[{"embeddable":true,"href":"https:\/\/des-tuc.infd.edu.ar\/sitio\/wp-json\/wp\/v2\/comments?post=10478"}],"version-history":[{"count":2,"href":"https:\/\/des-tuc.infd.edu.ar\/sitio\/wp-json\/wp\/v2\/posts\/10478\/revisions"}],"predecessor-version":[{"id":10500,"href":"https:\/\/des-tuc.infd.edu.ar\/sitio\/wp-json\/wp\/v2\/posts\/10478\/revisions\/10500"}],"wp:featuredmedia":[{"embeddable":true,"href":"https:\/\/des-tuc.infd.edu.ar\/sitio\/wp-json\/wp\/v2\/media\/10496"}],"wp:attachment":[{"href":"https:\/\/des-tuc.infd.edu.ar\/sitio\/wp-json\/wp\/v2\/media?parent=10478"}],"wp:term":[{"taxonomy":"category","embeddable":true,"href":"https:\/\/des-tuc.infd.edu.ar\/sitio\/wp-json\/wp\/v2\/categories?post=10478"},{"taxonomy":"post_tag","embeddable":true,"href":"https:\/\/des-tuc.infd.edu.ar\/sitio\/wp-json\/wp\/v2\/tags?post=10478"}],"curies":[{"name":"wp","href":"https:\/\/api.w.org\/{rel}","templated":true}]}}