{"id":10444,"date":"2024-08-01T16:47:04","date_gmt":"2024-08-01T19:47:04","guid":{"rendered":"https:\/\/des-tuc.infd.edu.ar\/sitio\/?p=10444"},"modified":"2024-08-01T16:47:06","modified_gmt":"2024-08-01T19:47:06","slug":"educacion-lanza-trayectos-de-formacion-docente-en-articulacion-con-la-afip","status":"publish","type":"post","link":"https:\/\/des-tuc.infd.edu.ar\/sitio\/educacion-lanza-trayectos-de-formacion-docente-en-articulacion-con-la-afip\/","title":{"rendered":"Educaci\u00f3n lanza trayectos de formaci\u00f3n docente en articulaci\u00f3n con la AFIP"},"content":{"rendered":"\n<p>El equipo de Formaci\u00f3n Docente Continua e Investigaci\u00f3n (FDCI), dependiente de la Direcci\u00f3n de Nivel Superior No Universitaria, en articulaci\u00f3n con los diversos organismos y dependencias que integran el Ministerio de Educaci\u00f3n a cargo de la&nbsp;<strong>Prof. Susana Montaldo<\/strong>, informa que este 2 de agosto se dar\u00e1 inicio a nuevos trayectos de formaci\u00f3n docente.<\/p>\n\n\n\n<p>La presente capacitaci\u00f3n de&nbsp;<strong>Educaci\u00f3n en derechos y responsabilidades fiscales<\/strong>, forma parte de un programa que se desarrolla conjuntamente entre la Administraci\u00f3n Federal de Ingresos P\u00fablicos (AFIP) y el Ministerio de Educaci\u00f3n con el objetivo de promover una ciudadan\u00eda activa y responsable.<\/p>\n\n\n\n<p>Este dispositivo cuenta con 40hs c\u00e1tedras y est\u00e1 destinado a docentes de nivel secundario, de las \u00e1reas de formaci\u00f3n \u00e9tica y ciudadana, econom\u00eda y contabilidad.<\/p>\n\n\n\n<p>El mismo hace eje en la importancia de una comprensi\u00f3n de la cultura tributaria que parta de la formaci\u00f3n en valores \u00e9ticos y se enmarque en el ejercicio de una ciudadan\u00eda responsable que prioriza lo p\u00fablico, y se corporiza en los derechos y las obligaciones, en el entendimiento de que la tributaci\u00f3n constituye el principal recurso econ\u00f3mico para el sostenimiento del Estado.<\/p>\n\n\n\n<p>Ofrece un conjunto de contenidos te\u00f3ricos y actividades, que enriquecen las estrategias did\u00e1cticas requeridas para instrumentar espacios de an\u00e1lisis y reflexi\u00f3n en el aula acerca de esta tem\u00e1tica.<\/p>\n\n\n\n<p>La inscripci\u00f3n estar\u00e1 vigente desde el viernes 02 de agosto a las 17hs\u00a0hasta el lunes 05 de agosto a las 23.59h o hasta agotar los cupos disponibles. Para acceder debe poseer registro en el Espacio de Formaci\u00f3n Personal, cumplir con los destinatarios e ingresar a la inscripci\u00f3n en el siguiente enlace:\u00a0<a href=\"https:\/\/capacitaciondocente.educaciontuc.gov.ar\/capacitaciones\/d1ZKbZm2\/educacion-en-derechos-y-responsabilidades-fiscales-un-enfoque-integral-para-la-formacion-ciudadana\">https:\/\/capacitaciondocente.educaciontuc.gov.ar\/capacitaciones\/d1ZKbZm2\/educacion-en-derechos-y-responsabilidades-fiscales-un-enfoque-integral-para-la-formacion-ciudadana<\/a><\/p>\n\n\n\n<p><\/p>\n\n\n\n<p>Fuente: <a href=\"https:\/\/www.educaciontuc.gov.ar\/2024\/08\/01\/educacion-lanza-trayectos-de-formacion-docente-en-articulacion-con-la-afip\/\" target=\"_blank\" rel=\"noreferrer noopener\">https:\/\/www.educaciontuc.gov.ar\/2024\/08\/01\/educacion-lanza-trayectos-de-formacion-docente-en-articulacion-con-la-afip\/<\/a> <\/p>\n","protected":false},"excerpt":{"rendered":"<p>El equipo de Formaci\u00f3n Docente Continua e Investigaci\u00f3n (FDCI), dependiente de la Direcci\u00f3n de Nivel Superior No Universitaria, en articulaci\u00f3n con los diversos organismos y dependencias que integran el Ministerio de Educaci\u00f3n a cargo de la&nbsp;Prof. Susana Montaldo, informa que este 2 de agosto se dar\u00e1 inicio a nuevos trayectos de formaci\u00f3n docente. La presente &#8230; <a title=\"Educaci\u00f3n lanza trayectos de formaci\u00f3n docente en articulaci\u00f3n con la AFIP\" class=\"read-more\" href=\"https:\/\/des-tuc.infd.edu.ar\/sitio\/educacion-lanza-trayectos-de-formacion-docente-en-articulacion-con-la-afip\/\" aria-label=\"More on Educaci\u00f3n lanza trayectos de formaci\u00f3n docente en articulaci\u00f3n con la AFIP\">[+]<\/a><\/p>\n","protected":false},"author":543,"featured_media":10445,"comment_status":"closed","ping_status":"closed","sticky":false,"template":"","format":"standard","meta":[],"categories":[7,6],"tags":[],"acf":[],"_links":{"self":[{"href":"https:\/\/des-tuc.infd.edu.ar\/sitio\/wp-json\/wp\/v2\/posts\/10444"}],"collection":[{"href":"https:\/\/des-tuc.infd.edu.ar\/sitio\/wp-json\/wp\/v2\/posts"}],"about":[{"href":"https:\/\/des-tuc.infd.edu.ar\/sitio\/wp-json\/wp\/v2\/types\/post"}],"author":[{"embeddable":true,"href":"https:\/\/des-tuc.infd.edu.ar\/sitio\/wp-json\/wp\/v2\/users\/543"}],"replies":[{"embeddable":true,"href":"https:\/\/des-tuc.infd.edu.ar\/sitio\/wp-json\/wp\/v2\/comments?post=10444"}],"version-history":[{"count":1,"href":"https:\/\/des-tuc.infd.edu.ar\/sitio\/wp-json\/wp\/v2\/posts\/10444\/revisions"}],"predecessor-version":[{"id":10446,"href":"https:\/\/des-tuc.infd.edu.ar\/sitio\/wp-json\/wp\/v2\/posts\/10444\/revisions\/10446"}],"wp:featuredmedia":[{"embeddable":true,"href":"https:\/\/des-tuc.infd.edu.ar\/sitio\/wp-json\/wp\/v2\/media\/10445"}],"wp:attachment":[{"href":"https:\/\/des-tuc.infd.edu.ar\/sitio\/wp-json\/wp\/v2\/media?parent=10444"}],"wp:term":[{"taxonomy":"category","embeddable":true,"href":"https:\/\/des-tuc.infd.edu.ar\/sitio\/wp-json\/wp\/v2\/categories?post=10444"},{"taxonomy":"post_tag","embeddable":true,"href":"https:\/\/des-tuc.infd.edu.ar\/sitio\/wp-json\/wp\/v2\/tags?post=10444"}],"curies":[{"name":"wp","href":"https:\/\/api.w.org\/{rel}","templated":true}]}}