{"id":10436,"date":"2024-07-26T10:35:14","date_gmt":"2024-07-26T13:35:14","guid":{"rendered":"https:\/\/des-tuc.infd.edu.ar\/sitio\/?p=10436"},"modified":"2024-07-26T10:35:16","modified_gmt":"2024-07-26T13:35:16","slug":"capacitacion-discapacidad-en-el-nivel-superior-no-universitario-estrategias-para-la-practica-educativa","status":"publish","type":"post","link":"https:\/\/des-tuc.infd.edu.ar\/sitio\/capacitacion-discapacidad-en-el-nivel-superior-no-universitario-estrategias-para-la-practica-educativa\/","title":{"rendered":"Capacitaci\u00f3n:\u00a0\u00a0Discapacidad en el Nivel Superior no universitario, estrategias para la Pr\u00e1ctica Educativa."},"content":{"rendered":"\n<p>En el marco del trabajo articulado entre el Equipo de Trayectorias Educativas de la DESNU y la Direcci\u00f3n de Educaci\u00f3n Especial del Ministerio de Educaci\u00f3n de Tucum\u00e1n, el pasado 24 de julio en las instalaciones del CIIDEPT se desarroll\u00f3 &nbsp;la capacitaci\u00f3n titulada \u201c<strong>Discapacidad en el Nivel Superior no universitario, estrategias para la Pr\u00e1ctica Educativa, la misma tuvo como destinatarios<\/strong>&nbsp;&nbsp;a docentes de nivel superior no universitario, de gesti\u00f3n estatal y&nbsp;gesti\u00f3n privada. En dicho encuentro se cont\u00f3 con la presencia de la Directora de Educaci\u00f3n Superior No Universitaria Prof.&nbsp;<strong>Silvina Fern\u00e1ndez<\/strong>&nbsp;y la Directora de Educaci\u00f3n Especial&nbsp;<strong>Lic.<\/strong>&nbsp;<strong>Viviana Nasir.<\/strong><\/p>\n\n\n\n<p>Durante la jornada se abordaron las tem\u00e1ticas de&nbsp;discapacidad motora, discapacidad visual, discapacidad intelectual, discapacidad auditiva y TEA, a cargo de especialistas de la Direcci\u00f3n de Educaci\u00f3n Especial quienes compartieron con los docentes estrategias para ser utilizadas en el aula con el objetivo de acompa\u00f1ar las trayectorias de los alumnos en nuestras instituciones de nivel superior no universitario.<\/p>\n\n\n\n<p>Considerando la relevancia del tema y los aportes de la misma a la formaci\u00f3n de los docentes, desde las Direcciones involucradas se informa que la capacitaci\u00f3n se replicar\u00e1 para los docentes de las instituciones superior no universitaria del sur de la provincia.<\/p>\n\n\n\n<p>Se destaca que a pesar de que la capacitaci\u00f3n no brinda puntaje docente, los cupos de la convocatoria fueron superados ampliamente.<\/p>\n\n\n\n<figure class=\"wp-block-gallery has-nested-images columns-default is-cropped wp-block-gallery-1 is-layout-flex\">\n<figure class=\"wp-block-image size-large\"><img decoding=\"async\" loading=\"lazy\" width=\"1900\" height=\"1425\" data-id=\"10440\"  src=\"https:\/\/des-tuc.infd.edu.ar\/sitio\/wp-content\/uploads\/2024\/07\/IMG_9450-1900x1425.jpeg\" alt=\"\" class=\"wp-image-10440\" srcset=\"https:\/\/des-tuc.infd.edu.ar\/sitio\/wp-content\/uploads\/2024\/07\/IMG_9450-1900x1425.jpeg 1900w, https:\/\/des-tuc.infd.edu.ar\/sitio\/wp-content\/uploads\/2024\/07\/IMG_9450-1000x750.jpeg 1000w, https:\/\/des-tuc.infd.edu.ar\/sitio\/wp-content\/uploads\/2024\/07\/IMG_9450-768x576.jpeg 768w, https:\/\/des-tuc.infd.edu.ar\/sitio\/wp-content\/uploads\/2024\/07\/IMG_9450-1536x1152.jpeg 1536w, https:\/\/des-tuc.infd.edu.ar\/sitio\/wp-content\/uploads\/2024\/07\/IMG_9450-2048x1536.jpeg 2048w\" sizes=\"(max-width: 1900px) 100vw, 1900px\" \/><\/figure>\n\n\n\n<figure class=\"wp-block-image size-large\"><img decoding=\"async\" loading=\"lazy\" width=\"1900\" height=\"1425\" data-id=\"10442\"  src=\"https:\/\/des-tuc.infd.edu.ar\/sitio\/wp-content\/uploads\/2024\/07\/IMG_9455-1900x1425.jpeg\" alt=\"\" class=\"wp-image-10442\" srcset=\"https:\/\/des-tuc.infd.edu.ar\/sitio\/wp-content\/uploads\/2024\/07\/IMG_9455-1900x1425.jpeg 1900w, https:\/\/des-tuc.infd.edu.ar\/sitio\/wp-content\/uploads\/2024\/07\/IMG_9455-1000x750.jpeg 1000w, https:\/\/des-tuc.infd.edu.ar\/sitio\/wp-content\/uploads\/2024\/07\/IMG_9455-768x576.jpeg 768w, https:\/\/des-tuc.infd.edu.ar\/sitio\/wp-content\/uploads\/2024\/07\/IMG_9455-1536x1152.jpeg 1536w, https:\/\/des-tuc.infd.edu.ar\/sitio\/wp-content\/uploads\/2024\/07\/IMG_9455-2048x1536.jpeg 2048w\" sizes=\"(max-width: 1900px) 100vw, 1900px\" \/><\/figure>\n\n\n\n<figure class=\"wp-block-image size-large\"><img decoding=\"async\" loading=\"lazy\" width=\"1425\" height=\"1900\" data-id=\"10438\"  src=\"https:\/\/des-tuc.infd.edu.ar\/sitio\/wp-content\/uploads\/2024\/07\/IMG_9466-1425x1900.jpeg\" alt=\"\" class=\"wp-image-10438\" srcset=\"https:\/\/des-tuc.infd.edu.ar\/sitio\/wp-content\/uploads\/2024\/07\/IMG_9466-1425x1900.jpeg 1425w, https:\/\/des-tuc.infd.edu.ar\/sitio\/wp-content\/uploads\/2024\/07\/IMG_9466-750x1000.jpeg 750w, https:\/\/des-tuc.infd.edu.ar\/sitio\/wp-content\/uploads\/2024\/07\/IMG_9466-768x1024.jpeg 768w, https:\/\/des-tuc.infd.edu.ar\/sitio\/wp-content\/uploads\/2024\/07\/IMG_9466-1152x1536.jpeg 1152w, https:\/\/des-tuc.infd.edu.ar\/sitio\/wp-content\/uploads\/2024\/07\/IMG_9466-1536x2048.jpeg 1536w, https:\/\/des-tuc.infd.edu.ar\/sitio\/wp-content\/uploads\/2024\/07\/IMG_9466-scaled.jpeg 1920w\" sizes=\"(max-width: 1425px) 100vw, 1425px\" \/><\/figure>\n\n\n\n<figure class=\"wp-block-image size-large\"><img decoding=\"async\" loading=\"lazy\" width=\"1425\" height=\"1900\" data-id=\"10441\"  src=\"https:\/\/des-tuc.infd.edu.ar\/sitio\/wp-content\/uploads\/2024\/07\/IMG_9477-1425x1900.jpeg\" alt=\"\" class=\"wp-image-10441\" srcset=\"https:\/\/des-tuc.infd.edu.ar\/sitio\/wp-content\/uploads\/2024\/07\/IMG_9477-1425x1900.jpeg 1425w, https:\/\/des-tuc.infd.edu.ar\/sitio\/wp-content\/uploads\/2024\/07\/IMG_9477-750x1000.jpeg 750w, https:\/\/des-tuc.infd.edu.ar\/sitio\/wp-content\/uploads\/2024\/07\/IMG_9477-768x1024.jpeg 768w, https:\/\/des-tuc.infd.edu.ar\/sitio\/wp-content\/uploads\/2024\/07\/IMG_9477-1152x1536.jpeg 1152w, https:\/\/des-tuc.infd.edu.ar\/sitio\/wp-content\/uploads\/2024\/07\/IMG_9477-1536x2048.jpeg 1536w, https:\/\/des-tuc.infd.edu.ar\/sitio\/wp-content\/uploads\/2024\/07\/IMG_9477-scaled.jpeg 1920w\" sizes=\"(max-width: 1425px) 100vw, 1425px\" \/><\/figure>\n\n\n\n<figure class=\"wp-block-image size-large\"><img decoding=\"async\" loading=\"lazy\" width=\"1425\" height=\"1900\" data-id=\"10439\"  src=\"https:\/\/des-tuc.infd.edu.ar\/sitio\/wp-content\/uploads\/2024\/07\/IMG_9504-1425x1900.jpeg\" alt=\"\" class=\"wp-image-10439\" srcset=\"https:\/\/des-tuc.infd.edu.ar\/sitio\/wp-content\/uploads\/2024\/07\/IMG_9504-1425x1900.jpeg 1425w, https:\/\/des-tuc.infd.edu.ar\/sitio\/wp-content\/uploads\/2024\/07\/IMG_9504-750x1000.jpeg 750w, https:\/\/des-tuc.infd.edu.ar\/sitio\/wp-content\/uploads\/2024\/07\/IMG_9504-768x1024.jpeg 768w, https:\/\/des-tuc.infd.edu.ar\/sitio\/wp-content\/uploads\/2024\/07\/IMG_9504-1152x1536.jpeg 1152w, https:\/\/des-tuc.infd.edu.ar\/sitio\/wp-content\/uploads\/2024\/07\/IMG_9504-1536x2048.jpeg 1536w, https:\/\/des-tuc.infd.edu.ar\/sitio\/wp-content\/uploads\/2024\/07\/IMG_9504-scaled.jpeg 1920w\" sizes=\"(max-width: 1425px) 100vw, 1425px\" \/><\/figure>\n\n\n\n<figure class=\"wp-block-image size-large\"><img decoding=\"async\" loading=\"lazy\" width=\"1425\" height=\"1900\" data-id=\"10437\"  src=\"https:\/\/des-tuc.infd.edu.ar\/sitio\/wp-content\/uploads\/2024\/07\/IMG_9514-1425x1900.jpeg\" alt=\"\" class=\"wp-image-10437\" srcset=\"https:\/\/des-tuc.infd.edu.ar\/sitio\/wp-content\/uploads\/2024\/07\/IMG_9514-1425x1900.jpeg 1425w, https:\/\/des-tuc.infd.edu.ar\/sitio\/wp-content\/uploads\/2024\/07\/IMG_9514-750x1000.jpeg 750w, https:\/\/des-tuc.infd.edu.ar\/sitio\/wp-content\/uploads\/2024\/07\/IMG_9514-768x1024.jpeg 768w, https:\/\/des-tuc.infd.edu.ar\/sitio\/wp-content\/uploads\/2024\/07\/IMG_9514-1152x1536.jpeg 1152w, https:\/\/des-tuc.infd.edu.ar\/sitio\/wp-content\/uploads\/2024\/07\/IMG_9514-1536x2048.jpeg 1536w, https:\/\/des-tuc.infd.edu.ar\/sitio\/wp-content\/uploads\/2024\/07\/IMG_9514-scaled.jpeg 1920w\" sizes=\"(max-width: 1425px) 100vw, 1425px\" \/><\/figure>\n<\/figure>\n","protected":false},"excerpt":{"rendered":"<p>En el marco del trabajo articulado entre el Equipo de Trayectorias Educativas de la DESNU y la Direcci\u00f3n de Educaci\u00f3n Especial del Ministerio de Educaci\u00f3n de Tucum\u00e1n, el pasado 24 de julio en las instalaciones del CIIDEPT se desarroll\u00f3 &nbsp;la capacitaci\u00f3n titulada \u201cDiscapacidad en el Nivel Superior no universitario, estrategias para la Pr\u00e1ctica Educativa, la &#8230; <a title=\"Capacitaci\u00f3n:\u00a0\u00a0Discapacidad en el Nivel Superior no universitario, estrategias para la Pr\u00e1ctica Educativa.\" class=\"read-more\" href=\"https:\/\/des-tuc.infd.edu.ar\/sitio\/capacitacion-discapacidad-en-el-nivel-superior-no-universitario-estrategias-para-la-practica-educativa\/\" aria-label=\"More on Capacitaci\u00f3n:\u00a0\u00a0Discapacidad en el Nivel Superior no universitario, estrategias para la Pr\u00e1ctica Educativa.\">[+]<\/a><\/p>\n","protected":false},"author":543,"featured_media":10440,"comment_status":"closed","ping_status":"closed","sticky":false,"template":"","format":"standard","meta":[],"categories":[7,6],"tags":[],"acf":[],"_links":{"self":[{"href":"https:\/\/des-tuc.infd.edu.ar\/sitio\/wp-json\/wp\/v2\/posts\/10436"}],"collection":[{"href":"https:\/\/des-tuc.infd.edu.ar\/sitio\/wp-json\/wp\/v2\/posts"}],"about":[{"href":"https:\/\/des-tuc.infd.edu.ar\/sitio\/wp-json\/wp\/v2\/types\/post"}],"author":[{"embeddable":true,"href":"https:\/\/des-tuc.infd.edu.ar\/sitio\/wp-json\/wp\/v2\/users\/543"}],"replies":[{"embeddable":true,"href":"https:\/\/des-tuc.infd.edu.ar\/sitio\/wp-json\/wp\/v2\/comments?post=10436"}],"version-history":[{"count":1,"href":"https:\/\/des-tuc.infd.edu.ar\/sitio\/wp-json\/wp\/v2\/posts\/10436\/revisions"}],"predecessor-version":[{"id":10443,"href":"https:\/\/des-tuc.infd.edu.ar\/sitio\/wp-json\/wp\/v2\/posts\/10436\/revisions\/10443"}],"wp:featuredmedia":[{"embeddable":true,"href":"https:\/\/des-tuc.infd.edu.ar\/sitio\/wp-json\/wp\/v2\/media\/10440"}],"wp:attachment":[{"href":"https:\/\/des-tuc.infd.edu.ar\/sitio\/wp-json\/wp\/v2\/media?parent=10436"}],"wp:term":[{"taxonomy":"category","embeddable":true,"href":"https:\/\/des-tuc.infd.edu.ar\/sitio\/wp-json\/wp\/v2\/categories?post=10436"},{"taxonomy":"post_tag","embeddable":true,"href":"https:\/\/des-tuc.infd.edu.ar\/sitio\/wp-json\/wp\/v2\/tags?post=10436"}],"curies":[{"name":"wp","href":"https:\/\/api.w.org\/{rel}","templated":true}]}}