{"id":10393,"date":"2024-07-23T09:50:36","date_gmt":"2024-07-23T12:50:36","guid":{"rendered":"https:\/\/des-tuc.infd.edu.ar\/sitio\/?p=10393"},"modified":"2024-07-23T09:50:37","modified_gmt":"2024-07-23T12:50:37","slug":"estudio-y-formacion-que-cumplen-suenos","status":"publish","type":"post","link":"https:\/\/des-tuc.infd.edu.ar\/sitio\/estudio-y-formacion-que-cumplen-suenos\/","title":{"rendered":"Estudio y formaci\u00f3n que cumplen sue\u00f1os."},"content":{"rendered":"\n<p><\/p>\n\n\n\n<p>El pr\u00f3ximo 21 de agosto, la profesora de ingl\u00e9s Nadia Mansilla,&nbsp;egresada del IES Aguilares, cumplir\u00e1 su sue\u00f1o de viajar a EEUU como becaria de la Comisi\u00f3n Fulbright, para trabajar como asistente de idioma espa\u00f1ol en Amherst College, Massachusetts por nueve meses.<\/p>\n\n\n\n<p>Oriunda de la localidad de Alpachiri, y gracias a su esfuerzo y dedicaci\u00f3n al estudio, Nadia es la primera en su familia en obtener un t\u00edtulo de educaci\u00f3n superior. Si bien su sue\u00f1o siempre fue ser profesora de ingl\u00e9s, debido a las distancias y a las dificultades econ\u00f3micas, Nadia no pudo optar&nbsp;por el profesorado del IESA cuando termin\u00f3 el secundario, por lo cual primero estudi\u00f3 y se recibi\u00f3 de T\u00e9cnica Superior en Bioenerg\u00eda en el IES Concepci\u00f3n. Luego, gracias a su trabajo y a su perseverancia, se recibi\u00f3 de Profesora de Ingl\u00e9s, y actualmente cursa la Licenciatura en Ingl\u00e9s en la Universidad Nacional de Santiago del Estero.<\/p>\n\n\n\n<p>En 2024, la Comisi\u00f3n Fulbright seleccion\u00f3 a diecis\u00e9is j\u00f3venes docentes de ingl\u00e9s de Argentina para ser Asistentes de Idioma Espa\u00f1ol en universidades e instituciones de Educaci\u00f3n Superior de distintos estados en los EEUU, entre ellos dos tucumanos, Nadia Mansilla y Emiliano Rivadeneira, quien reside en R\u00edo Negro y es tambi\u00e9n egresado del IES Aguilares.<\/p>\n\n\n\n<p>En estos d\u00edas, los j\u00f3venes becarios, se encuentran en Buenos Aires, realizando los tr\u00e1mites de sus visas y conociendo a los otros becarios del resto del pa\u00eds; el martes 16 de julio asistir\u00e1n a una orientaci\u00f3n previa al viaje preparada por la Secretar\u00eda de Educaci\u00f3n de la Naci\u00f3n.<\/p>\n\n\n\n<p>&nbsp;Gracias a convenios firmados entre la Comisi\u00f3n Fulbright (EEUU) y el Gobierno de la Naci\u00f3n a trav\u00e9s de los Ministerios de Educaci\u00f3n Nacional y Provincial, decenas de j\u00f3venes profesionales pueden acceder a ser&nbsp;Asistentes de Idioma Espa\u00f1ol en EEUU, desarrollando su perfil docente en colaboraci\u00f3n con profesores nativos estadounidenses, cumpliendo su rol de informantes ling\u00fc\u00edsticos y embajadores culturales, en una experiencia de total inmersi\u00f3n que les permite crecer personal, acad\u00e9mica y profesionalmente.&nbsp; &nbsp;<\/p>\n\n\n\n<p>Desde el Programa de Becas Internacionales de la Direcci\u00f3n de Educaci\u00f3n No Universitaria, orgullosos de ellos, les deseamos un excelente a\u00f1o y los esperamos para que a su regreso nos cuenten sus vivencias y aprendizajes. tambi\u00e9n alentamos a todos los j\u00f3venes docentes de ingl\u00e9s, a estar atentos a la convocatoria para la beca ETA (English Teaching Assistant) que ser\u00e1 publicada pr\u00f3ximamente, en los sitios oficiales de los Ministerios de Educaci\u00f3n de la Naci\u00f3n y de la Provincia, y en los sitios oficiales de la Comisi\u00f3n Fulbright Argentina.<\/p>\n\n\n\n<figure class=\"wp-block-gallery has-nested-images columns-default is-cropped wp-block-gallery-1 is-layout-flex\">\n<figure class=\"wp-block-image size-large\"><img decoding=\"async\" loading=\"lazy\" width=\"1600\" height=\"1200\" data-id=\"10396\"  src=\"https:\/\/des-tuc.infd.edu.ar\/sitio\/wp-content\/uploads\/2024\/07\/IMG-20240711-WA0068.jpg\" alt=\"\" class=\"wp-image-10396\" srcset=\"https:\/\/des-tuc.infd.edu.ar\/sitio\/wp-content\/uploads\/2024\/07\/IMG-20240711-WA0068.jpg 1600w, https:\/\/des-tuc.infd.edu.ar\/sitio\/wp-content\/uploads\/2024\/07\/IMG-20240711-WA0068-1000x750.jpg 1000w, https:\/\/des-tuc.infd.edu.ar\/sitio\/wp-content\/uploads\/2024\/07\/IMG-20240711-WA0068-768x576.jpg 768w, https:\/\/des-tuc.infd.edu.ar\/sitio\/wp-content\/uploads\/2024\/07\/IMG-20240711-WA0068-1536x1152.jpg 1536w\" sizes=\"(max-width: 1600px) 100vw, 1600px\" \/><\/figure>\n\n\n\n<figure class=\"wp-block-image size-large\"><img decoding=\"async\" loading=\"lazy\" width=\"960\" height=\"1280\" data-id=\"10395\"  src=\"https:\/\/des-tuc.infd.edu.ar\/sitio\/wp-content\/uploads\/2024\/07\/IMG-20240711-WA0069.jpg\" alt=\"\" class=\"wp-image-10395\" srcset=\"https:\/\/des-tuc.infd.edu.ar\/sitio\/wp-content\/uploads\/2024\/07\/IMG-20240711-WA0069.jpg 960w, https:\/\/des-tuc.infd.edu.ar\/sitio\/wp-content\/uploads\/2024\/07\/IMG-20240711-WA0069-750x1000.jpg 750w, https:\/\/des-tuc.infd.edu.ar\/sitio\/wp-content\/uploads\/2024\/07\/IMG-20240711-WA0069-768x1024.jpg 768w\" sizes=\"(max-width: 960px) 100vw, 960px\" \/><\/figure>\n<\/figure>\n\n\n\n<p><\/p>\n","protected":false},"excerpt":{"rendered":"<p>El pr\u00f3ximo 21 de agosto, la profesora de ingl\u00e9s Nadia Mansilla,&nbsp;egresada del IES Aguilares, cumplir\u00e1 su sue\u00f1o de viajar a EEUU como becaria de la Comisi\u00f3n Fulbright, para trabajar como asistente de idioma espa\u00f1ol en Amherst College, Massachusetts por nueve meses. Oriunda de la localidad de Alpachiri, y gracias a su esfuerzo y dedicaci\u00f3n al &#8230; <a title=\"Estudio y formaci\u00f3n que cumplen sue\u00f1os.\" class=\"read-more\" href=\"https:\/\/des-tuc.infd.edu.ar\/sitio\/estudio-y-formacion-que-cumplen-suenos\/\" aria-label=\"More on Estudio y formaci\u00f3n que cumplen sue\u00f1os.\">[+]<\/a><\/p>\n","protected":false},"author":543,"featured_media":10397,"comment_status":"closed","ping_status":"closed","sticky":false,"template":"","format":"standard","meta":[],"categories":[7,6],"tags":[],"acf":[],"_links":{"self":[{"href":"https:\/\/des-tuc.infd.edu.ar\/sitio\/wp-json\/wp\/v2\/posts\/10393"}],"collection":[{"href":"https:\/\/des-tuc.infd.edu.ar\/sitio\/wp-json\/wp\/v2\/posts"}],"about":[{"href":"https:\/\/des-tuc.infd.edu.ar\/sitio\/wp-json\/wp\/v2\/types\/post"}],"author":[{"embeddable":true,"href":"https:\/\/des-tuc.infd.edu.ar\/sitio\/wp-json\/wp\/v2\/users\/543"}],"replies":[{"embeddable":true,"href":"https:\/\/des-tuc.infd.edu.ar\/sitio\/wp-json\/wp\/v2\/comments?post=10393"}],"version-history":[{"count":1,"href":"https:\/\/des-tuc.infd.edu.ar\/sitio\/wp-json\/wp\/v2\/posts\/10393\/revisions"}],"predecessor-version":[{"id":10398,"href":"https:\/\/des-tuc.infd.edu.ar\/sitio\/wp-json\/wp\/v2\/posts\/10393\/revisions\/10398"}],"wp:featuredmedia":[{"embeddable":true,"href":"https:\/\/des-tuc.infd.edu.ar\/sitio\/wp-json\/wp\/v2\/media\/10397"}],"wp:attachment":[{"href":"https:\/\/des-tuc.infd.edu.ar\/sitio\/wp-json\/wp\/v2\/media?parent=10393"}],"wp:term":[{"taxonomy":"category","embeddable":true,"href":"https:\/\/des-tuc.infd.edu.ar\/sitio\/wp-json\/wp\/v2\/categories?post=10393"},{"taxonomy":"post_tag","embeddable":true,"href":"https:\/\/des-tuc.infd.edu.ar\/sitio\/wp-json\/wp\/v2\/tags?post=10393"}],"curies":[{"name":"wp","href":"https:\/\/api.w.org\/{rel}","templated":true}]}}