{"id":10381,"date":"2024-07-23T09:46:38","date_gmt":"2024-07-23T12:46:38","guid":{"rendered":"https:\/\/des-tuc.infd.edu.ar\/sitio\/?p=10381"},"modified":"2024-07-23T09:46:40","modified_gmt":"2024-07-23T12:46:40","slug":"velada-intercultural-meet-and-greet-en-el-ies-lola-mora","status":"publish","type":"post","link":"https:\/\/des-tuc.infd.edu.ar\/sitio\/velada-intercultural-meet-and-greet-en-el-ies-lola-mora\/","title":{"rendered":"Velada Intercultural \u00abMeet and Greet\u00bb en el IES Lola Mora"},"content":{"rendered":"\n<p><\/p>\n\n\n\n<p>Durante d\u00e9cadas, el Instituto de Ense\u00f1anza Superior Lola Mora ha abierto sus puertas para recibir a becarios Fulbright, del British Council, de la Embajada Francesa, as\u00ed como tambi\u00e9n ha formado excelentes profesionales que han sido seleccionados como becarios de dichos organismos internacionales. La interculturalizaci\u00f3n de la educaci\u00f3n&nbsp;superior, es as\u00ed una realidad que&nbsp;se&nbsp;consolida en nuestras aulas de nivel superior, y que&nbsp;alcanza a toda la comunidad.<\/p>\n\n\n\n<p>En&nbsp;el marco de los Programas de Becas Fulbright de Asistentes de Idioma Ingl\u00e9s y Beca DASt&nbsp;de Docente Especialista, y con la presencia ambas becarias de los respectivos programas, Abigail Gallup y Katherine Hammer, el 4\u00b0 a\u00f1o del Profesorado de Ingl\u00e9s, con la gu\u00eda de la&nbsp; docente Johana S\u00e1nchez, profesora de Pr\u00e1ctica Profesional IV, organiz\u00f3 una velada de \u00abMeet and Greet, para socializar el Proyecto \u00abPersonas Puente\u00bb, y permitir el intercambio sobre experiencias de ense\u00f1anza y aprendizaje de las becarias, los estudiantes de las Pr\u00e1cticas Profesionales de todos los profesorados y de docentes noveles.<\/p>\n\n\n\n<p>La velada comenz\u00f3 con la socializaci\u00f3n del proyecto \u00abPersonas Puente\u00bb, mediante el cual los estudiantes de 4\u00b0a\u00f1o que todav\u00eda no est\u00e1n&nbsp;realizando las pr\u00e1cticas de residencia, impartir\u00e1n un ciclo de talleres destinados a los alumnos de 1\u00b0 y 2\u00b0 a\u00f1o. El objetivo de los talleres, es integrar, motivar y dar herramientas para la perseverancia y el manejo de emociones, y la asistente de idioma ingl\u00e9s ser\u00e1 la encargada de asesorar en lo ling\u00fc\u00edstico y en las tem\u00e1ticas ya que Abigail cuenta con un Master en Trabajo&nbsp;Social.<\/p>\n\n\n\n<p>En un segundo momento, cuatro docentes n\u00f3veles de la instituci\u00f3n, socializaron sus primeras experiencias en el campo laboral, sus incursiones en organismos p\u00fablicos y privados de educaci\u00f3n con proyectos innovadores, como la creaci\u00f3n&nbsp;de material para ense\u00f1ar ingl\u00e9s a personas con discapacidad. Otros contaron c\u00f3mo se les dificulta&nbsp;ingresar en el sistema p\u00fablico de educaci\u00f3n por lo cual el ingl\u00e9s que aprendieron les permite trabajar para empresas internacionales.&nbsp;<\/p>\n\n\n\n<p>En un tercer momento, se realiz\u00f3 la presentaci\u00f3n de la becaria especialista en Ense\u00f1anza de Lenguaje Dual, Kathrine Hammer, quien cont\u00f3 c\u00f3mo se trabaja en este sistema en el nivel primario, y tambi\u00e9n c\u00f3mo fue su experiencia capacitando&nbsp;e intercambiando vivencias con docentes&nbsp;de Salta y Tucum\u00e1n.<\/p>\n\n\n\n<p>Luego, todos los presentes pudieron hacerles preguntas a las becarias, lo cual deriv\u00f3 en un di\u00e1logo muy interesante y enriquecedor para&nbsp;docentes&nbsp;y estudiantes de los distintos profesorados.&nbsp;<\/p>\n\n\n\n<p>El cierre estuvo a cargo de una estudiante que interpret\u00f3 \u201cCheeck to Cheeck\u00bb, la ic\u00f3nica canci\u00f3n de Irving Berl\u00edn; tambi\u00e9n&nbsp; se entregaron agendas personalizadas a las becarias y se ofreci\u00f3 un caf\u00e9 con pasteler\u00eda regional artesanal a todos los presentes.<\/p>\n\n\n\n<p>Desde el Programa de Becas Internacionales de la Direcci\u00f3n de Educaci\u00f3n Superior No Universitaria, agradecemos a la Directora Sandra Faedda, a la Vice Directora Mabel Segovia, a los docentes y estudiantes de todas las carreras, por la impecable organizaci\u00f3n del evento, y por promover experiencias enriquecedoras e innovadoras que hacen a la excelencia de la instituci\u00f3n.<\/p>\n\n\n\n<figure class=\"wp-block-gallery has-nested-images columns-default is-cropped wp-block-gallery-1 is-layout-flex\">\n<figure class=\"wp-block-image size-large\"><img decoding=\"async\" loading=\"lazy\" width=\"853\" height=\"1280\" data-id=\"10384\"  src=\"https:\/\/des-tuc.infd.edu.ar\/sitio\/wp-content\/uploads\/2024\/07\/IMG-20240705-WA0054.jpg\" alt=\"\" class=\"wp-image-10384\" srcset=\"https:\/\/des-tuc.infd.edu.ar\/sitio\/wp-content\/uploads\/2024\/07\/IMG-20240705-WA0054.jpg 853w, https:\/\/des-tuc.infd.edu.ar\/sitio\/wp-content\/uploads\/2024\/07\/IMG-20240705-WA0054-666x1000.jpg 666w, https:\/\/des-tuc.infd.edu.ar\/sitio\/wp-content\/uploads\/2024\/07\/IMG-20240705-WA0054-768x1152.jpg 768w\" sizes=\"(max-width: 853px) 100vw, 853px\" \/><\/figure>\n\n\n\n<figure class=\"wp-block-image size-large\"><img decoding=\"async\" loading=\"lazy\" width=\"853\" height=\"1280\" data-id=\"10383\"  src=\"https:\/\/des-tuc.infd.edu.ar\/sitio\/wp-content\/uploads\/2024\/07\/IMG-20240705-WA0056.jpg\" alt=\"\" class=\"wp-image-10383\" srcset=\"https:\/\/des-tuc.infd.edu.ar\/sitio\/wp-content\/uploads\/2024\/07\/IMG-20240705-WA0056.jpg 853w, https:\/\/des-tuc.infd.edu.ar\/sitio\/wp-content\/uploads\/2024\/07\/IMG-20240705-WA0056-666x1000.jpg 666w, https:\/\/des-tuc.infd.edu.ar\/sitio\/wp-content\/uploads\/2024\/07\/IMG-20240705-WA0056-768x1152.jpg 768w\" sizes=\"(max-width: 853px) 100vw, 853px\" \/><\/figure>\n\n\n\n<figure class=\"wp-block-image size-large\"><img decoding=\"async\" loading=\"lazy\" width=\"1280\" height=\"853\" data-id=\"10386\"  src=\"https:\/\/des-tuc.infd.edu.ar\/sitio\/wp-content\/uploads\/2024\/07\/IMG-20240705-WA0067.jpg\" alt=\"\" class=\"wp-image-10386\" srcset=\"https:\/\/des-tuc.infd.edu.ar\/sitio\/wp-content\/uploads\/2024\/07\/IMG-20240705-WA0067.jpg 1280w, https:\/\/des-tuc.infd.edu.ar\/sitio\/wp-content\/uploads\/2024\/07\/IMG-20240705-WA0067-1000x666.jpg 1000w, https:\/\/des-tuc.infd.edu.ar\/sitio\/wp-content\/uploads\/2024\/07\/IMG-20240705-WA0067-768x512.jpg 768w\" sizes=\"(max-width: 1280px) 100vw, 1280px\" \/><\/figure>\n\n\n\n<figure class=\"wp-block-image size-large\"><img decoding=\"async\" loading=\"lazy\" width=\"1280\" height=\"853\" data-id=\"10382\"  src=\"https:\/\/des-tuc.infd.edu.ar\/sitio\/wp-content\/uploads\/2024\/07\/IMG-20240705-WA0070.jpg\" alt=\"\" class=\"wp-image-10382\" srcset=\"https:\/\/des-tuc.infd.edu.ar\/sitio\/wp-content\/uploads\/2024\/07\/IMG-20240705-WA0070.jpg 1280w, https:\/\/des-tuc.infd.edu.ar\/sitio\/wp-content\/uploads\/2024\/07\/IMG-20240705-WA0070-1000x666.jpg 1000w, https:\/\/des-tuc.infd.edu.ar\/sitio\/wp-content\/uploads\/2024\/07\/IMG-20240705-WA0070-768x512.jpg 768w\" sizes=\"(max-width: 1280px) 100vw, 1280px\" \/><\/figure>\n\n\n\n<figure class=\"wp-block-image size-large\"><img decoding=\"async\" loading=\"lazy\" width=\"1280\" height=\"914\" data-id=\"10387\"  src=\"https:\/\/des-tuc.infd.edu.ar\/sitio\/wp-content\/uploads\/2024\/07\/IMG-20240705-WA0071.jpg\" alt=\"\" class=\"wp-image-10387\" srcset=\"https:\/\/des-tuc.infd.edu.ar\/sitio\/wp-content\/uploads\/2024\/07\/IMG-20240705-WA0071.jpg 1280w, https:\/\/des-tuc.infd.edu.ar\/sitio\/wp-content\/uploads\/2024\/07\/IMG-20240705-WA0071-1000x714.jpg 1000w, https:\/\/des-tuc.infd.edu.ar\/sitio\/wp-content\/uploads\/2024\/07\/IMG-20240705-WA0071-768x548.jpg 768w\" sizes=\"(max-width: 1280px) 100vw, 1280px\" \/><\/figure>\n\n\n\n<figure class=\"wp-block-image size-large\"><img decoding=\"async\" loading=\"lazy\" width=\"1280\" height=\"1280\" data-id=\"10388\"  src=\"https:\/\/des-tuc.infd.edu.ar\/sitio\/wp-content\/uploads\/2024\/07\/IMG-20240705-WA0073.jpg\" alt=\"\" class=\"wp-image-10388\" srcset=\"https:\/\/des-tuc.infd.edu.ar\/sitio\/wp-content\/uploads\/2024\/07\/IMG-20240705-WA0073.jpg 1280w, https:\/\/des-tuc.infd.edu.ar\/sitio\/wp-content\/uploads\/2024\/07\/IMG-20240705-WA0073-1000x1000.jpg 1000w, https:\/\/des-tuc.infd.edu.ar\/sitio\/wp-content\/uploads\/2024\/07\/IMG-20240705-WA0073-500x500.jpg 500w, https:\/\/des-tuc.infd.edu.ar\/sitio\/wp-content\/uploads\/2024\/07\/IMG-20240705-WA0073-768x768.jpg 768w\" sizes=\"(max-width: 1280px) 100vw, 1280px\" \/><\/figure>\n\n\n\n<figure class=\"wp-block-image size-large\"><img decoding=\"async\" loading=\"lazy\" width=\"1280\" height=\"853\" data-id=\"10385\"  src=\"https:\/\/des-tuc.infd.edu.ar\/sitio\/wp-content\/uploads\/2024\/07\/IMG-20240705-WA0072.jpg\" alt=\"\" class=\"wp-image-10385\" srcset=\"https:\/\/des-tuc.infd.edu.ar\/sitio\/wp-content\/uploads\/2024\/07\/IMG-20240705-WA0072.jpg 1280w, https:\/\/des-tuc.infd.edu.ar\/sitio\/wp-content\/uploads\/2024\/07\/IMG-20240705-WA0072-1000x666.jpg 1000w, https:\/\/des-tuc.infd.edu.ar\/sitio\/wp-content\/uploads\/2024\/07\/IMG-20240705-WA0072-768x512.jpg 768w\" sizes=\"(max-width: 1280px) 100vw, 1280px\" \/><\/figure>\n\n\n\n<figure class=\"wp-block-image size-large\"><img decoding=\"async\" loading=\"lazy\" width=\"1280\" height=\"1280\" data-id=\"10389\"  src=\"https:\/\/des-tuc.infd.edu.ar\/sitio\/wp-content\/uploads\/2024\/07\/IMG-20240705-WA0075.jpg\" alt=\"\" class=\"wp-image-10389\" srcset=\"https:\/\/des-tuc.infd.edu.ar\/sitio\/wp-content\/uploads\/2024\/07\/IMG-20240705-WA0075.jpg 1280w, https:\/\/des-tuc.infd.edu.ar\/sitio\/wp-content\/uploads\/2024\/07\/IMG-20240705-WA0075-1000x1000.jpg 1000w, https:\/\/des-tuc.infd.edu.ar\/sitio\/wp-content\/uploads\/2024\/07\/IMG-20240705-WA0075-500x500.jpg 500w, https:\/\/des-tuc.infd.edu.ar\/sitio\/wp-content\/uploads\/2024\/07\/IMG-20240705-WA0075-768x768.jpg 768w\" sizes=\"(max-width: 1280px) 100vw, 1280px\" \/><\/figure>\n\n\n\n<figure class=\"wp-block-image size-large\"><img decoding=\"async\" loading=\"lazy\" width=\"1280\" height=\"843\" data-id=\"10390\"  src=\"https:\/\/des-tuc.infd.edu.ar\/sitio\/wp-content\/uploads\/2024\/07\/IMG-20240705-WA0077.jpg\" alt=\"\" class=\"wp-image-10390\" srcset=\"https:\/\/des-tuc.infd.edu.ar\/sitio\/wp-content\/uploads\/2024\/07\/IMG-20240705-WA0077.jpg 1280w, https:\/\/des-tuc.infd.edu.ar\/sitio\/wp-content\/uploads\/2024\/07\/IMG-20240705-WA0077-1000x659.jpg 1000w, https:\/\/des-tuc.infd.edu.ar\/sitio\/wp-content\/uploads\/2024\/07\/IMG-20240705-WA0077-768x506.jpg 768w\" sizes=\"(max-width: 1280px) 100vw, 1280px\" \/><\/figure>\n\n\n\n<figure class=\"wp-block-image size-large\"><img decoding=\"async\" loading=\"lazy\" width=\"1280\" height=\"877\" data-id=\"10391\"  src=\"https:\/\/des-tuc.infd.edu.ar\/sitio\/wp-content\/uploads\/2024\/07\/IMG-20240705-WA0079.jpg\" alt=\"\" class=\"wp-image-10391\" srcset=\"https:\/\/des-tuc.infd.edu.ar\/sitio\/wp-content\/uploads\/2024\/07\/IMG-20240705-WA0079.jpg 1280w, https:\/\/des-tuc.infd.edu.ar\/sitio\/wp-content\/uploads\/2024\/07\/IMG-20240705-WA0079-1000x685.jpg 1000w, https:\/\/des-tuc.infd.edu.ar\/sitio\/wp-content\/uploads\/2024\/07\/IMG-20240705-WA0079-768x526.jpg 768w\" sizes=\"(max-width: 1280px) 100vw, 1280px\" \/><\/figure>\n<\/figure>\n","protected":false},"excerpt":{"rendered":"<p>Durante d\u00e9cadas, el Instituto de Ense\u00f1anza Superior Lola Mora ha abierto sus puertas para recibir a becarios Fulbright, del British Council, de la Embajada Francesa, as\u00ed como tambi\u00e9n ha formado excelentes profesionales que han sido seleccionados como becarios de dichos organismos internacionales. La interculturalizaci\u00f3n de la educaci\u00f3n&nbsp;superior, es as\u00ed una realidad que&nbsp;se&nbsp;consolida en nuestras aulas &#8230; <a title=\"Velada Intercultural \u00abMeet and Greet\u00bb en el IES Lola Mora\" class=\"read-more\" href=\"https:\/\/des-tuc.infd.edu.ar\/sitio\/velada-intercultural-meet-and-greet-en-el-ies-lola-mora\/\" aria-label=\"More on Velada Intercultural \u00abMeet and Greet\u00bb en el IES Lola Mora\">[+]<\/a><\/p>\n","protected":false},"author":543,"featured_media":10390,"comment_status":"closed","ping_status":"closed","sticky":false,"template":"","format":"standard","meta":[],"categories":[7,6],"tags":[],"acf":[],"_links":{"self":[{"href":"https:\/\/des-tuc.infd.edu.ar\/sitio\/wp-json\/wp\/v2\/posts\/10381"}],"collection":[{"href":"https:\/\/des-tuc.infd.edu.ar\/sitio\/wp-json\/wp\/v2\/posts"}],"about":[{"href":"https:\/\/des-tuc.infd.edu.ar\/sitio\/wp-json\/wp\/v2\/types\/post"}],"author":[{"embeddable":true,"href":"https:\/\/des-tuc.infd.edu.ar\/sitio\/wp-json\/wp\/v2\/users\/543"}],"replies":[{"embeddable":true,"href":"https:\/\/des-tuc.infd.edu.ar\/sitio\/wp-json\/wp\/v2\/comments?post=10381"}],"version-history":[{"count":1,"href":"https:\/\/des-tuc.infd.edu.ar\/sitio\/wp-json\/wp\/v2\/posts\/10381\/revisions"}],"predecessor-version":[{"id":10392,"href":"https:\/\/des-tuc.infd.edu.ar\/sitio\/wp-json\/wp\/v2\/posts\/10381\/revisions\/10392"}],"wp:featuredmedia":[{"embeddable":true,"href":"https:\/\/des-tuc.infd.edu.ar\/sitio\/wp-json\/wp\/v2\/media\/10390"}],"wp:attachment":[{"href":"https:\/\/des-tuc.infd.edu.ar\/sitio\/wp-json\/wp\/v2\/media?parent=10381"}],"wp:term":[{"taxonomy":"category","embeddable":true,"href":"https:\/\/des-tuc.infd.edu.ar\/sitio\/wp-json\/wp\/v2\/categories?post=10381"},{"taxonomy":"post_tag","embeddable":true,"href":"https:\/\/des-tuc.infd.edu.ar\/sitio\/wp-json\/wp\/v2\/tags?post=10381"}],"curies":[{"name":"wp","href":"https:\/\/api.w.org\/{rel}","templated":true}]}}