{"id":10364,"date":"2024-07-05T08:22:46","date_gmt":"2024-07-05T11:22:46","guid":{"rendered":"https:\/\/des-tuc.infd.edu.ar\/sitio\/?p=10364"},"modified":"2024-07-05T08:22:48","modified_gmt":"2024-07-05T11:22:48","slug":"educacion-y-la-unt-presentaron-su-oferta-educativa-al-idep","status":"publish","type":"post","link":"https:\/\/des-tuc.infd.edu.ar\/sitio\/educacion-y-la-unt-presentaron-su-oferta-educativa-al-idep\/","title":{"rendered":"Educaci\u00f3n y la UNT presentaron su oferta educativa al IDEP"},"content":{"rendered":"\n<p>En el CIIDEPT, el Ministerio de Educaci\u00f3n junto a la Universidad Nacional de Tucum\u00e1n llevaron adelante una presentaci\u00f3n de la Oferta Educativa y Mapa Educativo en Formaci\u00f3n Profesional, Pre Grado, Grado y Posgrado de ambas instituciones al Instituto de Desarrollo Productivo (IDEP).<\/p>\n\n\n\n<p>La jornada, que es producto del trabajo mancomunado y la planificaci\u00f3n previa entre las partes, cont\u00f3 con la presencia de la ministra de Educaci\u00f3n,&nbsp;<strong>Susana Montaldo<\/strong>; la secretaria acad\u00e9mica de la UNT,&nbsp;<strong>Carolina Abdala<\/strong>; y el director ejecutivo del IDEP,&nbsp;<strong>Maximiliano Mart\u00ednez M\u00e1rquez<\/strong>.<\/p>\n\n\n\n<p>Tambi\u00e9n acompa\u00f1aron la secretaria de Educaci\u00f3n, Gabriela Gallardo; el subsecretario de Educaci\u00f3n T\u00e9cnica,&nbsp;<strong>Pablo Durando<\/strong>; el director de Educaci\u00f3n T\u00e9cnica y Formaci\u00f3n Profesional,&nbsp;<strong>Hugo Rodr\u00edguez<\/strong>; la directora de Educaci\u00f3n de J\u00f3venes y Adultos y Educaci\u00f3n No Formal,&nbsp;<strong>Dora Villagra<\/strong>; y la directora de Educaci\u00f3n Superior No Universitaria y Art\u00edstica,&nbsp;<strong>Silvina Fern\u00e1ndez<\/strong>.<\/p>\n\n\n\n<p>&nbsp;\u201cVimos la oferta a nivel superior para tratar de articular las necesidades del sector productivo y las necesidades educativas de los distintos departamentos de la provincia para poder formarse y dar respuestas e insertarse laboralmente. Queremos articular para poder brindarle a la provincia una oferta pertinente y que adem\u00e1s tenga la posibilidad de un cambio \u00e1gil porque a veces uno ofrece una carrera, pero despu\u00e9s se satura en la localidad y es necesario ofrecer otro tipo de oportunidades\u201d, explic\u00f3 la ministra.<\/p>\n\n\n\n<p>En esa l\u00ednea, agreg\u00f3: \u201cHay un compromiso entre estas distintas \u00e1reas para trabajar, analizar la oferta educativa que tenemos en el nivel superior y t\u00e9cnico profesional y de formaci\u00f3n de j\u00f3venes y adultos, y ver cu\u00e1les son las necesidades del sector productivo y poder dar una respuesta conjunta, pertinente y valiosa a la sociedad\u201d.<\/p>\n\n\n\n<p>A su turno, la secretaria Acad\u00e9mica de la UNT, Carolina Abdala, coment\u00f3: \u201cQuiero agradecer la invitaci\u00f3n de la ministra de Educaci\u00f3n, la profesora Susana Montaldo, que nos ha invitado como Universidad Nacional de Tucum\u00e1n a compartir este espacio en donde el Ministerio de Educaci\u00f3n present\u00f3 sus ofertas, sobre todo las que tienen que ver con el \u00e1rea t\u00e9cnica del nivel secundario como superior, la oferta de formaci\u00f3n profesional. Tambi\u00e9n estuvimos con el IDEP para tener una mesa de di\u00e1logo e ir articulando las ofertas de formaci\u00f3n con las demandas del campo laboral provincial. Fue una jornada de trabajo muy rica, porque no solo se ha compartido lo que la universidad tiene para ofrecer en esas \u00e1reas, sino que hemos encontrado un conjunto de puntos de inter\u00e9s com\u00fan por los cuales vamos a seguir trabajando\u201d.<\/p>\n\n\n\n<p>Finalmente, el director ejecutivo del IDEP, Maximiliano Mart\u00ednez M\u00e1rquez, cerr\u00f3: \u201cHemos sido convocados por el Ministerio de Educaci\u00f3n para formar parte de este nuevo espacio que tiene como objetivo analizar en profundidad toda la oferta acad\u00e9mica que Tucum\u00e1n en relaci\u00f3n con las actividades productivas que tenemos en la provincia. Por un lado, el objetivo central es poder repensar todo el proceso formativo que tienen hoy nuestros alumnos, que terminan siendo el recurso m\u00e1s importante que tienen las empresas, que son los recursos humanos, c\u00f3mo poder actualizar los planes de estudios, mejorar la oferta acad\u00e9mica, con relaci\u00f3n a los distintos estadios de los sectores productivos. En ese sentido, la semana pasada hicimos desde el IDEP una presentaci\u00f3n a las autoridades de Educaci\u00f3n y de la Universidad, donde expusimos el estado de situaci\u00f3n actual de los sectores productivos de la provincia, su conformaci\u00f3n y sus necesidades formativas y hoy recibimos un feedback. El objetivo es seguir trabajando para ver de qu\u00e9 manera las pol\u00edticas p\u00fablicas son m\u00e1s eficientes para la generaci\u00f3n de empleo y el desarrollo econ\u00f3mico\u201d.<\/p>\n\n\n\n<p>Fuente: https:\/\/www.educaciontuc.gov.ar\/2024\/06\/28\/educacion-y-la-unt-presentaron-su-oferta-educativa-al-idep\/<a href=\"https:\/\/www.educaciontuc.gov.ar\/wp-content\/uploads\/2024\/06\/1F8A7647-768x512.jpg\"><\/a><\/p>\n\n\n\n<figure class=\"wp-block-gallery has-nested-images columns-default is-cropped wp-block-gallery-1 is-layout-flex\">\n<figure class=\"wp-block-image size-large\"><img decoding=\"async\" loading=\"lazy\" width=\"1900\" height=\"1267\" data-id=\"10366\"  src=\"https:\/\/des-tuc.infd.edu.ar\/sitio\/wp-content\/uploads\/2024\/07\/1F8A7657-1900x1267.jpg\" alt=\"\" class=\"wp-image-10366\" srcset=\"https:\/\/des-tuc.infd.edu.ar\/sitio\/wp-content\/uploads\/2024\/07\/1F8A7657-1900x1267.jpg 1900w, https:\/\/des-tuc.infd.edu.ar\/sitio\/wp-content\/uploads\/2024\/07\/1F8A7657-1000x667.jpg 1000w, https:\/\/des-tuc.infd.edu.ar\/sitio\/wp-content\/uploads\/2024\/07\/1F8A7657-768x512.jpg 768w, https:\/\/des-tuc.infd.edu.ar\/sitio\/wp-content\/uploads\/2024\/07\/1F8A7657-1536x1024.jpg 1536w, https:\/\/des-tuc.infd.edu.ar\/sitio\/wp-content\/uploads\/2024\/07\/1F8A7657.jpg 1920w\" sizes=\"(max-width: 1900px) 100vw, 1900px\" \/><\/figure>\n\n\n\n<figure class=\"wp-block-image size-large\"><img decoding=\"async\" loading=\"lazy\" width=\"1876\" height=\"1251\" data-id=\"10367\"  src=\"https:\/\/des-tuc.infd.edu.ar\/sitio\/wp-content\/uploads\/2024\/07\/1F8A7668.jpg\" alt=\"\" class=\"wp-image-10367\" srcset=\"https:\/\/des-tuc.infd.edu.ar\/sitio\/wp-content\/uploads\/2024\/07\/1F8A7668.jpg 1876w, https:\/\/des-tuc.infd.edu.ar\/sitio\/wp-content\/uploads\/2024\/07\/1F8A7668-1000x667.jpg 1000w, https:\/\/des-tuc.infd.edu.ar\/sitio\/wp-content\/uploads\/2024\/07\/1F8A7668-768x512.jpg 768w, https:\/\/des-tuc.infd.edu.ar\/sitio\/wp-content\/uploads\/2024\/07\/1F8A7668-1536x1024.jpg 1536w\" sizes=\"(max-width: 1876px) 100vw, 1876px\" \/><\/figure>\n\n\n\n<figure class=\"wp-block-image size-large\"><img decoding=\"async\" loading=\"lazy\" width=\"1802\" height=\"1201\" data-id=\"10365\"  src=\"https:\/\/des-tuc.infd.edu.ar\/sitio\/wp-content\/uploads\/2024\/07\/1F8A7675.jpg\" alt=\"\" class=\"wp-image-10365\" srcset=\"https:\/\/des-tuc.infd.edu.ar\/sitio\/wp-content\/uploads\/2024\/07\/1F8A7675.jpg 1802w, https:\/\/des-tuc.infd.edu.ar\/sitio\/wp-content\/uploads\/2024\/07\/1F8A7675-1000x666.jpg 1000w, https:\/\/des-tuc.infd.edu.ar\/sitio\/wp-content\/uploads\/2024\/07\/1F8A7675-768x512.jpg 768w, https:\/\/des-tuc.infd.edu.ar\/sitio\/wp-content\/uploads\/2024\/07\/1F8A7675-1536x1024.jpg 1536w\" sizes=\"(max-width: 1802px) 100vw, 1802px\" \/><\/figure>\n\n\n\n<figure class=\"wp-block-image size-large\"><img decoding=\"async\" loading=\"lazy\" width=\"1862\" height=\"1241\" data-id=\"10368\"  src=\"https:\/\/des-tuc.infd.edu.ar\/sitio\/wp-content\/uploads\/2024\/07\/1F8A7699.jpg\" alt=\"\" class=\"wp-image-10368\" srcset=\"https:\/\/des-tuc.infd.edu.ar\/sitio\/wp-content\/uploads\/2024\/07\/1F8A7699.jpg 1862w, https:\/\/des-tuc.infd.edu.ar\/sitio\/wp-content\/uploads\/2024\/07\/1F8A7699-1000x666.jpg 1000w, https:\/\/des-tuc.infd.edu.ar\/sitio\/wp-content\/uploads\/2024\/07\/1F8A7699-768x512.jpg 768w, https:\/\/des-tuc.infd.edu.ar\/sitio\/wp-content\/uploads\/2024\/07\/1F8A7699-1536x1024.jpg 1536w\" sizes=\"(max-width: 1862px) 100vw, 1862px\" \/><\/figure>\n\n\n\n<figure class=\"wp-block-image size-large\"><img decoding=\"async\" loading=\"lazy\" width=\"1900\" height=\"1267\" data-id=\"10370\"  src=\"https:\/\/des-tuc.infd.edu.ar\/sitio\/wp-content\/uploads\/2024\/07\/1F8A7718-1900x1267.jpg\" alt=\"\" class=\"wp-image-10370\" srcset=\"https:\/\/des-tuc.infd.edu.ar\/sitio\/wp-content\/uploads\/2024\/07\/1F8A7718-1900x1267.jpg 1900w, https:\/\/des-tuc.infd.edu.ar\/sitio\/wp-content\/uploads\/2024\/07\/1F8A7718-1000x667.jpg 1000w, https:\/\/des-tuc.infd.edu.ar\/sitio\/wp-content\/uploads\/2024\/07\/1F8A7718-768x512.jpg 768w, https:\/\/des-tuc.infd.edu.ar\/sitio\/wp-content\/uploads\/2024\/07\/1F8A7718-1536x1024.jpg 1536w, https:\/\/des-tuc.infd.edu.ar\/sitio\/wp-content\/uploads\/2024\/07\/1F8A7718.jpg 1920w\" sizes=\"(max-width: 1900px) 100vw, 1900px\" \/><\/figure>\n\n\n\n<figure class=\"wp-block-image size-large\"><img decoding=\"async\" loading=\"lazy\" width=\"1900\" height=\"1267\" data-id=\"10369\"  src=\"https:\/\/des-tuc.infd.edu.ar\/sitio\/wp-content\/uploads\/2024\/07\/1F8A7734-1900x1267.jpg\" alt=\"\" class=\"wp-image-10369\" srcset=\"https:\/\/des-tuc.infd.edu.ar\/sitio\/wp-content\/uploads\/2024\/07\/1F8A7734-1900x1267.jpg 1900w, https:\/\/des-tuc.infd.edu.ar\/sitio\/wp-content\/uploads\/2024\/07\/1F8A7734-1000x667.jpg 1000w, https:\/\/des-tuc.infd.edu.ar\/sitio\/wp-content\/uploads\/2024\/07\/1F8A7734-768x512.jpg 768w, https:\/\/des-tuc.infd.edu.ar\/sitio\/wp-content\/uploads\/2024\/07\/1F8A7734-1536x1024.jpg 1536w, https:\/\/des-tuc.infd.edu.ar\/sitio\/wp-content\/uploads\/2024\/07\/1F8A7734.jpg 1920w\" sizes=\"(max-width: 1900px) 100vw, 1900px\" \/><\/figure>\n\n\n\n<figure class=\"wp-block-image size-large\"><img decoding=\"async\" loading=\"lazy\" width=\"1900\" height=\"1267\" data-id=\"10371\"  src=\"https:\/\/des-tuc.infd.edu.ar\/sitio\/wp-content\/uploads\/2024\/07\/1F8A7758-1900x1267.jpg\" alt=\"\" class=\"wp-image-10371\" srcset=\"https:\/\/des-tuc.infd.edu.ar\/sitio\/wp-content\/uploads\/2024\/07\/1F8A7758-1900x1267.jpg 1900w, https:\/\/des-tuc.infd.edu.ar\/sitio\/wp-content\/uploads\/2024\/07\/1F8A7758-1000x667.jpg 1000w, https:\/\/des-tuc.infd.edu.ar\/sitio\/wp-content\/uploads\/2024\/07\/1F8A7758-768x512.jpg 768w, https:\/\/des-tuc.infd.edu.ar\/sitio\/wp-content\/uploads\/2024\/07\/1F8A7758-1536x1024.jpg 1536w, https:\/\/des-tuc.infd.edu.ar\/sitio\/wp-content\/uploads\/2024\/07\/1F8A7758.jpg 1920w\" sizes=\"(max-width: 1900px) 100vw, 1900px\" \/><\/figure>\n\n\n\n<figure class=\"wp-block-image size-large\"><img decoding=\"async\" loading=\"lazy\" width=\"1872\" height=\"1248\" data-id=\"10372\"  src=\"https:\/\/des-tuc.infd.edu.ar\/sitio\/wp-content\/uploads\/2024\/07\/1F8A7777.jpg\" alt=\"\" class=\"wp-image-10372\" srcset=\"https:\/\/des-tuc.infd.edu.ar\/sitio\/wp-content\/uploads\/2024\/07\/1F8A7777.jpg 1872w, https:\/\/des-tuc.infd.edu.ar\/sitio\/wp-content\/uploads\/2024\/07\/1F8A7777-1000x667.jpg 1000w, https:\/\/des-tuc.infd.edu.ar\/sitio\/wp-content\/uploads\/2024\/07\/1F8A7777-768x512.jpg 768w, https:\/\/des-tuc.infd.edu.ar\/sitio\/wp-content\/uploads\/2024\/07\/1F8A7777-1536x1024.jpg 1536w\" sizes=\"(max-width: 1872px) 100vw, 1872px\" \/><\/figure>\n\n\n\n<figure class=\"wp-block-image size-large\"><img decoding=\"async\" loading=\"lazy\" width=\"1900\" height=\"1267\" data-id=\"10373\"  src=\"https:\/\/des-tuc.infd.edu.ar\/sitio\/wp-content\/uploads\/2024\/07\/1F8A7655-1900x1267.jpg\" alt=\"\" class=\"wp-image-10373\" srcset=\"https:\/\/des-tuc.infd.edu.ar\/sitio\/wp-content\/uploads\/2024\/07\/1F8A7655-1900x1267.jpg 1900w, https:\/\/des-tuc.infd.edu.ar\/sitio\/wp-content\/uploads\/2024\/07\/1F8A7655-1000x667.jpg 1000w, https:\/\/des-tuc.infd.edu.ar\/sitio\/wp-content\/uploads\/2024\/07\/1F8A7655-768x512.jpg 768w, https:\/\/des-tuc.infd.edu.ar\/sitio\/wp-content\/uploads\/2024\/07\/1F8A7655-1536x1024.jpg 1536w, https:\/\/des-tuc.infd.edu.ar\/sitio\/wp-content\/uploads\/2024\/07\/1F8A7655.jpg 1920w\" sizes=\"(max-width: 1900px) 100vw, 1900px\" \/><\/figure>\n\n\n\n<figure class=\"wp-block-image size-large\"><img decoding=\"async\" loading=\"lazy\" width=\"1900\" height=\"1267\" data-id=\"10374\"  src=\"https:\/\/des-tuc.infd.edu.ar\/sitio\/wp-content\/uploads\/2024\/07\/1F8A7770-1900x1267.jpg\" alt=\"\" class=\"wp-image-10374\" srcset=\"https:\/\/des-tuc.infd.edu.ar\/sitio\/wp-content\/uploads\/2024\/07\/1F8A7770-1900x1267.jpg 1900w, https:\/\/des-tuc.infd.edu.ar\/sitio\/wp-content\/uploads\/2024\/07\/1F8A7770-1000x667.jpg 1000w, https:\/\/des-tuc.infd.edu.ar\/sitio\/wp-content\/uploads\/2024\/07\/1F8A7770-768x512.jpg 768w, https:\/\/des-tuc.infd.edu.ar\/sitio\/wp-content\/uploads\/2024\/07\/1F8A7770-1536x1024.jpg 1536w, https:\/\/des-tuc.infd.edu.ar\/sitio\/wp-content\/uploads\/2024\/07\/1F8A7770.jpg 1920w\" sizes=\"(max-width: 1900px) 100vw, 1900px\" \/><\/figure>\n\n\n\n<figure class=\"wp-block-image size-large\"><img decoding=\"async\" loading=\"lazy\" width=\"1606\" height=\"1071\" data-id=\"10375\"  src=\"https:\/\/des-tuc.infd.edu.ar\/sitio\/wp-content\/uploads\/2024\/07\/1F8A7647.jpg\" alt=\"\" class=\"wp-image-10375\" srcset=\"https:\/\/des-tuc.infd.edu.ar\/sitio\/wp-content\/uploads\/2024\/07\/1F8A7647.jpg 1606w, https:\/\/des-tuc.infd.edu.ar\/sitio\/wp-content\/uploads\/2024\/07\/1F8A7647-1000x667.jpg 1000w, https:\/\/des-tuc.infd.edu.ar\/sitio\/wp-content\/uploads\/2024\/07\/1F8A7647-768x512.jpg 768w, https:\/\/des-tuc.infd.edu.ar\/sitio\/wp-content\/uploads\/2024\/07\/1F8A7647-1536x1024.jpg 1536w\" sizes=\"(max-width: 1606px) 100vw, 1606px\" \/><\/figure>\n<\/figure>\n","protected":false},"excerpt":{"rendered":"<p>En el CIIDEPT, el Ministerio de Educaci\u00f3n junto a la Universidad Nacional de Tucum\u00e1n llevaron adelante una presentaci\u00f3n de la Oferta Educativa y Mapa Educativo en Formaci\u00f3n Profesional, Pre Grado, Grado y Posgrado de ambas instituciones al Instituto de Desarrollo Productivo (IDEP). La jornada, que es producto del trabajo mancomunado y la planificaci\u00f3n previa entre &#8230; <a title=\"Educaci\u00f3n y la UNT presentaron su oferta educativa al IDEP\" class=\"read-more\" href=\"https:\/\/des-tuc.infd.edu.ar\/sitio\/educacion-y-la-unt-presentaron-su-oferta-educativa-al-idep\/\" aria-label=\"More on Educaci\u00f3n y la UNT presentaron su oferta educativa al IDEP\">[+]<\/a><\/p>\n","protected":false},"author":543,"featured_media":10376,"comment_status":"closed","ping_status":"closed","sticky":false,"template":"","format":"standard","meta":[],"categories":[7,6],"tags":[],"acf":[],"_links":{"self":[{"href":"https:\/\/des-tuc.infd.edu.ar\/sitio\/wp-json\/wp\/v2\/posts\/10364"}],"collection":[{"href":"https:\/\/des-tuc.infd.edu.ar\/sitio\/wp-json\/wp\/v2\/posts"}],"about":[{"href":"https:\/\/des-tuc.infd.edu.ar\/sitio\/wp-json\/wp\/v2\/types\/post"}],"author":[{"embeddable":true,"href":"https:\/\/des-tuc.infd.edu.ar\/sitio\/wp-json\/wp\/v2\/users\/543"}],"replies":[{"embeddable":true,"href":"https:\/\/des-tuc.infd.edu.ar\/sitio\/wp-json\/wp\/v2\/comments?post=10364"}],"version-history":[{"count":1,"href":"https:\/\/des-tuc.infd.edu.ar\/sitio\/wp-json\/wp\/v2\/posts\/10364\/revisions"}],"predecessor-version":[{"id":10377,"href":"https:\/\/des-tuc.infd.edu.ar\/sitio\/wp-json\/wp\/v2\/posts\/10364\/revisions\/10377"}],"wp:featuredmedia":[{"embeddable":true,"href":"https:\/\/des-tuc.infd.edu.ar\/sitio\/wp-json\/wp\/v2\/media\/10376"}],"wp:attachment":[{"href":"https:\/\/des-tuc.infd.edu.ar\/sitio\/wp-json\/wp\/v2\/media?parent=10364"}],"wp:term":[{"taxonomy":"category","embeddable":true,"href":"https:\/\/des-tuc.infd.edu.ar\/sitio\/wp-json\/wp\/v2\/categories?post=10364"},{"taxonomy":"post_tag","embeddable":true,"href":"https:\/\/des-tuc.infd.edu.ar\/sitio\/wp-json\/wp\/v2\/tags?post=10364"}],"curies":[{"name":"wp","href":"https:\/\/api.w.org\/{rel}","templated":true}]}}