{"id":10354,"date":"2024-07-02T11:38:17","date_gmt":"2024-07-02T14:38:17","guid":{"rendered":"https:\/\/des-tuc.infd.edu.ar\/sitio\/?p=10354"},"modified":"2024-07-02T11:38:46","modified_gmt":"2024-07-02T14:38:46","slug":"docentes-de-educacion-artistica-se-capacitaron-en-el-recurso-del-lenguaje-audiovisual-a-traves-del-videominuto","status":"publish","type":"post","link":"https:\/\/des-tuc.infd.edu.ar\/sitio\/docentes-de-educacion-artistica-se-capacitaron-en-el-recurso-del-lenguaje-audiovisual-a-traves-del-videominuto\/","title":{"rendered":"Docentes de Educaci\u00f3n Art\u00edstica se capacitaron en el recurso del lenguaje Audiovisual a trav\u00e9s del \u201cVideominuto\u201d."},"content":{"rendered":"\n<p><strong>Docentes de Educaci\u00f3n Art\u00edstica se capacitaron en el recurso del lenguaje Audiovisual a trav\u00e9s del \u201cVideominuto\u201d.<\/strong><\/p>\n\n\n\n<p>Durante los meses de mayo y junio el equipo de la Coordinaci\u00f3n de la Modalidad Art\u00edstica, perteneciente a la Direcci\u00f3n de Educaci\u00f3n Superior no universitaria, desarroll\u00f3 en las instalaciones del CIIDEPT, la capacitaci\u00f3n docente semipresencial <em>\u201cRecursos audiovisuales para la educaci\u00f3n art\u00edstica: Videominuto\u201d, <\/em>destinada a docentes de los diferentes lenguajes art\u00edsticos (Danza, Artes Visuales, Audiovisuales, teatro y m\u00fasica) de todos los niveles y modalidades del sistema educativo.<\/p>\n\n\n\n<p>La capacitaci\u00f3n ofreci\u00f3 instancias presenciales y virtuales donde se desarrollaron, desde los aportes de las tecnolog\u00edas de la informaci\u00f3n, la comunicaci\u00f3n y el entretenimiento en relaci\u00f3n al lenguaje audiovisual, diferentes instancias de ense\u00f1anza y aprendizaje vinculadas al uso y empleo \u00e1ulico del formato o categor\u00eda del videominuto (tambi\u00e9n llamado <em>cine breve<\/em>, <em>video breve <\/em>o <em>cineminuto<\/em>). La propuesta formativa les permitir\u00e1 a los docentes abordar en sus pr\u00e1cticas \u00e1ulicas, diferentes proyectos art\u00edsticos que emplean las posibilidades del videominuto desde la especificidad de cada lenguaje. Desarrollar proyectos audiovisuales de formato corto, sint\u00e9tico y profundamente expresivos para promover la construcci\u00f3n de sentido y el empleo po\u00e9tico de las im\u00e1genes y sonidos en movimiento. La misma es dictada por los capacitadores profesores y especialistas Juan Bracamonte, Jubal Caram y Paola Nucci y contar\u00e1 con una r\u00e9plica en los meses de agosto- septiembre.<\/p>\n\n\n\n<p><\/p>\n\n\n\n<figure class=\"wp-block-gallery has-nested-images columns-default is-cropped wp-block-gallery-1 is-layout-flex\">\n<figure class=\"wp-block-image size-large\"><img decoding=\"async\" loading=\"lazy\" width=\"1347\" height=\"607\" data-id=\"10355\"  src=\"https:\/\/des-tuc.infd.edu.ar\/sitio\/wp-content\/uploads\/2024\/07\/Prensa-11-.jpg\" alt=\"\" class=\"wp-image-10355\" srcset=\"https:\/\/des-tuc.infd.edu.ar\/sitio\/wp-content\/uploads\/2024\/07\/Prensa-11-.jpg 1347w, https:\/\/des-tuc.infd.edu.ar\/sitio\/wp-content\/uploads\/2024\/07\/Prensa-11--1000x451.jpg 1000w, https:\/\/des-tuc.infd.edu.ar\/sitio\/wp-content\/uploads\/2024\/07\/Prensa-11--768x346.jpg 768w\" sizes=\"(max-width: 1347px) 100vw, 1347px\" \/><\/figure>\n\n\n\n<figure class=\"wp-block-image size-large\"><img decoding=\"async\" loading=\"lazy\" width=\"1900\" height=\"856\" data-id=\"10359\"  src=\"https:\/\/des-tuc.infd.edu.ar\/sitio\/wp-content\/uploads\/2024\/07\/Prensa-07--1900x856.jpg\" alt=\"\" class=\"wp-image-10359\" srcset=\"https:\/\/des-tuc.infd.edu.ar\/sitio\/wp-content\/uploads\/2024\/07\/Prensa-07--1900x856.jpg 1900w, https:\/\/des-tuc.infd.edu.ar\/sitio\/wp-content\/uploads\/2024\/07\/Prensa-07--1000x451.jpg 1000w, https:\/\/des-tuc.infd.edu.ar\/sitio\/wp-content\/uploads\/2024\/07\/Prensa-07--768x346.jpg 768w, https:\/\/des-tuc.infd.edu.ar\/sitio\/wp-content\/uploads\/2024\/07\/Prensa-07--1536x692.jpg 1536w, https:\/\/des-tuc.infd.edu.ar\/sitio\/wp-content\/uploads\/2024\/07\/Prensa-07--2048x923.jpg 2048w\" sizes=\"(max-width: 1900px) 100vw, 1900px\" \/><\/figure>\n\n\n\n<figure class=\"wp-block-image size-large\"><img decoding=\"async\" loading=\"lazy\" width=\"1181\" height=\"592\" data-id=\"10356\"  src=\"https:\/\/des-tuc.infd.edu.ar\/sitio\/wp-content\/uploads\/2024\/07\/Prensa-10-.jpg\" alt=\"\" class=\"wp-image-10356\" srcset=\"https:\/\/des-tuc.infd.edu.ar\/sitio\/wp-content\/uploads\/2024\/07\/Prensa-10-.jpg 1181w, https:\/\/des-tuc.infd.edu.ar\/sitio\/wp-content\/uploads\/2024\/07\/Prensa-10--1000x501.jpg 1000w, https:\/\/des-tuc.infd.edu.ar\/sitio\/wp-content\/uploads\/2024\/07\/Prensa-10--768x385.jpg 768w\" sizes=\"(max-width: 1181px) 100vw, 1181px\" \/><\/figure>\n\n\n\n<figure class=\"wp-block-image size-large\"><img decoding=\"async\" loading=\"lazy\" width=\"1900\" height=\"856\" data-id=\"10360\"  src=\"https:\/\/des-tuc.infd.edu.ar\/sitio\/wp-content\/uploads\/2024\/07\/Prensa-06--1900x856.jpg\" alt=\"\" class=\"wp-image-10360\" srcset=\"https:\/\/des-tuc.infd.edu.ar\/sitio\/wp-content\/uploads\/2024\/07\/Prensa-06--1900x856.jpg 1900w, https:\/\/des-tuc.infd.edu.ar\/sitio\/wp-content\/uploads\/2024\/07\/Prensa-06--1000x451.jpg 1000w, https:\/\/des-tuc.infd.edu.ar\/sitio\/wp-content\/uploads\/2024\/07\/Prensa-06--768x346.jpg 768w, https:\/\/des-tuc.infd.edu.ar\/sitio\/wp-content\/uploads\/2024\/07\/Prensa-06--1536x692.jpg 1536w, https:\/\/des-tuc.infd.edu.ar\/sitio\/wp-content\/uploads\/2024\/07\/Prensa-06--2048x923.jpg 2048w\" sizes=\"(max-width: 1900px) 100vw, 1900px\" \/><\/figure>\n\n\n\n<figure class=\"wp-block-image size-large\"><img decoding=\"async\" loading=\"lazy\" width=\"1347\" height=\"607\" data-id=\"10357\"  src=\"https:\/\/des-tuc.infd.edu.ar\/sitio\/wp-content\/uploads\/2024\/07\/Prensa-05-.jpg\" alt=\"\" class=\"wp-image-10357\" srcset=\"https:\/\/des-tuc.infd.edu.ar\/sitio\/wp-content\/uploads\/2024\/07\/Prensa-05-.jpg 1347w, https:\/\/des-tuc.infd.edu.ar\/sitio\/wp-content\/uploads\/2024\/07\/Prensa-05--1000x451.jpg 1000w, https:\/\/des-tuc.infd.edu.ar\/sitio\/wp-content\/uploads\/2024\/07\/Prensa-05--768x346.jpg 768w\" sizes=\"(max-width: 1347px) 100vw, 1347px\" \/><\/figure>\n\n\n\n<figure class=\"wp-block-image size-large\"><img decoding=\"async\" loading=\"lazy\" width=\"1900\" height=\"856\" data-id=\"10361\"  src=\"https:\/\/des-tuc.infd.edu.ar\/sitio\/wp-content\/uploads\/2024\/07\/PRENSA-01--1900x856.jpg\" alt=\"\" class=\"wp-image-10361\" srcset=\"https:\/\/des-tuc.infd.edu.ar\/sitio\/wp-content\/uploads\/2024\/07\/PRENSA-01--1900x856.jpg 1900w, https:\/\/des-tuc.infd.edu.ar\/sitio\/wp-content\/uploads\/2024\/07\/PRENSA-01--1000x451.jpg 1000w, https:\/\/des-tuc.infd.edu.ar\/sitio\/wp-content\/uploads\/2024\/07\/PRENSA-01--768x346.jpg 768w, https:\/\/des-tuc.infd.edu.ar\/sitio\/wp-content\/uploads\/2024\/07\/PRENSA-01--1536x692.jpg 1536w, https:\/\/des-tuc.infd.edu.ar\/sitio\/wp-content\/uploads\/2024\/07\/PRENSA-01--2048x923.jpg 2048w\" sizes=\"(max-width: 1900px) 100vw, 1900px\" \/><\/figure>\n\n\n\n<figure class=\"wp-block-image size-large\"><img decoding=\"async\" loading=\"lazy\" width=\"1117\" height=\"460\" data-id=\"10358\"  src=\"https:\/\/des-tuc.infd.edu.ar\/sitio\/wp-content\/uploads\/2024\/07\/PRENSA-02-.jpg\" alt=\"\" class=\"wp-image-10358\" srcset=\"https:\/\/des-tuc.infd.edu.ar\/sitio\/wp-content\/uploads\/2024\/07\/PRENSA-02-.jpg 1117w, https:\/\/des-tuc.infd.edu.ar\/sitio\/wp-content\/uploads\/2024\/07\/PRENSA-02--1000x412.jpg 1000w, https:\/\/des-tuc.infd.edu.ar\/sitio\/wp-content\/uploads\/2024\/07\/PRENSA-02--768x316.jpg 768w\" sizes=\"(max-width: 1117px) 100vw, 1117px\" \/><\/figure>\n<\/figure>\n","protected":false},"excerpt":{"rendered":"<p>Docentes de Educaci\u00f3n Art\u00edstica se capacitaron en el recurso del lenguaje Audiovisual a trav\u00e9s del \u201cVideominuto\u201d. Durante los meses de mayo y junio el equipo de la Coordinaci\u00f3n de la Modalidad Art\u00edstica, perteneciente a la Direcci\u00f3n de Educaci\u00f3n Superior no universitaria, desarroll\u00f3 en las instalaciones del CIIDEPT, la capacitaci\u00f3n docente semipresencial \u201cRecursos audiovisuales para la &#8230; <a title=\"Docentes de Educaci\u00f3n Art\u00edstica se capacitaron en el recurso del lenguaje Audiovisual a trav\u00e9s del \u201cVideominuto\u201d.\" class=\"read-more\" href=\"https:\/\/des-tuc.infd.edu.ar\/sitio\/docentes-de-educacion-artistica-se-capacitaron-en-el-recurso-del-lenguaje-audiovisual-a-traves-del-videominuto\/\" aria-label=\"More on Docentes de Educaci\u00f3n Art\u00edstica se capacitaron en el recurso del lenguaje Audiovisual a trav\u00e9s del \u201cVideominuto\u201d.\">[+]<\/a><\/p>\n","protected":false},"author":543,"featured_media":10358,"comment_status":"closed","ping_status":"closed","sticky":false,"template":"","format":"standard","meta":[],"categories":[7,6],"tags":[],"acf":[],"_links":{"self":[{"href":"https:\/\/des-tuc.infd.edu.ar\/sitio\/wp-json\/wp\/v2\/posts\/10354"}],"collection":[{"href":"https:\/\/des-tuc.infd.edu.ar\/sitio\/wp-json\/wp\/v2\/posts"}],"about":[{"href":"https:\/\/des-tuc.infd.edu.ar\/sitio\/wp-json\/wp\/v2\/types\/post"}],"author":[{"embeddable":true,"href":"https:\/\/des-tuc.infd.edu.ar\/sitio\/wp-json\/wp\/v2\/users\/543"}],"replies":[{"embeddable":true,"href":"https:\/\/des-tuc.infd.edu.ar\/sitio\/wp-json\/wp\/v2\/comments?post=10354"}],"version-history":[{"count":2,"href":"https:\/\/des-tuc.infd.edu.ar\/sitio\/wp-json\/wp\/v2\/posts\/10354\/revisions"}],"predecessor-version":[{"id":10363,"href":"https:\/\/des-tuc.infd.edu.ar\/sitio\/wp-json\/wp\/v2\/posts\/10354\/revisions\/10363"}],"wp:featuredmedia":[{"embeddable":true,"href":"https:\/\/des-tuc.infd.edu.ar\/sitio\/wp-json\/wp\/v2\/media\/10358"}],"wp:attachment":[{"href":"https:\/\/des-tuc.infd.edu.ar\/sitio\/wp-json\/wp\/v2\/media?parent=10354"}],"wp:term":[{"taxonomy":"category","embeddable":true,"href":"https:\/\/des-tuc.infd.edu.ar\/sitio\/wp-json\/wp\/v2\/categories?post=10354"},{"taxonomy":"post_tag","embeddable":true,"href":"https:\/\/des-tuc.infd.edu.ar\/sitio\/wp-json\/wp\/v2\/tags?post=10354"}],"curies":[{"name":"wp","href":"https:\/\/api.w.org\/{rel}","templated":true}]}}