{"id":10347,"date":"2024-06-25T12:21:35","date_gmt":"2024-06-25T15:21:35","guid":{"rendered":"https:\/\/des-tuc.infd.edu.ar\/sitio\/?p=10347"},"modified":"2024-06-25T13:12:27","modified_gmt":"2024-06-25T16:12:27","slug":"nuestro-equipo-pedagogico-aporta-al-intercambio-profesional-e-intercultural","status":"publish","type":"post","link":"https:\/\/des-tuc.infd.edu.ar\/sitio\/nuestro-equipo-pedagogico-aporta-al-intercambio-profesional-e-intercultural\/","title":{"rendered":"Nuestro Equipo pedag\u00f3gico aporta al intercambio\u00a0profesional e intercultural"},"content":{"rendered":"\n<p><\/p>\n\n\n\n<p>En el marco de las actividades planeadas por las Direcciones de Educaci\u00f3n Primaria y Superior No Universitaria, para la Docente Especialista de Texas EEUU, Becaria del Programa DASt de la Comisi\u00f3n Fulbright, Katherine Hammer,&nbsp;docentes especialistas del Equipo Pedag\u00f3gico de nivel superior, conversaron con la becaria para informarla sobre nuestro sistema educativo, intercambiar ideas y experiencias.<\/p>\n\n\n\n<p>El d\u00eda mi\u00e9rcoles 19 de junio, la Profesora Carolina Mora, docente especialista del Equipo Pedag\u00f3gico de nivel superior se encontr\u00f3 con Katherine, para tratar sobre el Sistema Educativo Argentino; ese mismo d\u00eda en horas de la tarde,&nbsp;con la invitaci\u00f3n y acompa\u00f1amiento de la abogada Dra. Carolina Lobos, asesora legal de la direcci\u00f3n de nivel superior, Katherine asisti\u00f3 al recital del Coro del Ministerio de Educaci\u00f3n de la Provincia de Tucum\u00e1n, en el Centro Cultural Virla.<br>El lunes 24 de junio, Katherine se reuni\u00f3 con&nbsp;&nbsp;la Profesora Evangelina Rodr\u00edguez, tambi\u00e9n miembro del Equipo Pedag\u00f3gico de la direcci\u00f3n de nivel superior&nbsp;en oficinas del CIIDEPT, para una charla sobre el funcionamiento, organizaci\u00f3n y l\u00edneas de trabajo de la Direcci\u00f3n de Educaci\u00f3n Superior No Universitaria.<\/p>\n\n\n\n<p>La Becaria Katherine Hammer, continuar\u00e1 dictando los talleres del Proyecto de Actualizaci\u00f3n de las Pr\u00e1cticas de Ense\u00f1anza del Ingl\u00e9s en el Nivel Primario, durante los meses junio y julio. Debido al inter\u00e9s por parte de los docentes de ingl\u00e9s de todos los&nbsp;niveles, se ampli\u00f3 la fecha de inscripci\u00f3n&nbsp;para asistir a los talleres. Dichas capacitaciones&nbsp;no otorgan puntaje docente, se otorgar\u00e1 una certificaci\u00f3n y se dar\u00e1 acceso a todo el material pedag\u00f3gico utilizado por la docente norteamericana durante los talleres.<br>Las fechas de las capacitaciones&nbsp;restantes&nbsp;son:<\/p>\n\n\n\n<p>25\/6 y 28\/6<br>2\/7 y 4\/6&#x1f517;Link de inscripci\u00f3n &#x1f447;<\/p>\n\n\n\n<p><a href=\"https:\/\/forms.gle\/NwyRHDiPRm4YVj9F6\">Enlace para la inscripci\u00f3n aqu\u00ed<\/a><\/p>\n\n\n\n<p><\/p>\n\n\n\n<figure class=\"wp-block-gallery has-nested-images columns-default is-cropped wp-block-gallery-1 is-layout-flex\">\n<figure class=\"wp-block-image size-large\"><img decoding=\"async\" loading=\"lazy\" width=\"1080\" height=\"1080\" data-id=\"10350\"  src=\"https:\/\/des-tuc.infd.edu.ar\/sitio\/wp-content\/uploads\/2024\/06\/IMG_20240624_184143_392.webp\" alt=\"\" class=\"wp-image-10350\" srcset=\"https:\/\/des-tuc.infd.edu.ar\/sitio\/wp-content\/uploads\/2024\/06\/IMG_20240624_184143_392.webp 1080w, https:\/\/des-tuc.infd.edu.ar\/sitio\/wp-content\/uploads\/2024\/06\/IMG_20240624_184143_392-1000x1000.webp 1000w, https:\/\/des-tuc.infd.edu.ar\/sitio\/wp-content\/uploads\/2024\/06\/IMG_20240624_184143_392-500x500.webp 500w, https:\/\/des-tuc.infd.edu.ar\/sitio\/wp-content\/uploads\/2024\/06\/IMG_20240624_184143_392-768x768.webp 768w\" sizes=\"(max-width: 1080px) 100vw, 1080px\" \/><\/figure>\n\n\n\n<figure class=\"wp-block-image size-large\"><img decoding=\"async\" loading=\"lazy\" width=\"1080\" height=\"1080\" data-id=\"10349\"  src=\"https:\/\/des-tuc.infd.edu.ar\/sitio\/wp-content\/uploads\/2024\/06\/IMG_20240624_184143_453.webp\" alt=\"\" class=\"wp-image-10349\" srcset=\"https:\/\/des-tuc.infd.edu.ar\/sitio\/wp-content\/uploads\/2024\/06\/IMG_20240624_184143_453.webp 1080w, https:\/\/des-tuc.infd.edu.ar\/sitio\/wp-content\/uploads\/2024\/06\/IMG_20240624_184143_453-1000x1000.webp 1000w, https:\/\/des-tuc.infd.edu.ar\/sitio\/wp-content\/uploads\/2024\/06\/IMG_20240624_184143_453-500x500.webp 500w, https:\/\/des-tuc.infd.edu.ar\/sitio\/wp-content\/uploads\/2024\/06\/IMG_20240624_184143_453-768x768.webp 768w\" sizes=\"(max-width: 1080px) 100vw, 1080px\" \/><\/figure>\n\n\n\n<figure class=\"wp-block-image size-large\"><img decoding=\"async\" loading=\"lazy\" width=\"685\" height=\"685\" data-id=\"10348\"  src=\"https:\/\/des-tuc.infd.edu.ar\/sitio\/wp-content\/uploads\/2024\/06\/IMG_20240624_184143_492.webp\" alt=\"\" class=\"wp-image-10348\" srcset=\"https:\/\/des-tuc.infd.edu.ar\/sitio\/wp-content\/uploads\/2024\/06\/IMG_20240624_184143_492.webp 685w, https:\/\/des-tuc.infd.edu.ar\/sitio\/wp-content\/uploads\/2024\/06\/IMG_20240624_184143_492-500x500.webp 500w\" sizes=\"(max-width: 685px) 100vw, 685px\" \/><\/figure>\n<\/figure>\n","protected":false},"excerpt":{"rendered":"<p>En el marco de las actividades planeadas por las Direcciones de Educaci\u00f3n Primaria y Superior No Universitaria, para la Docente Especialista de Texas EEUU, Becaria del Programa DASt de la Comisi\u00f3n Fulbright, Katherine Hammer,&nbsp;docentes especialistas del Equipo Pedag\u00f3gico de nivel superior, conversaron con la becaria para informarla sobre nuestro sistema educativo, intercambiar ideas y experiencias. &#8230; <a title=\"Nuestro Equipo pedag\u00f3gico aporta al intercambio\u00a0profesional e intercultural\" class=\"read-more\" href=\"https:\/\/des-tuc.infd.edu.ar\/sitio\/nuestro-equipo-pedagogico-aporta-al-intercambio-profesional-e-intercultural\/\" aria-label=\"More on Nuestro Equipo pedag\u00f3gico aporta al intercambio\u00a0profesional e intercultural\">[+]<\/a><\/p>\n","protected":false},"author":543,"featured_media":10350,"comment_status":"closed","ping_status":"closed","sticky":false,"template":"","format":"standard","meta":[],"categories":[7,6],"tags":[],"acf":[],"_links":{"self":[{"href":"https:\/\/des-tuc.infd.edu.ar\/sitio\/wp-json\/wp\/v2\/posts\/10347"}],"collection":[{"href":"https:\/\/des-tuc.infd.edu.ar\/sitio\/wp-json\/wp\/v2\/posts"}],"about":[{"href":"https:\/\/des-tuc.infd.edu.ar\/sitio\/wp-json\/wp\/v2\/types\/post"}],"author":[{"embeddable":true,"href":"https:\/\/des-tuc.infd.edu.ar\/sitio\/wp-json\/wp\/v2\/users\/543"}],"replies":[{"embeddable":true,"href":"https:\/\/des-tuc.infd.edu.ar\/sitio\/wp-json\/wp\/v2\/comments?post=10347"}],"version-history":[{"count":1,"href":"https:\/\/des-tuc.infd.edu.ar\/sitio\/wp-json\/wp\/v2\/posts\/10347\/revisions"}],"predecessor-version":[{"id":10351,"href":"https:\/\/des-tuc.infd.edu.ar\/sitio\/wp-json\/wp\/v2\/posts\/10347\/revisions\/10351"}],"wp:featuredmedia":[{"embeddable":true,"href":"https:\/\/des-tuc.infd.edu.ar\/sitio\/wp-json\/wp\/v2\/media\/10350"}],"wp:attachment":[{"href":"https:\/\/des-tuc.infd.edu.ar\/sitio\/wp-json\/wp\/v2\/media?parent=10347"}],"wp:term":[{"taxonomy":"category","embeddable":true,"href":"https:\/\/des-tuc.infd.edu.ar\/sitio\/wp-json\/wp\/v2\/categories?post=10347"},{"taxonomy":"post_tag","embeddable":true,"href":"https:\/\/des-tuc.infd.edu.ar\/sitio\/wp-json\/wp\/v2\/tags?post=10347"}],"curies":[{"name":"wp","href":"https:\/\/api.w.org\/{rel}","templated":true}]}}