{"id":10338,"date":"2024-06-25T12:03:52","date_gmt":"2024-06-25T15:03:52","guid":{"rendered":"https:\/\/des-tuc.infd.edu.ar\/sitio\/?p=10338"},"modified":"2024-06-25T12:03:54","modified_gmt":"2024-06-25T15:03:54","slug":"los-docentes-de-ingles-de-la-provincia-dicen-presente","status":"publish","type":"post","link":"https:\/\/des-tuc.infd.edu.ar\/sitio\/los-docentes-de-ingles-de-la-provincia-dicen-presente\/","title":{"rendered":"Los docentes\u00a0de ingl\u00e9s de la provincia dicen: presente."},"content":{"rendered":"\n<p><\/p>\n\n\n\n<p>El d\u00eda martes 18 de junio, dio comienzo el ciclo de talleres de Actualizaci\u00f3n de las Pr\u00e1cticas de Ense\u00f1anza del Ingl\u00e9s en el Nivel primario, a cargo de la Docente Especialista de la Comisi\u00f3n Fulbright Katherine Hammer. La becaria del Programa DASt (Distinguished Awards in Teaching) se encuentra en la provincia para realizar un proyecto de asesoramiento pedag\u00f3gico, destinado a docentes de ingl\u00e9s de nivel primario, docentes noveles, docentes formadores y estudiantes avanzados de los Profesorados de Ingl\u00e9s de gesti\u00f3n estatal p\u00fablica y privada. Especialista en Educaci\u00f3n de Lenguaje&nbsp;Dual, Katherine posee una amplia experiencia en la ense\u00f1anza de lenguas extranjeras y una s\u00f3lida formaci\u00f3n acad\u00e9mica para el trabajo con grupos biling\u00fces.<\/p>\n\n\n\n<p>Durante la ma\u00f1ana, Katherine fue recibida por la Directora de Educaci\u00f3n Superior No Universitaria Silvina Fern\u00e1ndez, junto al equipo pedag\u00f3gico y el equipo del Programa de Becas Internacionales. En el desayuno de bienvenida, la becaria cont\u00f3 sobre su trabajo con el programa&nbsp;de Educaci\u00f3n de Lenguaje&nbsp;Dual en Kilgore, Texas, y tambi\u00e9n sobre los desaf\u00edos de ense\u00f1ar a grupos de estudiantes cuyas primeras lenguas son diferentes. Luego, la becaria visit\u00f3 las oficinas donde trabajan los distintos equipos de la Direcci\u00f3n de Educaci\u00f3n Superior. equipo pedag\u00f3gico, de formaci\u00f3n continua, soporte tecnol\u00f3gico, coordinaci\u00f3n del \u00e1rea de art\u00edstica, y tambi\u00e9n los espacios que ofrece el CIIDEPT, como la biblioteca, el laboratorio, y la sala de Rob\u00f3tica con un recorrido especial por cada uno de las herramientas y novedades tecnol\u00f3gicas que esa \u00e1rea brinda a los estudiantes.<\/p>\n\n\n\n<p>A la tarde tuvo lugar la primera de las cinco capacitaciones&nbsp;gratuitas, que son el resultado del trabajo articulado entre las Direcci\u00f3n de Educaci\u00f3n Primaria y la Direcci\u00f3n de Educaci\u00f3n Superior No Universitaria, y que buscan brindar estrategias innovadoras,&nbsp; conectando la ense\u00f1anza de una segunda lengua con otras&nbsp;\u00e1reas de aprendizaje, como las ciencias naturales y sociales.<\/p>\n\n\n\n<p>El desarrollo de la primera&nbsp;jornada cumpli\u00f3 ampliamente con las expectativas de los docentes y estudiantes, quienes participaron activamente del encuentro.<\/p>\n\n\n\n<p>Durante las pr\u00f3ximas dos semanas, la docente continuar\u00e1 con el dictado de los talleres, adem\u00e1s de visitas a escuelas de nivel primario y superior.<\/p>\n\n\n\n<figure class=\"wp-block-gallery has-nested-images columns-default is-cropped wp-block-gallery-1 is-layout-flex\">\n<figure class=\"wp-block-image size-large\"><img decoding=\"async\" loading=\"lazy\" width=\"1900\" height=\"855\" data-id=\"10345\"  src=\"https:\/\/des-tuc.infd.edu.ar\/sitio\/wp-content\/uploads\/2024\/06\/20240618_114454-1900x855.jpg\" alt=\"\" class=\"wp-image-10345\" srcset=\"https:\/\/des-tuc.infd.edu.ar\/sitio\/wp-content\/uploads\/2024\/06\/20240618_114454-1900x855.jpg 1900w, https:\/\/des-tuc.infd.edu.ar\/sitio\/wp-content\/uploads\/2024\/06\/20240618_114454-1000x450.jpg 1000w, https:\/\/des-tuc.infd.edu.ar\/sitio\/wp-content\/uploads\/2024\/06\/20240618_114454-768x346.jpg 768w, https:\/\/des-tuc.infd.edu.ar\/sitio\/wp-content\/uploads\/2024\/06\/20240618_114454-1536x691.jpg 1536w, https:\/\/des-tuc.infd.edu.ar\/sitio\/wp-content\/uploads\/2024\/06\/20240618_114454-2048x922.jpg 2048w\" sizes=\"(max-width: 1900px) 100vw, 1900px\" \/><\/figure>\n\n\n\n<figure class=\"wp-block-image size-large\"><img decoding=\"async\" loading=\"lazy\" width=\"1900\" height=\"855\" data-id=\"10344\"  src=\"https:\/\/des-tuc.infd.edu.ar\/sitio\/wp-content\/uploads\/2024\/06\/20240618_160519-1900x855.jpg\" alt=\"\" class=\"wp-image-10344\" srcset=\"https:\/\/des-tuc.infd.edu.ar\/sitio\/wp-content\/uploads\/2024\/06\/20240618_160519-1900x855.jpg 1900w, https:\/\/des-tuc.infd.edu.ar\/sitio\/wp-content\/uploads\/2024\/06\/20240618_160519-1000x450.jpg 1000w, https:\/\/des-tuc.infd.edu.ar\/sitio\/wp-content\/uploads\/2024\/06\/20240618_160519-768x346.jpg 768w, https:\/\/des-tuc.infd.edu.ar\/sitio\/wp-content\/uploads\/2024\/06\/20240618_160519-1536x691.jpg 1536w, https:\/\/des-tuc.infd.edu.ar\/sitio\/wp-content\/uploads\/2024\/06\/20240618_160519-2048x922.jpg 2048w\" sizes=\"(max-width: 1900px) 100vw, 1900px\" \/><\/figure>\n\n\n\n<figure class=\"wp-block-image size-large\"><img decoding=\"async\" loading=\"lazy\" width=\"1600\" height=\"900\" data-id=\"10340\"  src=\"https:\/\/des-tuc.infd.edu.ar\/sitio\/wp-content\/uploads\/2024\/06\/IMG-20240618-WA0048.jpg\" alt=\"\" class=\"wp-image-10340\" srcset=\"https:\/\/des-tuc.infd.edu.ar\/sitio\/wp-content\/uploads\/2024\/06\/IMG-20240618-WA0048.jpg 1600w, https:\/\/des-tuc.infd.edu.ar\/sitio\/wp-content\/uploads\/2024\/06\/IMG-20240618-WA0048-1000x563.jpg 1000w, https:\/\/des-tuc.infd.edu.ar\/sitio\/wp-content\/uploads\/2024\/06\/IMG-20240618-WA0048-768x432.jpg 768w, https:\/\/des-tuc.infd.edu.ar\/sitio\/wp-content\/uploads\/2024\/06\/IMG-20240618-WA0048-1536x864.jpg 1536w\" sizes=\"(max-width: 1600px) 100vw, 1600px\" \/><\/figure>\n\n\n\n<figure class=\"wp-block-image size-large\"><img decoding=\"async\" loading=\"lazy\" width=\"1600\" height=\"739\" data-id=\"10339\"  src=\"https:\/\/des-tuc.infd.edu.ar\/sitio\/wp-content\/uploads\/2024\/06\/IMG-20240618-WA0055.jpg\" alt=\"\" class=\"wp-image-10339\" srcset=\"https:\/\/des-tuc.infd.edu.ar\/sitio\/wp-content\/uploads\/2024\/06\/IMG-20240618-WA0055.jpg 1600w, https:\/\/des-tuc.infd.edu.ar\/sitio\/wp-content\/uploads\/2024\/06\/IMG-20240618-WA0055-1000x462.jpg 1000w, https:\/\/des-tuc.infd.edu.ar\/sitio\/wp-content\/uploads\/2024\/06\/IMG-20240618-WA0055-768x355.jpg 768w, https:\/\/des-tuc.infd.edu.ar\/sitio\/wp-content\/uploads\/2024\/06\/IMG-20240618-WA0055-1536x709.jpg 1536w\" sizes=\"(max-width: 1600px) 100vw, 1600px\" \/><\/figure>\n\n\n\n<figure class=\"wp-block-image size-large\"><img decoding=\"async\" loading=\"lazy\" width=\"1600\" height=\"900\" data-id=\"10341\"  src=\"https:\/\/des-tuc.infd.edu.ar\/sitio\/wp-content\/uploads\/2024\/06\/IMG-20240618-WA0057.jpg\" alt=\"\" class=\"wp-image-10341\" srcset=\"https:\/\/des-tuc.infd.edu.ar\/sitio\/wp-content\/uploads\/2024\/06\/IMG-20240618-WA0057.jpg 1600w, https:\/\/des-tuc.infd.edu.ar\/sitio\/wp-content\/uploads\/2024\/06\/IMG-20240618-WA0057-1000x563.jpg 1000w, https:\/\/des-tuc.infd.edu.ar\/sitio\/wp-content\/uploads\/2024\/06\/IMG-20240618-WA0057-768x432.jpg 768w, https:\/\/des-tuc.infd.edu.ar\/sitio\/wp-content\/uploads\/2024\/06\/IMG-20240618-WA0057-1536x864.jpg 1536w\" sizes=\"(max-width: 1600px) 100vw, 1600px\" \/><\/figure>\n\n\n\n<figure class=\"wp-block-image size-large\"><img decoding=\"async\" loading=\"lazy\" width=\"1280\" height=\"960\" data-id=\"10342\"  src=\"https:\/\/des-tuc.infd.edu.ar\/sitio\/wp-content\/uploads\/2024\/06\/IMG-20240618-WA0059.jpg\" alt=\"\" class=\"wp-image-10342\" srcset=\"https:\/\/des-tuc.infd.edu.ar\/sitio\/wp-content\/uploads\/2024\/06\/IMG-20240618-WA0059.jpg 1280w, https:\/\/des-tuc.infd.edu.ar\/sitio\/wp-content\/uploads\/2024\/06\/IMG-20240618-WA0059-1000x750.jpg 1000w, https:\/\/des-tuc.infd.edu.ar\/sitio\/wp-content\/uploads\/2024\/06\/IMG-20240618-WA0059-768x576.jpg 768w\" sizes=\"(max-width: 1280px) 100vw, 1280px\" \/><\/figure>\n\n\n\n<figure class=\"wp-block-image size-large\"><img decoding=\"async\" loading=\"lazy\" width=\"648\" height=\"1152\" data-id=\"10343\"  src=\"https:\/\/des-tuc.infd.edu.ar\/sitio\/wp-content\/uploads\/2024\/06\/IMG-20240618-WA0063.jpg\" alt=\"\" class=\"wp-image-10343\" srcset=\"https:\/\/des-tuc.infd.edu.ar\/sitio\/wp-content\/uploads\/2024\/06\/IMG-20240618-WA0063.jpg 648w, https:\/\/des-tuc.infd.edu.ar\/sitio\/wp-content\/uploads\/2024\/06\/IMG-20240618-WA0063-563x1000.jpg 563w\" sizes=\"(max-width: 648px) 100vw, 648px\" \/><\/figure>\n<\/figure>\n","protected":false},"excerpt":{"rendered":"<p>El d\u00eda martes 18 de junio, dio comienzo el ciclo de talleres de Actualizaci\u00f3n de las Pr\u00e1cticas de Ense\u00f1anza del Ingl\u00e9s en el Nivel primario, a cargo de la Docente Especialista de la Comisi\u00f3n Fulbright Katherine Hammer. La becaria del Programa DASt (Distinguished Awards in Teaching) se encuentra en la provincia para realizar un proyecto &#8230; <a title=\"Los docentes\u00a0de ingl\u00e9s de la provincia dicen: presente.\" class=\"read-more\" href=\"https:\/\/des-tuc.infd.edu.ar\/sitio\/los-docentes-de-ingles-de-la-provincia-dicen-presente\/\" aria-label=\"More on Los docentes\u00a0de ingl\u00e9s de la provincia dicen: presente.\">[+]<\/a><\/p>\n","protected":false},"author":543,"featured_media":10342,"comment_status":"closed","ping_status":"closed","sticky":false,"template":"","format":"standard","meta":[],"categories":[7,6],"tags":[],"acf":[],"_links":{"self":[{"href":"https:\/\/des-tuc.infd.edu.ar\/sitio\/wp-json\/wp\/v2\/posts\/10338"}],"collection":[{"href":"https:\/\/des-tuc.infd.edu.ar\/sitio\/wp-json\/wp\/v2\/posts"}],"about":[{"href":"https:\/\/des-tuc.infd.edu.ar\/sitio\/wp-json\/wp\/v2\/types\/post"}],"author":[{"embeddable":true,"href":"https:\/\/des-tuc.infd.edu.ar\/sitio\/wp-json\/wp\/v2\/users\/543"}],"replies":[{"embeddable":true,"href":"https:\/\/des-tuc.infd.edu.ar\/sitio\/wp-json\/wp\/v2\/comments?post=10338"}],"version-history":[{"count":1,"href":"https:\/\/des-tuc.infd.edu.ar\/sitio\/wp-json\/wp\/v2\/posts\/10338\/revisions"}],"predecessor-version":[{"id":10346,"href":"https:\/\/des-tuc.infd.edu.ar\/sitio\/wp-json\/wp\/v2\/posts\/10338\/revisions\/10346"}],"wp:featuredmedia":[{"embeddable":true,"href":"https:\/\/des-tuc.infd.edu.ar\/sitio\/wp-json\/wp\/v2\/media\/10342"}],"wp:attachment":[{"href":"https:\/\/des-tuc.infd.edu.ar\/sitio\/wp-json\/wp\/v2\/media?parent=10338"}],"wp:term":[{"taxonomy":"category","embeddable":true,"href":"https:\/\/des-tuc.infd.edu.ar\/sitio\/wp-json\/wp\/v2\/categories?post=10338"},{"taxonomy":"post_tag","embeddable":true,"href":"https:\/\/des-tuc.infd.edu.ar\/sitio\/wp-json\/wp\/v2\/tags?post=10338"}],"curies":[{"name":"wp","href":"https:\/\/api.w.org\/{rel}","templated":true}]}}