{"id":10333,"date":"2024-06-19T09:15:09","date_gmt":"2024-06-19T12:15:09","guid":{"rendered":"https:\/\/des-tuc.infd.edu.ar\/sitio\/?p=10333"},"modified":"2024-06-19T09:15:10","modified_gmt":"2024-06-19T12:15:10","slug":"de-chicago-a-la-perla-del-sur","status":"publish","type":"post","link":"https:\/\/des-tuc.infd.edu.ar\/sitio\/de-chicago-a-la-perla-del-sur\/","title":{"rendered":"De Chicago a la Perla del Sur"},"content":{"rendered":"\n<p><\/p>\n\n\n\n<p>El martes 4 de junio, la asistente de idioma ingl\u00e9s 2024 de la Comisi\u00f3n Fulbright , Abigail Gallup, realiz\u00f3 visitas a dos instituciones educativas de la ciudad de Concepci\u00f3n. Procedente de Chicago, EE UU, la becaria se encuentra en la provincia desde abril realizando tareas de asistencia idiom\u00e1tica en los profesorados de ingl\u00e9s del IES Lola Mora y del IES Aguilares.&nbsp;<\/p>\n\n\n\n<p>Adem\u00e1s de dichas actividades, la becaria visita escuelas de distintos contextos y niveles educativos, con el objetivo de que los estudiantes puedan vivir una experiencia intercultural y resignificar el estudio de la lengua extranjera.<\/p>\n\n\n\n<p>Por la ma\u00f1ana, Abigail tuvo la suerte de que su visita a la Escuela Secundaria Nassif Est\u00e9fano, coincidiera con el d\u00eda de presentaci\u00f3n de las remeras de los egresados 2024; pudo ver por primera vez una batucada y c\u00f3mo los egresados celebran junto a sus profesores este evento, que es parte de las celebraciones del \u00faltimo a\u00f1o de cursado. Los estudiantes la invitaron a participar de la batucada y a sacarse fotos con ellos.<\/p>\n\n\n\n<p>Luego, ya en el aula destinada a la jornada, incluso antes de realizar su presentaci\u00f3n, los estudiantes de los cursos superiores tomaron la iniciativa del di\u00e1logo, compartieron el desayuno y escucharon su presentaci\u00f3n. La visita se extendi\u00f3 hasta el mediod\u00eda, y permiti\u00f3 a los estudiantes experimentar la importancia&nbsp;del estudio de una segunda lengua, no s\u00f3lo para comunicarse, sino para potenciar su formaci\u00f3n acad\u00e9mica y profesional, d\u00e1ndoles la posibilidad de acceder a postulaciones para becas en el futuro.<\/p>\n\n\n\n<p>Despu\u00e9s del mediod\u00eda, los estudiantes&nbsp;del Profesorado de Ingl\u00e9s del Campus UNSTA Concepci\u00f3n, recibieron a la asistente en la sede que la universidad tiene en el sur, para compartir con ella una charla sobre la adquisici\u00f3n de una segunda lengua mediante experiencias de inmersi\u00f3n intercultural.<\/p>\n\n\n\n<p>Para los alumnos, lo m\u00e1s sorprendente&nbsp;fue constatar c\u00f3mo a tan temprana edad, los&nbsp; &nbsp;j\u00f3venes norteamericanos dejan sus hogares para estudiar en ciudades generalmente alejadas, experimentan la necesidad de viajar, conocer el mundo antes de decidir tener un trabajo estable o formar una familia. Les llam\u00f3 la atenci\u00f3n que Abigail, con tan s\u00f3lo 27 a\u00f1os, es Licenciada en Antropolog\u00eda Cultural y posee un Master en Trabajo&nbsp;Social, y las posibilidades de trabajos y becas en el extranjero que abren la educaci\u00f3n y el estudio de idiomas. Tambi\u00e9n se mostraron interesados en los programas de becas para profesores de ingl\u00e9s argentinos, que les permite acceder a realizar la misma experiencia que Abigail, siendo asistentes de idioma espa\u00f1ol en las universidades y colegios comunitarios de los EE UU.<\/p>\n\n\n\n<p>Por su parte, Abigail comparti\u00f3 con ellos cu\u00e1nto admira la manera en la que los argentinos conservan la cercan\u00eda con sus familiares y seres queridos durante toda su vida, la calidez y amabilidad de las personas que aunque no te conozcan est\u00e1n dispuestas a ayudarte.<\/p>\n\n\n\n<p>La visita fue muy agradecida por los estudiantes y el personal docente, que le dieron como regalo una bandeja llena de dulces y chocolates t\u00edpicos argentinos, a lo cual ella respondi\u00f3 con un enorme gracias, ya que seg\u00fan ella confiesa le encantan los dulces tucumanos y la siesta.&nbsp;<\/p>\n\n\n\n<p>Las becas de Asistentes de idioma son el resultado de convenios firmados por la Comisi\u00f3n Fulbright y el Ministerio de Educaci\u00f3n, y constituyen una gran oportunidad de crecimiento personal, acad\u00e9mico y profesional. Cada a\u00f1o, alrededor del mes de agosto, se llama a postulaci\u00f3n. Este a\u00f1o en los meses de agosto\/ septiembre dos j\u00f3venes docentes de ingl\u00e9s tucumanos, viajar\u00e1n a EE UU como becarios asistentes de idioma espa\u00f1ol Fulbright durante 8 meses. Ellos son Nadia Mansilla y Emiliano Rivadeneira, quienes se postularon y obtuvieron la beca ETA de Fulbright 2024-2025.&nbsp;<\/p>\n\n\n\n<p>\u00abGracias a la visita de Abigail pude ver los beneficios de conocer otras culturas y abrir los ojos hacia oportunidades que jam\u00e1s me hab\u00eda planteado.\u00bb Nayel\u00ed&nbsp;Cadi\u00f1anos, estudiantes de 3er a\u00f1o del Profesorado de Ingl\u00e9s UNSTA CUC<\/p>\n\n\n\n<p>\u00abLa charla de Abigail fue muy inspiradora para m\u00ed y para todos mis compa\u00f1eros.\u00bb Ignacio Valdez estudiantes de 2do a\u00f1o del Profesorado de Ingl\u00e9s UNSTA CUC\u00bb<\/p>\n\n\n\n<p>\u00bb Cuando Abigail nos habl\u00f3, me d\u00ed cuenta de que hablar otro idioma es una llave que abre muchas puertas en la vida.\u00bb Tom\u00e1s Saracho 5\u00b0 a\u00f1o Escuela Secundaria Nassif Est\u00e9fano.<\/p>\n\n\n\n<p>\u00abMe encant\u00f3 la experiencia, fue la primera vez que interactu\u00e9 con un hablante nativo de otro pa\u00eds.\u00bb Luciano Olea 6\u00b0 a\u00f1o Escuela Secundaria Nassif Est\u00e9fano.<\/p>\n\n\n\n<p><\/p>\n\n\n\n<figure class=\"wp-block-gallery has-nested-images columns-default is-cropped wp-block-gallery-1 is-layout-flex\">\n<figure class=\"wp-block-image size-large\"><img decoding=\"async\" loading=\"lazy\" width=\"1900\" height=\"855\" data-id=\"10335\"  src=\"https:\/\/des-tuc.infd.edu.ar\/sitio\/wp-content\/uploads\/2024\/06\/20240604_113249-1-1900x855.jpg\" alt=\"\" class=\"wp-image-10335\" srcset=\"https:\/\/des-tuc.infd.edu.ar\/sitio\/wp-content\/uploads\/2024\/06\/20240604_113249-1-1900x855.jpg 1900w, https:\/\/des-tuc.infd.edu.ar\/sitio\/wp-content\/uploads\/2024\/06\/20240604_113249-1-1000x450.jpg 1000w, https:\/\/des-tuc.infd.edu.ar\/sitio\/wp-content\/uploads\/2024\/06\/20240604_113249-1-768x346.jpg 768w, https:\/\/des-tuc.infd.edu.ar\/sitio\/wp-content\/uploads\/2024\/06\/20240604_113249-1-1536x691.jpg 1536w, https:\/\/des-tuc.infd.edu.ar\/sitio\/wp-content\/uploads\/2024\/06\/20240604_113249-1-2048x922.jpg 2048w\" sizes=\"(max-width: 1900px) 100vw, 1900px\" \/><\/figure>\n\n\n\n<figure class=\"wp-block-image size-large\"><img decoding=\"async\" loading=\"lazy\" width=\"1900\" height=\"855\" data-id=\"10336\"  src=\"https:\/\/des-tuc.infd.edu.ar\/sitio\/wp-content\/uploads\/2024\/06\/20240604_113249-1900x855.jpg\" alt=\"\" class=\"wp-image-10336\" srcset=\"https:\/\/des-tuc.infd.edu.ar\/sitio\/wp-content\/uploads\/2024\/06\/20240604_113249-1900x855.jpg 1900w, https:\/\/des-tuc.infd.edu.ar\/sitio\/wp-content\/uploads\/2024\/06\/20240604_113249-1000x450.jpg 1000w, https:\/\/des-tuc.infd.edu.ar\/sitio\/wp-content\/uploads\/2024\/06\/20240604_113249-768x346.jpg 768w, https:\/\/des-tuc.infd.edu.ar\/sitio\/wp-content\/uploads\/2024\/06\/20240604_113249-1536x691.jpg 1536w, https:\/\/des-tuc.infd.edu.ar\/sitio\/wp-content\/uploads\/2024\/06\/20240604_113249-2048x922.jpg 2048w\" sizes=\"(max-width: 1900px) 100vw, 1900px\" \/><\/figure>\n\n\n\n<figure class=\"wp-block-image size-large\"><img decoding=\"async\" loading=\"lazy\" width=\"1600\" height=\"1200\" data-id=\"10334\"  src=\"https:\/\/des-tuc.infd.edu.ar\/sitio\/wp-content\/uploads\/2024\/06\/IMG-20240604-WA0039.jpg\" alt=\"\" class=\"wp-image-10334\" srcset=\"https:\/\/des-tuc.infd.edu.ar\/sitio\/wp-content\/uploads\/2024\/06\/IMG-20240604-WA0039.jpg 1600w, https:\/\/des-tuc.infd.edu.ar\/sitio\/wp-content\/uploads\/2024\/06\/IMG-20240604-WA0039-1000x750.jpg 1000w, https:\/\/des-tuc.infd.edu.ar\/sitio\/wp-content\/uploads\/2024\/06\/IMG-20240604-WA0039-768x576.jpg 768w, https:\/\/des-tuc.infd.edu.ar\/sitio\/wp-content\/uploads\/2024\/06\/IMG-20240604-WA0039-1536x1152.jpg 1536w\" sizes=\"(max-width: 1600px) 100vw, 1600px\" \/><\/figure>\n<\/figure>\n","protected":false},"excerpt":{"rendered":"<p>El martes 4 de junio, la asistente de idioma ingl\u00e9s 2024 de la Comisi\u00f3n Fulbright , Abigail Gallup, realiz\u00f3 visitas a dos instituciones educativas de la ciudad de Concepci\u00f3n. Procedente de Chicago, EE UU, la becaria se encuentra en la provincia desde abril realizando tareas de asistencia idiom\u00e1tica en los profesorados de ingl\u00e9s del IES &#8230; <a title=\"De Chicago a la Perla del Sur\" class=\"read-more\" href=\"https:\/\/des-tuc.infd.edu.ar\/sitio\/de-chicago-a-la-perla-del-sur\/\" aria-label=\"More on De Chicago a la Perla del Sur\">[+]<\/a><\/p>\n","protected":false},"author":543,"featured_media":10334,"comment_status":"closed","ping_status":"closed","sticky":false,"template":"","format":"standard","meta":[],"categories":[7,6],"tags":[],"acf":[],"_links":{"self":[{"href":"https:\/\/des-tuc.infd.edu.ar\/sitio\/wp-json\/wp\/v2\/posts\/10333"}],"collection":[{"href":"https:\/\/des-tuc.infd.edu.ar\/sitio\/wp-json\/wp\/v2\/posts"}],"about":[{"href":"https:\/\/des-tuc.infd.edu.ar\/sitio\/wp-json\/wp\/v2\/types\/post"}],"author":[{"embeddable":true,"href":"https:\/\/des-tuc.infd.edu.ar\/sitio\/wp-json\/wp\/v2\/users\/543"}],"replies":[{"embeddable":true,"href":"https:\/\/des-tuc.infd.edu.ar\/sitio\/wp-json\/wp\/v2\/comments?post=10333"}],"version-history":[{"count":1,"href":"https:\/\/des-tuc.infd.edu.ar\/sitio\/wp-json\/wp\/v2\/posts\/10333\/revisions"}],"predecessor-version":[{"id":10337,"href":"https:\/\/des-tuc.infd.edu.ar\/sitio\/wp-json\/wp\/v2\/posts\/10333\/revisions\/10337"}],"wp:featuredmedia":[{"embeddable":true,"href":"https:\/\/des-tuc.infd.edu.ar\/sitio\/wp-json\/wp\/v2\/media\/10334"}],"wp:attachment":[{"href":"https:\/\/des-tuc.infd.edu.ar\/sitio\/wp-json\/wp\/v2\/media?parent=10333"}],"wp:term":[{"taxonomy":"category","embeddable":true,"href":"https:\/\/des-tuc.infd.edu.ar\/sitio\/wp-json\/wp\/v2\/categories?post=10333"},{"taxonomy":"post_tag","embeddable":true,"href":"https:\/\/des-tuc.infd.edu.ar\/sitio\/wp-json\/wp\/v2\/tags?post=10333"}],"curies":[{"name":"wp","href":"https:\/\/api.w.org\/{rel}","templated":true}]}}