{"id":10314,"date":"2024-06-14T11:31:49","date_gmt":"2024-06-14T14:31:49","guid":{"rendered":"https:\/\/des-tuc.infd.edu.ar\/sitio\/?p=10314"},"modified":"2024-06-14T11:31:50","modified_gmt":"2024-06-14T14:31:50","slug":"lanzaron-una-actualizacion-academica-de-alfabetizacion-en-el-nivel-primario","status":"publish","type":"post","link":"https:\/\/des-tuc.infd.edu.ar\/sitio\/lanzaron-una-actualizacion-academica-de-alfabetizacion-en-el-nivel-primario\/","title":{"rendered":"Lanzaron una Actualizaci\u00f3n Acad\u00e9mica de Alfabetizaci\u00f3n en el Nivel Primario"},"content":{"rendered":"\n<p>En el Teatro San Mart\u00edn, el Ministerio de Educaci\u00f3n de Tucum\u00e1n en articulaci\u00f3n con el Instituto de Investigaciones sobre la Lengua y la Cultura (INVELEC) CONICET-UNT, dio apertura al proyecto de Actualizaci\u00f3n Acad\u00e9mica de Alfabetizaci\u00f3n en el Nivel Primario.<\/p>\n\n\n\n<p>La actividad se enmarca en el Plan Jurisdiccional de Alfabetizaci\u00f3n desarrollado a partir de la Resoluci\u00f3n N\u00b0 465\/24 ANEXO Compromiso Federal por la Alfabetizaci\u00f3n; y busca responder a demandas espec\u00edficas de actualizaci\u00f3n y especializaci\u00f3n de docentes, directivos y supervisores que se desempe\u00f1an en escuelas primarias de la provincia.<\/p>\n\n\n\n<p>La jornada estuvo presidida por la ministra de Educaci\u00f3n,&nbsp;<strong>Susana Montaldo<\/strong>; el director del CONICET NOA SUR,&nbsp;<strong>Augusto Bellomio<\/strong>; junto a la directora y vicedirectora del INVELEC&nbsp;<strong>Constanza Padilla<\/strong>&nbsp;y&nbsp;<strong>Rossana Nofal<\/strong>; y la responsable de Vinculaci\u00f3n Educativa del INVELEC,&nbsp;<strong>Silvia Camu\u00f1a.<\/strong><\/p>\n\n\n\n<p>Tambi\u00e9n estuvieron presentes el decano de la Facultad de Filosof\u00eda y Letras,&nbsp;<strong>Sergio Robin<\/strong>; la secretaria de Educaci\u00f3n,<strong>&nbsp;Gabriela Gallardo<\/strong>; y &nbsp;el director de Educaci\u00f3n Primaria,&nbsp;<strong>Carlos D\u00edaz<\/strong>; junto a autoridades y representantes de la UNT; directores de nivel; y alrededor de 720 inscriptos entre supervisores, directores de escuelas primarias y docentes.<\/p>\n\n\n\n<p>\u201cEsta es la mejor manera de ir caminando hacia una excelencia en el nivel de los docentes, con acciones concretas, para dar respuesta al compromiso que asumimos a nivel provincial y a nivel pa\u00eds con un plan de alfabetizaci\u00f3n con el que aspiramos mejorar la calidad educativa de nuestras escuelas; as\u00ed que muy contenta de ver este teatro San Mart\u00edn lleno de docentes que quieren perfeccionarse, un rasgo fundamental que tiene que tener un docente es ese compromiso con el aprendizaje y el perfeccionamiento permanente para brindar la mejor educaci\u00f3n para que los ni\u00f1os crezcan en conocimiento y autoestima personal\u201d, reflexion\u00f3 la ministra.<\/p>\n\n\n\n<p>A su turno, Augusto Bellomio, agreg\u00f3 \u201cmuy contentos de que desde el INVELEC y el CONICET podamos participar de esta capacitaci\u00f3n a los docentes para poder tener una sociedad mejor en el futuro. Que podamos contribuir con el conocimiento que se genera en las unidades ejecutoras del CONICET, en este caso el INVELEC que es doble dependencia de UNT y CONICET, con nuestros ni\u00f1os tan queridos nos llena de orgullo\u201d.<\/p>\n\n\n\n<p>\u201cEsta capacitaci\u00f3n sobre alfabetizaci\u00f3n es important\u00edsima ya que define la trayectoria de los alumnos. Un alumno que aprende a leer y escribir es un alumno que tiene asegurada una buena trayectoria escolar.Es una propuesta de calidad y que busca mejorar las pr\u00e1cticas y trabajar en territorios sobre las necesidades de alfabetizaci\u00f3n\u201d, destac\u00f3 Carlos D\u00edaz.<\/p>\n\n\n\n<p>Por \u00faltimo, Silvia Camu\u00f1a, explic\u00f3 \u201cuno de los ejes que tiene el plan jurisdiccional de alfabetizaci\u00f3n es trabajar en articulaci\u00f3n con organizaciones, instituciones y fundaciones porque consideramos que el trabajo en equipo es lo que nos va a fortalecer, as\u00ed que el INVELEC entra dentro de esas vinculaciones en este paso hist\u00f3rico en la capacitaci\u00f3n docente. Lo novedoso de esta actualizaci\u00f3n es que es una actualizaci\u00f3n situada que atiende demandas de la provincia\u201d.<\/p>\n\n\n\n<p>\u201cOtro de los ejes es la formaci\u00f3n docente inicial y continua porque es fundamental para implementar pol\u00edticas educativas alfabetizadoras; es brindar estrategias para que el docente y tambi\u00e9n los directivos y supervisores puedan implementar en el aula y en el territorio\u201d, concluy\u00f3.<\/p>\n\n\n\n<p><a href=\"https:\/\/www.educaciontuc.gov.ar\/wp-content\/uploads\/2024\/06\/WhatsApp-Image-2024-06-14-at-11.09.56-768x512.jpeg\"><\/a><\/p>\n\n\n\n<figure class=\"wp-block-gallery has-nested-images columns-default is-cropped wp-block-gallery-1 is-layout-flex\">\n<figure class=\"wp-block-image size-large\"><img decoding=\"async\" loading=\"lazy\" width=\"1200\" height=\"800\" data-id=\"10315\"  src=\"https:\/\/des-tuc.infd.edu.ar\/sitio\/wp-content\/uploads\/2024\/06\/WhatsApp-Image-2024-06-14-at-11.07.21-1200x800-1.jpeg\" alt=\"\" class=\"wp-image-10315\" srcset=\"https:\/\/des-tuc.infd.edu.ar\/sitio\/wp-content\/uploads\/2024\/06\/WhatsApp-Image-2024-06-14-at-11.07.21-1200x800-1.jpeg 1200w, https:\/\/des-tuc.infd.edu.ar\/sitio\/wp-content\/uploads\/2024\/06\/WhatsApp-Image-2024-06-14-at-11.07.21-1200x800-1-1000x667.jpeg 1000w, https:\/\/des-tuc.infd.edu.ar\/sitio\/wp-content\/uploads\/2024\/06\/WhatsApp-Image-2024-06-14-at-11.07.21-1200x800-1-768x512.jpeg 768w\" sizes=\"(max-width: 1200px) 100vw, 1200px\" \/><\/figure>\n\n\n\n<figure class=\"wp-block-image size-large\"><img decoding=\"async\" loading=\"lazy\" width=\"1600\" height=\"1066\" data-id=\"10316\"  src=\"https:\/\/des-tuc.infd.edu.ar\/sitio\/wp-content\/uploads\/2024\/06\/WhatsApp-Image-2024-06-14-at-11.09.54-1.jpeg\" alt=\"\" class=\"wp-image-10316\" srcset=\"https:\/\/des-tuc.infd.edu.ar\/sitio\/wp-content\/uploads\/2024\/06\/WhatsApp-Image-2024-06-14-at-11.09.54-1.jpeg 1600w, https:\/\/des-tuc.infd.edu.ar\/sitio\/wp-content\/uploads\/2024\/06\/WhatsApp-Image-2024-06-14-at-11.09.54-1-1000x666.jpeg 1000w, https:\/\/des-tuc.infd.edu.ar\/sitio\/wp-content\/uploads\/2024\/06\/WhatsApp-Image-2024-06-14-at-11.09.54-1-768x512.jpeg 768w, https:\/\/des-tuc.infd.edu.ar\/sitio\/wp-content\/uploads\/2024\/06\/WhatsApp-Image-2024-06-14-at-11.09.54-1-1536x1023.jpeg 1536w\" sizes=\"(max-width: 1600px) 100vw, 1600px\" \/><\/figure>\n\n\n\n<figure class=\"wp-block-image size-large\"><img decoding=\"async\" loading=\"lazy\" width=\"1600\" height=\"1066\" data-id=\"10317\"  src=\"https:\/\/des-tuc.infd.edu.ar\/sitio\/wp-content\/uploads\/2024\/06\/WhatsApp-Image-2024-06-14-at-11.09.56-1.jpeg\" alt=\"\" class=\"wp-image-10317\" srcset=\"https:\/\/des-tuc.infd.edu.ar\/sitio\/wp-content\/uploads\/2024\/06\/WhatsApp-Image-2024-06-14-at-11.09.56-1.jpeg 1600w, https:\/\/des-tuc.infd.edu.ar\/sitio\/wp-content\/uploads\/2024\/06\/WhatsApp-Image-2024-06-14-at-11.09.56-1-1000x666.jpeg 1000w, https:\/\/des-tuc.infd.edu.ar\/sitio\/wp-content\/uploads\/2024\/06\/WhatsApp-Image-2024-06-14-at-11.09.56-1-768x512.jpeg 768w, https:\/\/des-tuc.infd.edu.ar\/sitio\/wp-content\/uploads\/2024\/06\/WhatsApp-Image-2024-06-14-at-11.09.56-1-1536x1023.jpeg 1536w\" sizes=\"(max-width: 1600px) 100vw, 1600px\" \/><\/figure>\n\n\n\n<figure class=\"wp-block-image size-large\"><img decoding=\"async\" loading=\"lazy\" width=\"1600\" height=\"1066\" data-id=\"10318\"  src=\"https:\/\/des-tuc.infd.edu.ar\/sitio\/wp-content\/uploads\/2024\/06\/WhatsApp-Image-2024-06-14-at-11.09.57-1.jpeg\" alt=\"\" class=\"wp-image-10318\" srcset=\"https:\/\/des-tuc.infd.edu.ar\/sitio\/wp-content\/uploads\/2024\/06\/WhatsApp-Image-2024-06-14-at-11.09.57-1.jpeg 1600w, https:\/\/des-tuc.infd.edu.ar\/sitio\/wp-content\/uploads\/2024\/06\/WhatsApp-Image-2024-06-14-at-11.09.57-1-1000x666.jpeg 1000w, https:\/\/des-tuc.infd.edu.ar\/sitio\/wp-content\/uploads\/2024\/06\/WhatsApp-Image-2024-06-14-at-11.09.57-1-768x512.jpeg 768w, https:\/\/des-tuc.infd.edu.ar\/sitio\/wp-content\/uploads\/2024\/06\/WhatsApp-Image-2024-06-14-at-11.09.57-1-1536x1023.jpeg 1536w\" sizes=\"(max-width: 1600px) 100vw, 1600px\" \/><\/figure>\n\n\n\n<figure class=\"wp-block-image size-large\"><img decoding=\"async\" loading=\"lazy\" width=\"1600\" height=\"1066\" data-id=\"10319\"  src=\"https:\/\/des-tuc.infd.edu.ar\/sitio\/wp-content\/uploads\/2024\/06\/WhatsApp-Image-2024-06-14-at-11.09.55-1.jpeg\" alt=\"\" class=\"wp-image-10319\" srcset=\"https:\/\/des-tuc.infd.edu.ar\/sitio\/wp-content\/uploads\/2024\/06\/WhatsApp-Image-2024-06-14-at-11.09.55-1.jpeg 1600w, https:\/\/des-tuc.infd.edu.ar\/sitio\/wp-content\/uploads\/2024\/06\/WhatsApp-Image-2024-06-14-at-11.09.55-1-1000x666.jpeg 1000w, https:\/\/des-tuc.infd.edu.ar\/sitio\/wp-content\/uploads\/2024\/06\/WhatsApp-Image-2024-06-14-at-11.09.55-1-768x512.jpeg 768w, https:\/\/des-tuc.infd.edu.ar\/sitio\/wp-content\/uploads\/2024\/06\/WhatsApp-Image-2024-06-14-at-11.09.55-1-1536x1023.jpeg 1536w\" sizes=\"(max-width: 1600px) 100vw, 1600px\" \/><\/figure>\n\n\n\n<figure class=\"wp-block-image size-large\"><img decoding=\"async\" loading=\"lazy\" width=\"1600\" height=\"1066\" data-id=\"10321\"  src=\"https:\/\/des-tuc.infd.edu.ar\/sitio\/wp-content\/uploads\/2024\/06\/WhatsApp-Image-2024-06-14-at-11.09.55-3.jpeg\" alt=\"\" class=\"wp-image-10321\" srcset=\"https:\/\/des-tuc.infd.edu.ar\/sitio\/wp-content\/uploads\/2024\/06\/WhatsApp-Image-2024-06-14-at-11.09.55-3.jpeg 1600w, https:\/\/des-tuc.infd.edu.ar\/sitio\/wp-content\/uploads\/2024\/06\/WhatsApp-Image-2024-06-14-at-11.09.55-3-1000x666.jpeg 1000w, https:\/\/des-tuc.infd.edu.ar\/sitio\/wp-content\/uploads\/2024\/06\/WhatsApp-Image-2024-06-14-at-11.09.55-3-768x512.jpeg 768w, https:\/\/des-tuc.infd.edu.ar\/sitio\/wp-content\/uploads\/2024\/06\/WhatsApp-Image-2024-06-14-at-11.09.55-3-1536x1023.jpeg 1536w\" sizes=\"(max-width: 1600px) 100vw, 1600px\" \/><\/figure>\n\n\n\n<figure class=\"wp-block-image size-large\"><img decoding=\"async\" loading=\"lazy\" width=\"1600\" height=\"1066\" data-id=\"10322\"  src=\"https:\/\/des-tuc.infd.edu.ar\/sitio\/wp-content\/uploads\/2024\/06\/WhatsApp-Image-2024-06-14-at-11.09.55.jpeg\" alt=\"\" class=\"wp-image-10322\" srcset=\"https:\/\/des-tuc.infd.edu.ar\/sitio\/wp-content\/uploads\/2024\/06\/WhatsApp-Image-2024-06-14-at-11.09.55.jpeg 1600w, https:\/\/des-tuc.infd.edu.ar\/sitio\/wp-content\/uploads\/2024\/06\/WhatsApp-Image-2024-06-14-at-11.09.55-1000x666.jpeg 1000w, https:\/\/des-tuc.infd.edu.ar\/sitio\/wp-content\/uploads\/2024\/06\/WhatsApp-Image-2024-06-14-at-11.09.55-768x512.jpeg 768w, https:\/\/des-tuc.infd.edu.ar\/sitio\/wp-content\/uploads\/2024\/06\/WhatsApp-Image-2024-06-14-at-11.09.55-1536x1023.jpeg 1536w\" sizes=\"(max-width: 1600px) 100vw, 1600px\" \/><\/figure>\n\n\n\n<figure class=\"wp-block-image size-large\"><img decoding=\"async\" loading=\"lazy\" width=\"1600\" height=\"1066\" data-id=\"10323\"  src=\"https:\/\/des-tuc.infd.edu.ar\/sitio\/wp-content\/uploads\/2024\/06\/WhatsApp-Image-2024-06-14-at-11.09.57.jpeg\" alt=\"\" class=\"wp-image-10323\" srcset=\"https:\/\/des-tuc.infd.edu.ar\/sitio\/wp-content\/uploads\/2024\/06\/WhatsApp-Image-2024-06-14-at-11.09.57.jpeg 1600w, https:\/\/des-tuc.infd.edu.ar\/sitio\/wp-content\/uploads\/2024\/06\/WhatsApp-Image-2024-06-14-at-11.09.57-1000x666.jpeg 1000w, https:\/\/des-tuc.infd.edu.ar\/sitio\/wp-content\/uploads\/2024\/06\/WhatsApp-Image-2024-06-14-at-11.09.57-768x512.jpeg 768w, https:\/\/des-tuc.infd.edu.ar\/sitio\/wp-content\/uploads\/2024\/06\/WhatsApp-Image-2024-06-14-at-11.09.57-1536x1023.jpeg 1536w\" sizes=\"(max-width: 1600px) 100vw, 1600px\" \/><\/figure>\n\n\n\n<figure class=\"wp-block-image size-large\"><img decoding=\"async\" loading=\"lazy\" width=\"1600\" height=\"1066\" data-id=\"10324\"  src=\"https:\/\/des-tuc.infd.edu.ar\/sitio\/wp-content\/uploads\/2024\/06\/WhatsApp-Image-2024-06-14-at-11.09.56-2.jpeg\" alt=\"\" class=\"wp-image-10324\" srcset=\"https:\/\/des-tuc.infd.edu.ar\/sitio\/wp-content\/uploads\/2024\/06\/WhatsApp-Image-2024-06-14-at-11.09.56-2.jpeg 1600w, https:\/\/des-tuc.infd.edu.ar\/sitio\/wp-content\/uploads\/2024\/06\/WhatsApp-Image-2024-06-14-at-11.09.56-2-1000x666.jpeg 1000w, https:\/\/des-tuc.infd.edu.ar\/sitio\/wp-content\/uploads\/2024\/06\/WhatsApp-Image-2024-06-14-at-11.09.56-2-768x512.jpeg 768w, https:\/\/des-tuc.infd.edu.ar\/sitio\/wp-content\/uploads\/2024\/06\/WhatsApp-Image-2024-06-14-at-11.09.56-2-1536x1023.jpeg 1536w\" sizes=\"(max-width: 1600px) 100vw, 1600px\" \/><\/figure>\n\n\n\n<figure class=\"wp-block-image size-large\"><img decoding=\"async\" loading=\"lazy\" width=\"1600\" height=\"1066\" data-id=\"10325\"  src=\"https:\/\/des-tuc.infd.edu.ar\/sitio\/wp-content\/uploads\/2024\/06\/WhatsApp-Image-2024-06-14-at-11.09.55-2.jpeg\" alt=\"\" class=\"wp-image-10325\" srcset=\"https:\/\/des-tuc.infd.edu.ar\/sitio\/wp-content\/uploads\/2024\/06\/WhatsApp-Image-2024-06-14-at-11.09.55-2.jpeg 1600w, https:\/\/des-tuc.infd.edu.ar\/sitio\/wp-content\/uploads\/2024\/06\/WhatsApp-Image-2024-06-14-at-11.09.55-2-1000x666.jpeg 1000w, https:\/\/des-tuc.infd.edu.ar\/sitio\/wp-content\/uploads\/2024\/06\/WhatsApp-Image-2024-06-14-at-11.09.55-2-768x512.jpeg 768w, https:\/\/des-tuc.infd.edu.ar\/sitio\/wp-content\/uploads\/2024\/06\/WhatsApp-Image-2024-06-14-at-11.09.55-2-1536x1023.jpeg 1536w\" sizes=\"(max-width: 1600px) 100vw, 1600px\" \/><\/figure>\n\n\n\n<figure class=\"wp-block-image size-large\"><img decoding=\"async\" loading=\"lazy\" width=\"1600\" height=\"1066\" data-id=\"10326\"  src=\"https:\/\/des-tuc.infd.edu.ar\/sitio\/wp-content\/uploads\/2024\/06\/WhatsApp-Image-2024-06-14-at-11.09.56-1-1.jpeg\" alt=\"\" class=\"wp-image-10326\" srcset=\"https:\/\/des-tuc.infd.edu.ar\/sitio\/wp-content\/uploads\/2024\/06\/WhatsApp-Image-2024-06-14-at-11.09.56-1-1.jpeg 1600w, https:\/\/des-tuc.infd.edu.ar\/sitio\/wp-content\/uploads\/2024\/06\/WhatsApp-Image-2024-06-14-at-11.09.56-1-1-1000x666.jpeg 1000w, https:\/\/des-tuc.infd.edu.ar\/sitio\/wp-content\/uploads\/2024\/06\/WhatsApp-Image-2024-06-14-at-11.09.56-1-1-768x512.jpeg 768w, https:\/\/des-tuc.infd.edu.ar\/sitio\/wp-content\/uploads\/2024\/06\/WhatsApp-Image-2024-06-14-at-11.09.56-1-1-1536x1023.jpeg 1536w\" sizes=\"(max-width: 1600px) 100vw, 1600px\" \/><\/figure>\n\n\n\n<figure class=\"wp-block-image size-large\"><img decoding=\"async\" loading=\"lazy\" width=\"1600\" height=\"1066\" data-id=\"10327\"  src=\"https:\/\/des-tuc.infd.edu.ar\/sitio\/wp-content\/uploads\/2024\/06\/WhatsApp-Image-2024-06-14-at-11.09.54.jpeg\" alt=\"\" class=\"wp-image-10327\" srcset=\"https:\/\/des-tuc.infd.edu.ar\/sitio\/wp-content\/uploads\/2024\/06\/WhatsApp-Image-2024-06-14-at-11.09.54.jpeg 1600w, https:\/\/des-tuc.infd.edu.ar\/sitio\/wp-content\/uploads\/2024\/06\/WhatsApp-Image-2024-06-14-at-11.09.54-1000x666.jpeg 1000w, https:\/\/des-tuc.infd.edu.ar\/sitio\/wp-content\/uploads\/2024\/06\/WhatsApp-Image-2024-06-14-at-11.09.54-768x512.jpeg 768w, https:\/\/des-tuc.infd.edu.ar\/sitio\/wp-content\/uploads\/2024\/06\/WhatsApp-Image-2024-06-14-at-11.09.54-1536x1023.jpeg 1536w\" sizes=\"(max-width: 1600px) 100vw, 1600px\" \/><\/figure>\n\n\n\n<figure class=\"wp-block-image size-large\"><img decoding=\"async\" loading=\"lazy\" width=\"1600\" height=\"1066\" data-id=\"10328\"  src=\"https:\/\/des-tuc.infd.edu.ar\/sitio\/wp-content\/uploads\/2024\/06\/WhatsApp-Image-2024-06-14-at-11.09.56.jpeg\" alt=\"\" class=\"wp-image-10328\" srcset=\"https:\/\/des-tuc.infd.edu.ar\/sitio\/wp-content\/uploads\/2024\/06\/WhatsApp-Image-2024-06-14-at-11.09.56.jpeg 1600w, https:\/\/des-tuc.infd.edu.ar\/sitio\/wp-content\/uploads\/2024\/06\/WhatsApp-Image-2024-06-14-at-11.09.56-1000x666.jpeg 1000w, https:\/\/des-tuc.infd.edu.ar\/sitio\/wp-content\/uploads\/2024\/06\/WhatsApp-Image-2024-06-14-at-11.09.56-768x512.jpeg 768w, https:\/\/des-tuc.infd.edu.ar\/sitio\/wp-content\/uploads\/2024\/06\/WhatsApp-Image-2024-06-14-at-11.09.56-1536x1023.jpeg 1536w\" sizes=\"(max-width: 1600px) 100vw, 1600px\" \/><\/figure>\n<\/figure>\n\n\n\n<p>Fuente: <a href=\"https:\/\/www.educaciontuc.gov.ar\/2024\/06\/14\/lanzaron-una-actualizacion-academica-de-alfabetizacion-en-el-nivel-primario\/\" target=\"_blank\" rel=\"noreferrer noopener\">https:\/\/www.educaciontuc.gov.ar\/2024\/06\/14\/lanzaron-una-actualizacion-academica-de-alfabetizacion-en-el-nivel-primario\/<\/a><\/p>\n","protected":false},"excerpt":{"rendered":"<p>En el Teatro San Mart\u00edn, el Ministerio de Educaci\u00f3n de Tucum\u00e1n en articulaci\u00f3n con el Instituto de Investigaciones sobre la Lengua y la Cultura (INVELEC) CONICET-UNT, dio apertura al proyecto de Actualizaci\u00f3n Acad\u00e9mica de Alfabetizaci\u00f3n en el Nivel Primario. La actividad se enmarca en el Plan Jurisdiccional de Alfabetizaci\u00f3n desarrollado a partir de la Resoluci\u00f3n &#8230; <a title=\"Lanzaron una Actualizaci\u00f3n Acad\u00e9mica de Alfabetizaci\u00f3n en el Nivel Primario\" class=\"read-more\" href=\"https:\/\/des-tuc.infd.edu.ar\/sitio\/lanzaron-una-actualizacion-academica-de-alfabetizacion-en-el-nivel-primario\/\" aria-label=\"More on Lanzaron una Actualizaci\u00f3n Acad\u00e9mica de Alfabetizaci\u00f3n en el Nivel Primario\">[+]<\/a><\/p>\n","protected":false},"author":543,"featured_media":10315,"comment_status":"open","ping_status":"open","sticky":false,"template":"","format":"standard","meta":[],"categories":[7,6],"tags":[],"acf":[],"_links":{"self":[{"href":"https:\/\/des-tuc.infd.edu.ar\/sitio\/wp-json\/wp\/v2\/posts\/10314"}],"collection":[{"href":"https:\/\/des-tuc.infd.edu.ar\/sitio\/wp-json\/wp\/v2\/posts"}],"about":[{"href":"https:\/\/des-tuc.infd.edu.ar\/sitio\/wp-json\/wp\/v2\/types\/post"}],"author":[{"embeddable":true,"href":"https:\/\/des-tuc.infd.edu.ar\/sitio\/wp-json\/wp\/v2\/users\/543"}],"replies":[{"embeddable":true,"href":"https:\/\/des-tuc.infd.edu.ar\/sitio\/wp-json\/wp\/v2\/comments?post=10314"}],"version-history":[{"count":1,"href":"https:\/\/des-tuc.infd.edu.ar\/sitio\/wp-json\/wp\/v2\/posts\/10314\/revisions"}],"predecessor-version":[{"id":10329,"href":"https:\/\/des-tuc.infd.edu.ar\/sitio\/wp-json\/wp\/v2\/posts\/10314\/revisions\/10329"}],"wp:featuredmedia":[{"embeddable":true,"href":"https:\/\/des-tuc.infd.edu.ar\/sitio\/wp-json\/wp\/v2\/media\/10315"}],"wp:attachment":[{"href":"https:\/\/des-tuc.infd.edu.ar\/sitio\/wp-json\/wp\/v2\/media?parent=10314"}],"wp:term":[{"taxonomy":"category","embeddable":true,"href":"https:\/\/des-tuc.infd.edu.ar\/sitio\/wp-json\/wp\/v2\/categories?post=10314"},{"taxonomy":"post_tag","embeddable":true,"href":"https:\/\/des-tuc.infd.edu.ar\/sitio\/wp-json\/wp\/v2\/tags?post=10314"}],"curies":[{"name":"wp","href":"https:\/\/api.w.org\/{rel}","templated":true}]}}