{"id":10308,"date":"2024-06-14T11:27:14","date_gmt":"2024-06-14T14:27:14","guid":{"rendered":"https:\/\/des-tuc.infd.edu.ar\/sitio\/?p=10308"},"modified":"2024-06-14T11:27:15","modified_gmt":"2024-06-14T14:27:15","slug":"educacion-y-la-facultad-de-filosofia-y-letras-firmaron-un-acuerdo-de-cooperacion-mutua","status":"publish","type":"post","link":"https:\/\/des-tuc.infd.edu.ar\/sitio\/educacion-y-la-facultad-de-filosofia-y-letras-firmaron-un-acuerdo-de-cooperacion-mutua\/","title":{"rendered":"Educaci\u00f3n y la Facultad de Filosof\u00eda y Letras firmaron un acuerdo de cooperaci\u00f3n mutua"},"content":{"rendered":"\n<p>La ministra de Educaci\u00f3n,&nbsp;<strong>Susana Montaldo<\/strong>, en conjunto con el decano de la Facultad de Filosof\u00eda y Letras,&nbsp;<strong>Sergio Rob\u00edn<\/strong>, firmaron un&nbsp;<strong>Acuerdo de Cooperaci\u00f3n entre ambas instituciones.<\/strong><\/p>\n\n\n\n<p>Adem\u00e1s, participaron la secretaria de Estado de Educaci\u00f3n,&nbsp;<strong>Gabriela Gallardo<\/strong>&nbsp;y la secretaria de Extensi\u00f3n de la Facultad de Filosof\u00eda y Letras,&nbsp;<strong>Mar\u00eda Gabriela Gonz\u00e1lez<\/strong>.<\/p>\n\n\n\n<p>El acuerdo se realiza en el marco del convenio de colaboraci\u00f3n celebrado entre el Ministerio de Educaci\u00f3n de la Provincia y la Universidad Nacional de Tucum\u00e1n,&nbsp;<strong>RES \u2013 DGD \u2013 3320 \/ 2024<\/strong>&nbsp;con el objeto de crear canales de colaboraci\u00f3n y asistencia rec\u00edprocas tendientes a la planificaci\u00f3n, desarrollo e implementaci\u00f3n de programas de actividades conjuntas.<\/p>\n\n\n\n<p>Las actividades de cooperaci\u00f3n podr\u00e1n referirse a la realizaci\u00f3n de proyectos de investigaci\u00f3n, capacitaci\u00f3n, aplicaci\u00f3n de tecnolog\u00edas espec\u00edficas en torno a temas de inter\u00e9s com\u00fan, organizaci\u00f3n de eventos acad\u00e9micos, actividades de extensi\u00f3n al medio, programas de pasant\u00eda educativa, actividades de voluntariado y\/o pr\u00e1cticas voluntarias preprofesionales, as\u00ed como cualquier otra propuesta que resulte de com\u00fan inter\u00e9s para ambas instituciones. El presente Acuerdo de Cooperaci\u00f3n tendr\u00e1 una duraci\u00f3n de cuatro a\u00f1os.<\/p>\n\n\n\n<p>\u201cEn el marco de un convenio que ya se firm\u00f3 entre el rector de la Universidad Nacional de Tucum\u00e1n y la se\u00f1ora ministra, nosotros avanzamos con un acta acuerdo m\u00e1s espec\u00edfica porque tenemos muchos proyectos para llevar adelante relacionados con la formaci\u00f3n docente permanente y con llevar adelante publicaciones que tengan por objeto la divulgaci\u00f3n de algunas \u00e1reas en particular como por ejemplo la historia y geograf\u00eda de Tucum\u00e1n. Queremos llegar a la mayor cantidad de escuelas, de docentes y de directivos posibles en esta cuesti\u00f3n que est\u00e1n tan sensible como el conocimiento hist\u00f3rico y geogr\u00e1fico de nuestra propia provincia\u201d afirm\u00f3, Sergio Rob\u00edn.<\/p>\n\n\n\n<p><\/p>\n\n\n\n<figure class=\"wp-block-gallery has-nested-images columns-default is-cropped wp-block-gallery-1 is-layout-flex\">\n<figure class=\"wp-block-image size-large\"><img decoding=\"async\" loading=\"lazy\" width=\"1200\" height=\"800\" data-id=\"10309\"  src=\"https:\/\/des-tuc.infd.edu.ar\/sitio\/wp-content\/uploads\/2024\/06\/1F8A6399-1200x800-1.jpg\" alt=\"\" class=\"wp-image-10309\" srcset=\"https:\/\/des-tuc.infd.edu.ar\/sitio\/wp-content\/uploads\/2024\/06\/1F8A6399-1200x800-1.jpg 1200w, https:\/\/des-tuc.infd.edu.ar\/sitio\/wp-content\/uploads\/2024\/06\/1F8A6399-1200x800-1-1000x667.jpg 1000w, https:\/\/des-tuc.infd.edu.ar\/sitio\/wp-content\/uploads\/2024\/06\/1F8A6399-1200x800-1-768x512.jpg 768w\" sizes=\"(max-width: 1200px) 100vw, 1200px\" \/><\/figure>\n\n\n\n<figure class=\"wp-block-image size-large\"><img decoding=\"async\" loading=\"lazy\" width=\"1900\" height=\"1267\" data-id=\"10310\"  src=\"https:\/\/des-tuc.infd.edu.ar\/sitio\/wp-content\/uploads\/2024\/06\/1F8A6413-1900x1267.jpg\" alt=\"\" class=\"wp-image-10310\" srcset=\"https:\/\/des-tuc.infd.edu.ar\/sitio\/wp-content\/uploads\/2024\/06\/1F8A6413-1900x1267.jpg 1900w, https:\/\/des-tuc.infd.edu.ar\/sitio\/wp-content\/uploads\/2024\/06\/1F8A6413-1000x667.jpg 1000w, https:\/\/des-tuc.infd.edu.ar\/sitio\/wp-content\/uploads\/2024\/06\/1F8A6413-768x512.jpg 768w, https:\/\/des-tuc.infd.edu.ar\/sitio\/wp-content\/uploads\/2024\/06\/1F8A6413-1536x1024.jpg 1536w, https:\/\/des-tuc.infd.edu.ar\/sitio\/wp-content\/uploads\/2024\/06\/1F8A6413.jpg 1920w\" sizes=\"(max-width: 1900px) 100vw, 1900px\" \/><\/figure>\n\n\n\n<figure class=\"wp-block-image size-large\"><img decoding=\"async\" loading=\"lazy\" width=\"1900\" height=\"1267\" data-id=\"10311\"  src=\"https:\/\/des-tuc.infd.edu.ar\/sitio\/wp-content\/uploads\/2024\/06\/1F8A6427-1900x1267.jpg\" alt=\"\" class=\"wp-image-10311\" srcset=\"https:\/\/des-tuc.infd.edu.ar\/sitio\/wp-content\/uploads\/2024\/06\/1F8A6427-1900x1267.jpg 1900w, https:\/\/des-tuc.infd.edu.ar\/sitio\/wp-content\/uploads\/2024\/06\/1F8A6427-1000x667.jpg 1000w, https:\/\/des-tuc.infd.edu.ar\/sitio\/wp-content\/uploads\/2024\/06\/1F8A6427-768x512.jpg 768w, https:\/\/des-tuc.infd.edu.ar\/sitio\/wp-content\/uploads\/2024\/06\/1F8A6427-1536x1024.jpg 1536w, https:\/\/des-tuc.infd.edu.ar\/sitio\/wp-content\/uploads\/2024\/06\/1F8A6427.jpg 1920w\" sizes=\"(max-width: 1900px) 100vw, 1900px\" \/><\/figure>\n<\/figure>\n\n\n\n<p>Fuente:<a href=\"https:\/\/www.educaciontuc.gov.ar\/2024\/06\/13\/educacion-y-la-facultad-de-filosofia-y-letras-firmaron-un-acuerdo-de-cooperacion-mutua\/\" target=\"_blank\" rel=\"noreferrer noopener\"> https:\/\/www.educaciontuc.gov.ar\/2024\/06\/13\/educacion-y-la-facultad-de-filosofia-y-letras-firmaron-un-acuerdo-de-cooperacion-mutua\/<\/a><\/p>\n","protected":false},"excerpt":{"rendered":"<p>La ministra de Educaci\u00f3n,&nbsp;Susana Montaldo, en conjunto con el decano de la Facultad de Filosof\u00eda y Letras,&nbsp;Sergio Rob\u00edn, firmaron un&nbsp;Acuerdo de Cooperaci\u00f3n entre ambas instituciones. Adem\u00e1s, participaron la secretaria de Estado de Educaci\u00f3n,&nbsp;Gabriela Gallardo&nbsp;y la secretaria de Extensi\u00f3n de la Facultad de Filosof\u00eda y Letras,&nbsp;Mar\u00eda Gabriela Gonz\u00e1lez. El acuerdo se realiza en el marco del &#8230; <a title=\"Educaci\u00f3n y la Facultad de Filosof\u00eda y Letras firmaron un acuerdo de cooperaci\u00f3n mutua\" class=\"read-more\" href=\"https:\/\/des-tuc.infd.edu.ar\/sitio\/educacion-y-la-facultad-de-filosofia-y-letras-firmaron-un-acuerdo-de-cooperacion-mutua\/\" aria-label=\"More on Educaci\u00f3n y la Facultad de Filosof\u00eda y Letras firmaron un acuerdo de cooperaci\u00f3n mutua\">[+]<\/a><\/p>\n","protected":false},"author":543,"featured_media":10309,"comment_status":"open","ping_status":"open","sticky":false,"template":"","format":"standard","meta":[],"categories":[7,6],"tags":[],"acf":[],"_links":{"self":[{"href":"https:\/\/des-tuc.infd.edu.ar\/sitio\/wp-json\/wp\/v2\/posts\/10308"}],"collection":[{"href":"https:\/\/des-tuc.infd.edu.ar\/sitio\/wp-json\/wp\/v2\/posts"}],"about":[{"href":"https:\/\/des-tuc.infd.edu.ar\/sitio\/wp-json\/wp\/v2\/types\/post"}],"author":[{"embeddable":true,"href":"https:\/\/des-tuc.infd.edu.ar\/sitio\/wp-json\/wp\/v2\/users\/543"}],"replies":[{"embeddable":true,"href":"https:\/\/des-tuc.infd.edu.ar\/sitio\/wp-json\/wp\/v2\/comments?post=10308"}],"version-history":[{"count":1,"href":"https:\/\/des-tuc.infd.edu.ar\/sitio\/wp-json\/wp\/v2\/posts\/10308\/revisions"}],"predecessor-version":[{"id":10312,"href":"https:\/\/des-tuc.infd.edu.ar\/sitio\/wp-json\/wp\/v2\/posts\/10308\/revisions\/10312"}],"wp:featuredmedia":[{"embeddable":true,"href":"https:\/\/des-tuc.infd.edu.ar\/sitio\/wp-json\/wp\/v2\/media\/10309"}],"wp:attachment":[{"href":"https:\/\/des-tuc.infd.edu.ar\/sitio\/wp-json\/wp\/v2\/media?parent=10308"}],"wp:term":[{"taxonomy":"category","embeddable":true,"href":"https:\/\/des-tuc.infd.edu.ar\/sitio\/wp-json\/wp\/v2\/categories?post=10308"},{"taxonomy":"post_tag","embeddable":true,"href":"https:\/\/des-tuc.infd.edu.ar\/sitio\/wp-json\/wp\/v2\/tags?post=10308"}],"curies":[{"name":"wp","href":"https:\/\/api.w.org\/{rel}","templated":true}]}}