{"id":10303,"date":"2024-06-14T11:24:15","date_gmt":"2024-06-14T14:24:15","guid":{"rendered":"https:\/\/des-tuc.infd.edu.ar\/sitio\/?p=10303"},"modified":"2024-06-14T11:24:16","modified_gmt":"2024-06-14T14:24:16","slug":"se-amplia-la-convocatoria-al-ciclo-de-talleres-contextualized-intercultural-teaching-for-life","status":"publish","type":"post","link":"https:\/\/des-tuc.infd.edu.ar\/sitio\/se-amplia-la-convocatoria-al-ciclo-de-talleres-contextualized-intercultural-teaching-for-life\/","title":{"rendered":"Se ampl\u00eda la convocatoria al ciclo de talleres \u201cContextualized Intercultural Teaching for Life\u201d"},"content":{"rendered":"\n<p>El Ministerio de Educaci\u00f3n de Tucum\u00e1n, a trav\u00e9s del Programa de Becas Internacionales de la Direcci\u00f3n de Educaci\u00f3n Superior No Universitaria, pondr\u00e1 en marcha el ciclo de Talleres&nbsp;<strong>\u2018Contextualized Intercultural Teaching for Life\u2019<\/strong>, a cargo la docente&nbsp;<strong>Katherie Hammer<\/strong>, becaria del Programa Fulbright DASt (Distinguished Awards in Teaching). Los mismos se desarrollar\u00e1n en el Centro de Innovaci\u00f3n CIIDEPT (Av. Jos\u00e9 Ingenieros 260, San Miguel de Tucum\u00e1n) en cinco encuentros los d\u00edas 18, 25 y 28 de junio y los d\u00edas 2 y 4 de julio de 2024, de 15:00 a 17:00 horas.<\/p>\n\n\n\n<p>El objetivo del ciclo de talleres, es la&nbsp;<em>\u00abActualizaci\u00f3n de las Pr\u00e1cticas de Ense\u00f1anza del Ingl\u00e9s en el&nbsp;Nivel Primario\u00bb<\/em>, y es posible gracias al trabajo de articulaci\u00f3n entre la Direcci\u00f3n de Educaci\u00f3n&nbsp;Primaria y la Direcci\u00f3n de Educaci\u00f3n Superior No Universitaria.<\/p>\n\n\n\n<p>Las capacitaciones est\u00e1n destinadas a los maestros de ingl\u00e9s del nivel primario, docentes&nbsp;formadores de los profesorados de ingl\u00e9s y estudiantes avanzados de la carrera. Los interesados pueden inscribirse en el&nbsp;siguiente&nbsp;<a href=\"https:\/\/docs.google.com\/forms\/d\/e\/1FAIpQLSfqimOc6vkpEU0pMa8s1jbtdiNuhdC42Kaol9MHI3f32jwxvA\/viewform\"><strong>link<\/strong><\/a>&nbsp;(https:\/\/n9.cl\/tucfulbright) \u2013 [Cupos limitados] y para mayor informaci\u00f3n deben dirigirse a&nbsp;<a href=\"mailto:equipopedagogicosuperior@gmail.com\">equipopedagogicosuperior@gmail.com<\/a>.<\/p>\n\n\n\n<p>Gracias a los convenios internacionales entre la\u00a0<a href=\"https:\/\/fulbright.edu.ar\/\">Comisi\u00f3n Fulbright<\/a>\u00a0(EEUU) y la Secretar\u00eda de Educaci\u00f3n de la Rep\u00fablica\u00a0Argentina, la beca DASt, se otorga a docentes especialistas en la ense\u00f1anza de lenguas extranjeras, que hayan demostrado un desempe\u00f1o profesional sobresaliente en su carrera. Durante seis semanas, la docente visita instituciones educativas, realiza capacitaciones y asesoramiento pedag\u00f3gico, compartiendo sus experiencias, mientras aprende sobre nuestro sistema educativo y nuestra cultura. Este a\u00f1o Argentina recibe a dos docentes especialistas de\u00a0EE. UU.: Katherine Hammer, en Salta y Tucum\u00e1n, y\u00a0 Bonnie Gedig, en CABA.<\/p>\n\n\n\n<figure class=\"wp-block-image size-full\"><img decoding=\"async\" loading=\"lazy\" width=\"819\" height=\"1024\" src=\"https:\/\/des-tuc.infd.edu.ar\/sitio\/wp-content\/uploads\/2024\/06\/image.png\" alt=\"\" class=\"wp-image-10304\" srcset=\"https:\/\/des-tuc.infd.edu.ar\/sitio\/wp-content\/uploads\/2024\/06\/image.png 819w, https:\/\/des-tuc.infd.edu.ar\/sitio\/wp-content\/uploads\/2024\/06\/image-800x1000.png 800w, https:\/\/des-tuc.infd.edu.ar\/sitio\/wp-content\/uploads\/2024\/06\/image-768x960.png 768w\" sizes=\"(max-width: 819px) 100vw, 819px\" \/><\/figure>\n\n\n\n<p>Fuente: <a href=\"https:\/\/www.educaciontuc.gov.ar\/2024\/06\/13\/se-amplia-la-convocatoria-al-ciclo-de-talleres-contextualized-intercultural-teaching-for-life\/\">https:\/\/www.educaciontuc.gov.ar\/2024\/06\/13\/se-amplia-la-convocatoria-al-ciclo-de-talleres-contextualized-intercultural-teaching-for-life\/<\/a><\/p>\n","protected":false},"excerpt":{"rendered":"<p>El Ministerio de Educaci\u00f3n de Tucum\u00e1n, a trav\u00e9s del Programa de Becas Internacionales de la Direcci\u00f3n de Educaci\u00f3n Superior No Universitaria, pondr\u00e1 en marcha el ciclo de Talleres&nbsp;\u2018Contextualized Intercultural Teaching for Life\u2019, a cargo la docente&nbsp;Katherie Hammer, becaria del Programa Fulbright DASt (Distinguished Awards in Teaching). Los mismos se desarrollar\u00e1n en el Centro de Innovaci\u00f3n &#8230; <a title=\"Se ampl\u00eda la convocatoria al ciclo de talleres \u201cContextualized Intercultural Teaching for Life\u201d\" class=\"read-more\" href=\"https:\/\/des-tuc.infd.edu.ar\/sitio\/se-amplia-la-convocatoria-al-ciclo-de-talleres-contextualized-intercultural-teaching-for-life\/\" aria-label=\"More on Se ampl\u00eda la convocatoria al ciclo de talleres \u201cContextualized Intercultural Teaching for Life\u201d\">[+]<\/a><\/p>\n","protected":false},"author":543,"featured_media":10305,"comment_status":"closed","ping_status":"closed","sticky":false,"template":"","format":"standard","meta":[],"categories":[7,6],"tags":[],"acf":[],"_links":{"self":[{"href":"https:\/\/des-tuc.infd.edu.ar\/sitio\/wp-json\/wp\/v2\/posts\/10303"}],"collection":[{"href":"https:\/\/des-tuc.infd.edu.ar\/sitio\/wp-json\/wp\/v2\/posts"}],"about":[{"href":"https:\/\/des-tuc.infd.edu.ar\/sitio\/wp-json\/wp\/v2\/types\/post"}],"author":[{"embeddable":true,"href":"https:\/\/des-tuc.infd.edu.ar\/sitio\/wp-json\/wp\/v2\/users\/543"}],"replies":[{"embeddable":true,"href":"https:\/\/des-tuc.infd.edu.ar\/sitio\/wp-json\/wp\/v2\/comments?post=10303"}],"version-history":[{"count":1,"href":"https:\/\/des-tuc.infd.edu.ar\/sitio\/wp-json\/wp\/v2\/posts\/10303\/revisions"}],"predecessor-version":[{"id":10306,"href":"https:\/\/des-tuc.infd.edu.ar\/sitio\/wp-json\/wp\/v2\/posts\/10303\/revisions\/10306"}],"wp:featuredmedia":[{"embeddable":true,"href":"https:\/\/des-tuc.infd.edu.ar\/sitio\/wp-json\/wp\/v2\/media\/10305"}],"wp:attachment":[{"href":"https:\/\/des-tuc.infd.edu.ar\/sitio\/wp-json\/wp\/v2\/media?parent=10303"}],"wp:term":[{"taxonomy":"category","embeddable":true,"href":"https:\/\/des-tuc.infd.edu.ar\/sitio\/wp-json\/wp\/v2\/categories?post=10303"},{"taxonomy":"post_tag","embeddable":true,"href":"https:\/\/des-tuc.infd.edu.ar\/sitio\/wp-json\/wp\/v2\/tags?post=10303"}],"curies":[{"name":"wp","href":"https:\/\/api.w.org\/{rel}","templated":true}]}}