{"id":10278,"date":"2024-06-10T11:58:22","date_gmt":"2024-06-10T14:58:22","guid":{"rendered":"https:\/\/des-tuc.infd.edu.ar\/sitio\/?p=10278"},"modified":"2024-06-10T11:58:24","modified_gmt":"2024-06-10T14:58:24","slug":"autoridades-de-la-provincia-se-comprometieron-a-promover-la-conciencia-ambiental","status":"publish","type":"post","link":"https:\/\/des-tuc.infd.edu.ar\/sitio\/autoridades-de-la-provincia-se-comprometieron-a-promover-la-conciencia-ambiental\/","title":{"rendered":"Autoridades de la Provincia se comprometieron a promover la conciencia ambiental."},"content":{"rendered":"\n<p>En el marco del D\u00eda Mundial del Medio Ambiente, establecido el 5 de junio por la Organizaci\u00f3n de las Naciones Unidas, autoridades del Gobierno de la Provincia se dieron cita en el CIIDEPT con el objetivo de celebrar el acuerdo de Compromiso Ambiental Intergeneracional.<\/p>\n\n\n\n<p>La r\u00fabrica, que responde al cumplimiento del art\u00edculo N\u00b0 6 de la Ley para la implementaci\u00f3n de la Educaci\u00f3n Ambiental Integral en la Rep\u00fablica Argentina N\u00b0 27.621, tiene por objetivo promover la conciencia ambiental. Para ello, cada jurisdicci\u00f3n deber\u00e1 disponer de su implementaci\u00f3n en la agenda educativa para la sensibilizaci\u00f3n de cuidado del medio ambiente y pr\u00e1cticas sostenibles en la provincia.<\/p>\n\n\n\n<p>Participaron de la jornada la ministra de Educaci\u00f3n,&nbsp;<strong>Susana Montaldo<\/strong>; los intendentes&nbsp;<strong>Rossana Chahla<\/strong>&nbsp;(San Miguel de Tucum\u00e1n);&nbsp;<strong>Antonio Moreno<\/strong>&nbsp;(Trancas);&nbsp;<strong>Francisco Caliva<\/strong>&nbsp;(Taf\u00ed del Valle);&nbsp;<strong>Leopoldo Rodr\u00edguez<\/strong>&nbsp;(La Cocha); el presidente del Ente Tucum\u00e1n Turismo,&nbsp;<strong>Domingo Amaya<\/strong>; el secretario de Estado de Producci\u00f3n,&nbsp;<strong>Eduardo Castro<\/strong>; y el subsecretario de Medio Ambiente,&nbsp;<strong>Alfredo Montalv\u00e1n<\/strong>.<\/p>\n\n\n\n<p>Tambi\u00e9n acompa\u00f1aron la directora de Educaci\u00f3n Superior No Universitaria y Art\u00edstica,&nbsp;<strong>Silvina Fern\u00e1ndez<\/strong>; los coordinadores del CIIDEPT,&nbsp;<strong>Lorena Posleman<\/strong>&nbsp;(Administrativa);&nbsp;<strong>Marcelo Ju\u00e1rez<\/strong>&nbsp;(Acad\u00e9mico); representantes de municipios de la provincia y directores de nivel del Ministerio de Educaci\u00f3n.<\/p>\n\n\n\n<p>Adem\u00e1s, se realiz\u00f3 el lanzamiento del CIIDEPT Sustentable, donde se entregaron reconocimientos a docentes por proyectos de impacto, muestras art\u00edsticas, talleres y conversatorios con referentes y expertos.<\/p>\n\n\n\n<p>\u201cEl gobernador Osvaldo Jaldo nos ha pedido impulsar las pol\u00edticas de cuidado del medio ambiente. Creemos que hay tres patas fundamentales: Educaci\u00f3n para ir creando conciencia y dando conocimiento; la Producci\u00f3n y su compromiso para cuidar el medio ambiente, nuestras yungas, el aire que respiramos; y, por otra parte, los gobiernos locales. Esta es una alianza fundamental para lograr un mundo sostenible en donde podamos producir y a la vez cuidar la salud y el medio ambiente\u201d, reflexion\u00f3 la ministra Susana Montaldo.<\/p>\n\n\n\n<p>A su turno, Alfredo Montalv\u00e1n agreg\u00f3: \u201ces una emoci\u00f3n para aquellos que estamos en el tema ambiental, entendemos que es un tema de todos y este convenio intergeneracional junto al compromiso que toman intendentes, funcionarios y la sociedad civil nos llena de orgullo. Podemos transmitir algunos mensajes a los m\u00e1s peque\u00f1os y honrar este pacto\u201d.<\/p>\n\n\n\n<p>Durante el encuentro, se distinguieron a algunas instituciones educativas que llevan adelante proyectos medioambientales.<\/p>\n\n\n\n<p>En este sentido, Karina Budeguer, docente de ingl\u00e9s de la Escuela Primaria Juan Cris\u00f3stomo M\u00e9ndez, \u201cesta distinci\u00f3n es porque venimos trabajando en un proyecto con el programa Scratch que ense\u00f1a a los chicos qu\u00e9 se debe hacer con los distintos residuos y aquella basura que se puede reciclar. Les ense\u00f1amos a ayudar al medio ambiente y tambi\u00e9n lo aplicamos dentro de la escuela, la importancia de que el grado est\u00e9 limpio y tambi\u00e9n la importancia de cuidar el agua. Empezamos de a poquito para que ellos puedan ver hacia futuro el tema del medio ambiente\u201d.<\/p>\n\n\n\n<p>Por \u00faltimo, Liam Saavedra, alumno de la Escuela Nuevo Sol, cont\u00f3 \u201creciclamos un basurero que ten\u00eda un auto-sonido y si hac\u00eda alg\u00fan ruido hay que levantar el tacho de basura\u201d; y concluy\u00f3 \u201ces importante el reciclaje y el medio ambiente para que tengamos un mundo m\u00e1s sano\u201d.<\/p>\n\n\n\n<p>Fuente: <a href=\"https:\/\/www.educaciontuc.gov.ar\/2024\/06\/05\/autoridades-de-la-provincia-se-comprometieron-a-promover-la-conciencia-ambiental\/\" target=\"_blank\" rel=\"noreferrer noopener\">https:\/\/www.educaciontuc.gov.ar\/2024\/06\/05\/autoridades-de-la-provincia-se-comprometieron-a-promover-la-conciencia-ambiental\/ <\/a><\/p>\n\n\n\n<figure class=\"wp-block-gallery has-nested-images columns-default is-cropped wp-block-gallery-1 is-layout-flex\">\n<figure class=\"wp-block-image size-large\"><img decoding=\"async\" loading=\"lazy\" width=\"1600\" height=\"1066\" data-id=\"10280\"  src=\"https:\/\/des-tuc.infd.edu.ar\/sitio\/wp-content\/uploads\/2024\/06\/Acta-Ambiental-1.jpeg\" alt=\"\" class=\"wp-image-10280\" srcset=\"https:\/\/des-tuc.infd.edu.ar\/sitio\/wp-content\/uploads\/2024\/06\/Acta-Ambiental-1.jpeg 1600w, https:\/\/des-tuc.infd.edu.ar\/sitio\/wp-content\/uploads\/2024\/06\/Acta-Ambiental-1-1000x666.jpeg 1000w, https:\/\/des-tuc.infd.edu.ar\/sitio\/wp-content\/uploads\/2024\/06\/Acta-Ambiental-1-768x512.jpeg 768w, https:\/\/des-tuc.infd.edu.ar\/sitio\/wp-content\/uploads\/2024\/06\/Acta-Ambiental-1-1536x1023.jpeg 1536w\" sizes=\"(max-width: 1600px) 100vw, 1600px\" \/><\/figure>\n\n\n\n<figure class=\"wp-block-image size-large\"><img decoding=\"async\" loading=\"lazy\" width=\"1600\" height=\"1066\" data-id=\"10281\"  src=\"https:\/\/des-tuc.infd.edu.ar\/sitio\/wp-content\/uploads\/2024\/06\/Acta-Ambiental-17.jpeg\" alt=\"\" class=\"wp-image-10281\" srcset=\"https:\/\/des-tuc.infd.edu.ar\/sitio\/wp-content\/uploads\/2024\/06\/Acta-Ambiental-17.jpeg 1600w, https:\/\/des-tuc.infd.edu.ar\/sitio\/wp-content\/uploads\/2024\/06\/Acta-Ambiental-17-1000x666.jpeg 1000w, https:\/\/des-tuc.infd.edu.ar\/sitio\/wp-content\/uploads\/2024\/06\/Acta-Ambiental-17-768x512.jpeg 768w, https:\/\/des-tuc.infd.edu.ar\/sitio\/wp-content\/uploads\/2024\/06\/Acta-Ambiental-17-1536x1023.jpeg 1536w\" sizes=\"(max-width: 1600px) 100vw, 1600px\" \/><\/figure>\n\n\n\n<figure class=\"wp-block-image size-large\"><img decoding=\"async\" loading=\"lazy\" width=\"1600\" height=\"1066\" data-id=\"10282\"  src=\"https:\/\/des-tuc.infd.edu.ar\/sitio\/wp-content\/uploads\/2024\/06\/Acta-Ambiental-16.jpeg\" alt=\"\" class=\"wp-image-10282\" srcset=\"https:\/\/des-tuc.infd.edu.ar\/sitio\/wp-content\/uploads\/2024\/06\/Acta-Ambiental-16.jpeg 1600w, https:\/\/des-tuc.infd.edu.ar\/sitio\/wp-content\/uploads\/2024\/06\/Acta-Ambiental-16-1000x666.jpeg 1000w, https:\/\/des-tuc.infd.edu.ar\/sitio\/wp-content\/uploads\/2024\/06\/Acta-Ambiental-16-768x512.jpeg 768w, https:\/\/des-tuc.infd.edu.ar\/sitio\/wp-content\/uploads\/2024\/06\/Acta-Ambiental-16-1536x1023.jpeg 1536w\" sizes=\"(max-width: 1600px) 100vw, 1600px\" \/><\/figure>\n\n\n\n<figure class=\"wp-block-image size-large\"><img decoding=\"async\" loading=\"lazy\" width=\"1600\" height=\"1066\" data-id=\"10283\"  src=\"https:\/\/des-tuc.infd.edu.ar\/sitio\/wp-content\/uploads\/2024\/06\/Acta-Ambiental-15.jpeg\" alt=\"\" class=\"wp-image-10283\" srcset=\"https:\/\/des-tuc.infd.edu.ar\/sitio\/wp-content\/uploads\/2024\/06\/Acta-Ambiental-15.jpeg 1600w, https:\/\/des-tuc.infd.edu.ar\/sitio\/wp-content\/uploads\/2024\/06\/Acta-Ambiental-15-1000x666.jpeg 1000w, https:\/\/des-tuc.infd.edu.ar\/sitio\/wp-content\/uploads\/2024\/06\/Acta-Ambiental-15-768x512.jpeg 768w, https:\/\/des-tuc.infd.edu.ar\/sitio\/wp-content\/uploads\/2024\/06\/Acta-Ambiental-15-1536x1023.jpeg 1536w\" sizes=\"(max-width: 1600px) 100vw, 1600px\" \/><\/figure>\n\n\n\n<figure class=\"wp-block-image size-large\"><img decoding=\"async\" loading=\"lazy\" width=\"1600\" height=\"1066\" data-id=\"10279\"  src=\"https:\/\/des-tuc.infd.edu.ar\/sitio\/wp-content\/uploads\/2024\/06\/Acta-Ambiental-14.jpeg\" alt=\"\" class=\"wp-image-10279\" srcset=\"https:\/\/des-tuc.infd.edu.ar\/sitio\/wp-content\/uploads\/2024\/06\/Acta-Ambiental-14.jpeg 1600w, https:\/\/des-tuc.infd.edu.ar\/sitio\/wp-content\/uploads\/2024\/06\/Acta-Ambiental-14-1000x666.jpeg 1000w, https:\/\/des-tuc.infd.edu.ar\/sitio\/wp-content\/uploads\/2024\/06\/Acta-Ambiental-14-768x512.jpeg 768w, https:\/\/des-tuc.infd.edu.ar\/sitio\/wp-content\/uploads\/2024\/06\/Acta-Ambiental-14-1536x1023.jpeg 1536w\" sizes=\"(max-width: 1600px) 100vw, 1600px\" \/><\/figure>\n\n\n\n<figure class=\"wp-block-image size-large\"><img decoding=\"async\" loading=\"lazy\" width=\"1600\" height=\"1066\" data-id=\"10284\"  src=\"https:\/\/des-tuc.infd.edu.ar\/sitio\/wp-content\/uploads\/2024\/06\/Acta-Ambiental-13.jpeg\" alt=\"\" class=\"wp-image-10284\" srcset=\"https:\/\/des-tuc.infd.edu.ar\/sitio\/wp-content\/uploads\/2024\/06\/Acta-Ambiental-13.jpeg 1600w, https:\/\/des-tuc.infd.edu.ar\/sitio\/wp-content\/uploads\/2024\/06\/Acta-Ambiental-13-1000x666.jpeg 1000w, https:\/\/des-tuc.infd.edu.ar\/sitio\/wp-content\/uploads\/2024\/06\/Acta-Ambiental-13-768x512.jpeg 768w, https:\/\/des-tuc.infd.edu.ar\/sitio\/wp-content\/uploads\/2024\/06\/Acta-Ambiental-13-1536x1023.jpeg 1536w\" sizes=\"(max-width: 1600px) 100vw, 1600px\" \/><\/figure>\n\n\n\n<figure class=\"wp-block-image\"><img\/><\/figure>\n\n\n\n<figure class=\"wp-block-image size-large\"><img decoding=\"async\" loading=\"lazy\" width=\"1600\" height=\"1068\" data-id=\"10286\"  src=\"https:\/\/des-tuc.infd.edu.ar\/sitio\/wp-content\/uploads\/2024\/06\/Acta-Ambiental-11.jpeg\" alt=\"\" class=\"wp-image-10286\" srcset=\"https:\/\/des-tuc.infd.edu.ar\/sitio\/wp-content\/uploads\/2024\/06\/Acta-Ambiental-11.jpeg 1600w, https:\/\/des-tuc.infd.edu.ar\/sitio\/wp-content\/uploads\/2024\/06\/Acta-Ambiental-11-1000x668.jpeg 1000w, https:\/\/des-tuc.infd.edu.ar\/sitio\/wp-content\/uploads\/2024\/06\/Acta-Ambiental-11-768x513.jpeg 768w, https:\/\/des-tuc.infd.edu.ar\/sitio\/wp-content\/uploads\/2024\/06\/Acta-Ambiental-11-1536x1025.jpeg 1536w\" sizes=\"(max-width: 1600px) 100vw, 1600px\" \/><\/figure>\n\n\n\n<figure class=\"wp-block-image size-large\"><img decoding=\"async\" loading=\"lazy\" width=\"1600\" height=\"1066\" data-id=\"10287\"  src=\"https:\/\/des-tuc.infd.edu.ar\/sitio\/wp-content\/uploads\/2024\/06\/Acta-Ambiental-10.jpeg\" alt=\"\" class=\"wp-image-10287\" srcset=\"https:\/\/des-tuc.infd.edu.ar\/sitio\/wp-content\/uploads\/2024\/06\/Acta-Ambiental-10.jpeg 1600w, https:\/\/des-tuc.infd.edu.ar\/sitio\/wp-content\/uploads\/2024\/06\/Acta-Ambiental-10-1000x666.jpeg 1000w, https:\/\/des-tuc.infd.edu.ar\/sitio\/wp-content\/uploads\/2024\/06\/Acta-Ambiental-10-768x512.jpeg 768w, https:\/\/des-tuc.infd.edu.ar\/sitio\/wp-content\/uploads\/2024\/06\/Acta-Ambiental-10-1536x1023.jpeg 1536w\" sizes=\"(max-width: 1600px) 100vw, 1600px\" \/><\/figure>\n\n\n\n<figure class=\"wp-block-image size-large\"><img decoding=\"async\" loading=\"lazy\" width=\"1600\" height=\"1068\" data-id=\"10291\"  src=\"https:\/\/des-tuc.infd.edu.ar\/sitio\/wp-content\/uploads\/2024\/06\/Acta-Ambiental-9.jpeg\" alt=\"\" class=\"wp-image-10291\" srcset=\"https:\/\/des-tuc.infd.edu.ar\/sitio\/wp-content\/uploads\/2024\/06\/Acta-Ambiental-9.jpeg 1600w, https:\/\/des-tuc.infd.edu.ar\/sitio\/wp-content\/uploads\/2024\/06\/Acta-Ambiental-9-1000x668.jpeg 1000w, https:\/\/des-tuc.infd.edu.ar\/sitio\/wp-content\/uploads\/2024\/06\/Acta-Ambiental-9-768x513.jpeg 768w, https:\/\/des-tuc.infd.edu.ar\/sitio\/wp-content\/uploads\/2024\/06\/Acta-Ambiental-9-1536x1025.jpeg 1536w\" sizes=\"(max-width: 1600px) 100vw, 1600px\" \/><\/figure>\n\n\n\n<figure class=\"wp-block-image size-large\"><img decoding=\"async\" loading=\"lazy\" width=\"1600\" height=\"1066\" data-id=\"10288\"  src=\"https:\/\/des-tuc.infd.edu.ar\/sitio\/wp-content\/uploads\/2024\/06\/Acta-Ambiental-8.jpeg\" alt=\"\" class=\"wp-image-10288\" srcset=\"https:\/\/des-tuc.infd.edu.ar\/sitio\/wp-content\/uploads\/2024\/06\/Acta-Ambiental-8.jpeg 1600w, https:\/\/des-tuc.infd.edu.ar\/sitio\/wp-content\/uploads\/2024\/06\/Acta-Ambiental-8-1000x666.jpeg 1000w, https:\/\/des-tuc.infd.edu.ar\/sitio\/wp-content\/uploads\/2024\/06\/Acta-Ambiental-8-768x512.jpeg 768w, https:\/\/des-tuc.infd.edu.ar\/sitio\/wp-content\/uploads\/2024\/06\/Acta-Ambiental-8-1536x1023.jpeg 1536w\" sizes=\"(max-width: 1600px) 100vw, 1600px\" \/><\/figure>\n\n\n\n<figure class=\"wp-block-image size-large\"><img decoding=\"async\" loading=\"lazy\" width=\"1600\" height=\"1066\" data-id=\"10289\"  src=\"https:\/\/des-tuc.infd.edu.ar\/sitio\/wp-content\/uploads\/2024\/06\/Acta-Ambiental-7.jpeg\" alt=\"\" class=\"wp-image-10289\" srcset=\"https:\/\/des-tuc.infd.edu.ar\/sitio\/wp-content\/uploads\/2024\/06\/Acta-Ambiental-7.jpeg 1600w, https:\/\/des-tuc.infd.edu.ar\/sitio\/wp-content\/uploads\/2024\/06\/Acta-Ambiental-7-1000x666.jpeg 1000w, https:\/\/des-tuc.infd.edu.ar\/sitio\/wp-content\/uploads\/2024\/06\/Acta-Ambiental-7-768x512.jpeg 768w, https:\/\/des-tuc.infd.edu.ar\/sitio\/wp-content\/uploads\/2024\/06\/Acta-Ambiental-7-1536x1023.jpeg 1536w\" sizes=\"(max-width: 1600px) 100vw, 1600px\" \/><\/figure>\n\n\n\n<figure class=\"wp-block-image size-large\"><img decoding=\"async\" loading=\"lazy\" width=\"1600\" height=\"1066\" data-id=\"10290\"  src=\"https:\/\/des-tuc.infd.edu.ar\/sitio\/wp-content\/uploads\/2024\/06\/Acta-Ambiental-6.jpeg\" alt=\"\" class=\"wp-image-10290\" srcset=\"https:\/\/des-tuc.infd.edu.ar\/sitio\/wp-content\/uploads\/2024\/06\/Acta-Ambiental-6.jpeg 1600w, https:\/\/des-tuc.infd.edu.ar\/sitio\/wp-content\/uploads\/2024\/06\/Acta-Ambiental-6-1000x666.jpeg 1000w, https:\/\/des-tuc.infd.edu.ar\/sitio\/wp-content\/uploads\/2024\/06\/Acta-Ambiental-6-768x512.jpeg 768w, https:\/\/des-tuc.infd.edu.ar\/sitio\/wp-content\/uploads\/2024\/06\/Acta-Ambiental-6-1536x1023.jpeg 1536w\" sizes=\"(max-width: 1600px) 100vw, 1600px\" \/><\/figure>\n\n\n\n<figure class=\"wp-block-image size-large\"><img decoding=\"async\" loading=\"lazy\" width=\"1600\" height=\"1066\" data-id=\"10292\"  src=\"https:\/\/des-tuc.infd.edu.ar\/sitio\/wp-content\/uploads\/2024\/06\/Acta-Ambiental-5.jpeg\" alt=\"\" class=\"wp-image-10292\" srcset=\"https:\/\/des-tuc.infd.edu.ar\/sitio\/wp-content\/uploads\/2024\/06\/Acta-Ambiental-5.jpeg 1600w, https:\/\/des-tuc.infd.edu.ar\/sitio\/wp-content\/uploads\/2024\/06\/Acta-Ambiental-5-1000x666.jpeg 1000w, https:\/\/des-tuc.infd.edu.ar\/sitio\/wp-content\/uploads\/2024\/06\/Acta-Ambiental-5-768x512.jpeg 768w, https:\/\/des-tuc.infd.edu.ar\/sitio\/wp-content\/uploads\/2024\/06\/Acta-Ambiental-5-1536x1023.jpeg 1536w\" sizes=\"(max-width: 1600px) 100vw, 1600px\" \/><\/figure>\n\n\n\n<figure class=\"wp-block-image size-large\"><img decoding=\"async\" loading=\"lazy\" width=\"1600\" height=\"1066\" data-id=\"10293\"  src=\"https:\/\/des-tuc.infd.edu.ar\/sitio\/wp-content\/uploads\/2024\/06\/Acta-Ambiental-4.jpeg\" alt=\"\" class=\"wp-image-10293\" srcset=\"https:\/\/des-tuc.infd.edu.ar\/sitio\/wp-content\/uploads\/2024\/06\/Acta-Ambiental-4.jpeg 1600w, https:\/\/des-tuc.infd.edu.ar\/sitio\/wp-content\/uploads\/2024\/06\/Acta-Ambiental-4-1000x666.jpeg 1000w, https:\/\/des-tuc.infd.edu.ar\/sitio\/wp-content\/uploads\/2024\/06\/Acta-Ambiental-4-768x512.jpeg 768w, https:\/\/des-tuc.infd.edu.ar\/sitio\/wp-content\/uploads\/2024\/06\/Acta-Ambiental-4-1536x1023.jpeg 1536w\" sizes=\"(max-width: 1600px) 100vw, 1600px\" \/><\/figure>\n\n\n\n<figure class=\"wp-block-image size-large\"><img decoding=\"async\" loading=\"lazy\" width=\"1600\" height=\"1066\" data-id=\"10295\"  src=\"https:\/\/des-tuc.infd.edu.ar\/sitio\/wp-content\/uploads\/2024\/06\/Acta-Ambiental-3.jpeg\" alt=\"\" class=\"wp-image-10295\" srcset=\"https:\/\/des-tuc.infd.edu.ar\/sitio\/wp-content\/uploads\/2024\/06\/Acta-Ambiental-3.jpeg 1600w, https:\/\/des-tuc.infd.edu.ar\/sitio\/wp-content\/uploads\/2024\/06\/Acta-Ambiental-3-1000x666.jpeg 1000w, https:\/\/des-tuc.infd.edu.ar\/sitio\/wp-content\/uploads\/2024\/06\/Acta-Ambiental-3-768x512.jpeg 768w, https:\/\/des-tuc.infd.edu.ar\/sitio\/wp-content\/uploads\/2024\/06\/Acta-Ambiental-3-1536x1023.jpeg 1536w\" sizes=\"(max-width: 1600px) 100vw, 1600px\" \/><\/figure>\n\n\n\n<figure class=\"wp-block-image size-large\"><img decoding=\"async\" loading=\"lazy\" width=\"1600\" height=\"900\" data-id=\"10294\"  src=\"https:\/\/des-tuc.infd.edu.ar\/sitio\/wp-content\/uploads\/2024\/06\/Acta-Ambiental-2.jpeg\" alt=\"\" class=\"wp-image-10294\" srcset=\"https:\/\/des-tuc.infd.edu.ar\/sitio\/wp-content\/uploads\/2024\/06\/Acta-Ambiental-2.jpeg 1600w, https:\/\/des-tuc.infd.edu.ar\/sitio\/wp-content\/uploads\/2024\/06\/Acta-Ambiental-2-1000x563.jpeg 1000w, https:\/\/des-tuc.infd.edu.ar\/sitio\/wp-content\/uploads\/2024\/06\/Acta-Ambiental-2-768x432.jpeg 768w, https:\/\/des-tuc.infd.edu.ar\/sitio\/wp-content\/uploads\/2024\/06\/Acta-Ambiental-2-1536x864.jpeg 1536w\" sizes=\"(max-width: 1600px) 100vw, 1600px\" \/><\/figure>\n<\/figure>\n","protected":false},"excerpt":{"rendered":"<p>En el marco del D\u00eda Mundial del Medio Ambiente, establecido el 5 de junio por la Organizaci\u00f3n de las Naciones Unidas, autoridades del Gobierno de la Provincia se dieron cita en el CIIDEPT con el objetivo de celebrar el acuerdo de Compromiso Ambiental Intergeneracional. La r\u00fabrica, que responde al cumplimiento del art\u00edculo N\u00b0 6 de &#8230; <a title=\"Autoridades de la Provincia se comprometieron a promover la conciencia ambiental.\" class=\"read-more\" href=\"https:\/\/des-tuc.infd.edu.ar\/sitio\/autoridades-de-la-provincia-se-comprometieron-a-promover-la-conciencia-ambiental\/\" aria-label=\"More on Autoridades de la Provincia se comprometieron a promover la conciencia ambiental.\">[+]<\/a><\/p>\n","protected":false},"author":543,"featured_media":10294,"comment_status":"closed","ping_status":"closed","sticky":false,"template":"","format":"standard","meta":[],"categories":[7,6],"tags":[],"acf":[],"_links":{"self":[{"href":"https:\/\/des-tuc.infd.edu.ar\/sitio\/wp-json\/wp\/v2\/posts\/10278"}],"collection":[{"href":"https:\/\/des-tuc.infd.edu.ar\/sitio\/wp-json\/wp\/v2\/posts"}],"about":[{"href":"https:\/\/des-tuc.infd.edu.ar\/sitio\/wp-json\/wp\/v2\/types\/post"}],"author":[{"embeddable":true,"href":"https:\/\/des-tuc.infd.edu.ar\/sitio\/wp-json\/wp\/v2\/users\/543"}],"replies":[{"embeddable":true,"href":"https:\/\/des-tuc.infd.edu.ar\/sitio\/wp-json\/wp\/v2\/comments?post=10278"}],"version-history":[{"count":1,"href":"https:\/\/des-tuc.infd.edu.ar\/sitio\/wp-json\/wp\/v2\/posts\/10278\/revisions"}],"predecessor-version":[{"id":10296,"href":"https:\/\/des-tuc.infd.edu.ar\/sitio\/wp-json\/wp\/v2\/posts\/10278\/revisions\/10296"}],"wp:featuredmedia":[{"embeddable":true,"href":"https:\/\/des-tuc.infd.edu.ar\/sitio\/wp-json\/wp\/v2\/media\/10294"}],"wp:attachment":[{"href":"https:\/\/des-tuc.infd.edu.ar\/sitio\/wp-json\/wp\/v2\/media?parent=10278"}],"wp:term":[{"taxonomy":"category","embeddable":true,"href":"https:\/\/des-tuc.infd.edu.ar\/sitio\/wp-json\/wp\/v2\/categories?post=10278"},{"taxonomy":"post_tag","embeddable":true,"href":"https:\/\/des-tuc.infd.edu.ar\/sitio\/wp-json\/wp\/v2\/tags?post=10278"}],"curies":[{"name":"wp","href":"https:\/\/api.w.org\/{rel}","templated":true}]}}