{"id":10265,"date":"2024-06-10T11:41:30","date_gmt":"2024-06-10T14:41:30","guid":{"rendered":"https:\/\/des-tuc.infd.edu.ar\/sitio\/?p=10265"},"modified":"2024-06-10T11:41:32","modified_gmt":"2024-06-10T14:41:32","slug":"educacion-y-el-idep-planifican-acciones-conjuntas","status":"publish","type":"post","link":"https:\/\/des-tuc.infd.edu.ar\/sitio\/educacion-y-el-idep-planifican-acciones-conjuntas\/","title":{"rendered":"Educaci\u00f3n y el IDEP planifican acciones conjuntas"},"content":{"rendered":"\n<p>Autoridades del Ministerio de Educaci\u00f3n y del Instituto de Desarrollo Productivo de Tucum\u00e1n se reunieron para impulsar y fortalecer los lazos entre ambas instituciones y diferentes \u00e1reas del Estado.<br>Del encuentro participaron el vicepresidente del IDEP,&nbsp;<strong>Juan Casa\u00f1as<\/strong>; el director ejecutivo,&nbsp;<strong>Maximiliano Mart\u00ednez M\u00e1rquez<\/strong>; el director de Educaci\u00f3n T\u00e9cnica y Formaci\u00f3n Profesional,&nbsp;<strong>Hugo Rodr\u00edguez<\/strong>; la directora de Educaci\u00f3n Superior No Universitaria y Art\u00edstica,&nbsp;<strong>Silvina Fern\u00e1ndez<\/strong>; la directora de Educaci\u00f3n de J\u00f3venes y Adultos y Educaci\u00f3n No Formal;&nbsp;<strong>Dora Mercedes Villagra<\/strong>; el coordinador Acad\u00e9mico del CIIDEPT,&nbsp;<strong>Marcelo Ju\u00e1rez<\/strong>; y coordinadores de ambas \u00e1reas.<\/p>\n\n\n\n<p>Juan Casa\u00f1as, vicepresidente IDEP, cont\u00f3: \u201cHemos tenido una primera reuni\u00f3n sumamente importante con autoridades del Ministerio de Educaci\u00f3n y el IDEP para tratar de ver los dos puntos de vista de la productividad y la educaci\u00f3n para tratar coordinar y realizar una propuesta para educar en la misma l\u00ednea que estamos produciendo y producir en la misma l\u00ednea que estamos educando. Esto traer\u00e1 muy buenos resultados para la provincia, nos ahorraremos tiempo y esfuerzo. La primera reuni\u00f3n de trabajo ha sido muy buena, queremos seguir trabajando y colaborando para que nuestros chicos se inserten laboralmente y logremos mejorar su calidad de vida\u201d.<\/p>\n\n\n\n<p>Hugo Rodr\u00edguez, Director de Educaci\u00f3n T\u00e9cnica y Formaci\u00f3n Profesional, dijo: \u201cLa idea de esta reuni\u00f3n es crear lazos y uni\u00f3n entre todo lo que tiene que ver con lo que hacemos nosotros en el sistema educativo provincial, con las distintas empresas que hay en el medio, como el lim\u00f3n, el ar\u00e1ndano, etc. Todo esto para encontrar un punto en com\u00fan y, de esa manera, poder articular de todo lo que hacemos de educaci\u00f3n con el sector productivo de nuestra provincia\u201d.<\/p>\n\n\n\n<figure class=\"wp-block-gallery has-nested-images columns-default is-cropped wp-block-gallery-1 is-layout-flex\">\n<figure class=\"wp-block-image size-large\"><img decoding=\"async\" loading=\"lazy\" width=\"1200\" height=\"800\" data-id=\"10266\"  src=\"https:\/\/des-tuc.infd.edu.ar\/sitio\/wp-content\/uploads\/2024\/06\/Reunion-IDEP-3-1200x800-1.jpeg\" alt=\"\" class=\"wp-image-10266\" srcset=\"https:\/\/des-tuc.infd.edu.ar\/sitio\/wp-content\/uploads\/2024\/06\/Reunion-IDEP-3-1200x800-1.jpeg 1200w, https:\/\/des-tuc.infd.edu.ar\/sitio\/wp-content\/uploads\/2024\/06\/Reunion-IDEP-3-1200x800-1-1000x667.jpeg 1000w, https:\/\/des-tuc.infd.edu.ar\/sitio\/wp-content\/uploads\/2024\/06\/Reunion-IDEP-3-1200x800-1-768x512.jpeg 768w\" sizes=\"(max-width: 1200px) 100vw, 1200px\" \/><\/figure>\n\n\n\n<figure class=\"wp-block-image size-large\"><img decoding=\"async\" loading=\"lazy\" width=\"1900\" height=\"1266\" data-id=\"10270\"  src=\"https:\/\/des-tuc.infd.edu.ar\/sitio\/wp-content\/uploads\/2024\/06\/Reunion-IDEP-10-1900x1266.jpeg\" alt=\"\" class=\"wp-image-10270\" srcset=\"https:\/\/des-tuc.infd.edu.ar\/sitio\/wp-content\/uploads\/2024\/06\/Reunion-IDEP-10-1900x1266.jpeg 1900w, https:\/\/des-tuc.infd.edu.ar\/sitio\/wp-content\/uploads\/2024\/06\/Reunion-IDEP-10-1000x666.jpeg 1000w, https:\/\/des-tuc.infd.edu.ar\/sitio\/wp-content\/uploads\/2024\/06\/Reunion-IDEP-10-768x512.jpeg 768w, https:\/\/des-tuc.infd.edu.ar\/sitio\/wp-content\/uploads\/2024\/06\/Reunion-IDEP-10-1536x1024.jpeg 1536w, https:\/\/des-tuc.infd.edu.ar\/sitio\/wp-content\/uploads\/2024\/06\/Reunion-IDEP-10-2048x1365.jpeg 2048w\" sizes=\"(max-width: 1900px) 100vw, 1900px\" \/><\/figure>\n\n\n\n<figure class=\"wp-block-image size-large\"><img decoding=\"async\" loading=\"lazy\" width=\"1600\" height=\"1066\" data-id=\"10269\"  src=\"https:\/\/des-tuc.infd.edu.ar\/sitio\/wp-content\/uploads\/2024\/06\/Reunion-IDEP-8.jpeg\" alt=\"\" class=\"wp-image-10269\" srcset=\"https:\/\/des-tuc.infd.edu.ar\/sitio\/wp-content\/uploads\/2024\/06\/Reunion-IDEP-8.jpeg 1600w, https:\/\/des-tuc.infd.edu.ar\/sitio\/wp-content\/uploads\/2024\/06\/Reunion-IDEP-8-1000x666.jpeg 1000w, https:\/\/des-tuc.infd.edu.ar\/sitio\/wp-content\/uploads\/2024\/06\/Reunion-IDEP-8-768x512.jpeg 768w, https:\/\/des-tuc.infd.edu.ar\/sitio\/wp-content\/uploads\/2024\/06\/Reunion-IDEP-8-1536x1023.jpeg 1536w\" sizes=\"(max-width: 1600px) 100vw, 1600px\" \/><\/figure>\n\n\n\n<figure class=\"wp-block-image size-large\"><img decoding=\"async\" loading=\"lazy\" width=\"1600\" height=\"1066\" data-id=\"10271\"  src=\"https:\/\/des-tuc.infd.edu.ar\/sitio\/wp-content\/uploads\/2024\/06\/Reunion-IDEP-7.jpeg\" alt=\"\" class=\"wp-image-10271\" srcset=\"https:\/\/des-tuc.infd.edu.ar\/sitio\/wp-content\/uploads\/2024\/06\/Reunion-IDEP-7.jpeg 1600w, https:\/\/des-tuc.infd.edu.ar\/sitio\/wp-content\/uploads\/2024\/06\/Reunion-IDEP-7-1000x666.jpeg 1000w, https:\/\/des-tuc.infd.edu.ar\/sitio\/wp-content\/uploads\/2024\/06\/Reunion-IDEP-7-768x512.jpeg 768w, https:\/\/des-tuc.infd.edu.ar\/sitio\/wp-content\/uploads\/2024\/06\/Reunion-IDEP-7-1536x1023.jpeg 1536w\" sizes=\"(max-width: 1600px) 100vw, 1600px\" \/><\/figure>\n\n\n\n<figure class=\"wp-block-image size-large\"><img decoding=\"async\" loading=\"lazy\" width=\"1600\" height=\"1066\" data-id=\"10267\"  src=\"https:\/\/des-tuc.infd.edu.ar\/sitio\/wp-content\/uploads\/2024\/06\/Reunion-IDEP-6.jpeg\" alt=\"\" class=\"wp-image-10267\" srcset=\"https:\/\/des-tuc.infd.edu.ar\/sitio\/wp-content\/uploads\/2024\/06\/Reunion-IDEP-6.jpeg 1600w, https:\/\/des-tuc.infd.edu.ar\/sitio\/wp-content\/uploads\/2024\/06\/Reunion-IDEP-6-1000x666.jpeg 1000w, https:\/\/des-tuc.infd.edu.ar\/sitio\/wp-content\/uploads\/2024\/06\/Reunion-IDEP-6-768x512.jpeg 768w, https:\/\/des-tuc.infd.edu.ar\/sitio\/wp-content\/uploads\/2024\/06\/Reunion-IDEP-6-1536x1023.jpeg 1536w\" sizes=\"(max-width: 1600px) 100vw, 1600px\" \/><\/figure>\n\n\n\n<figure class=\"wp-block-image size-large\"><img decoding=\"async\" loading=\"lazy\" width=\"1600\" height=\"1066\" data-id=\"10272\"  src=\"https:\/\/des-tuc.infd.edu.ar\/sitio\/wp-content\/uploads\/2024\/06\/Reunion-IDEP-5.jpeg\" alt=\"\" class=\"wp-image-10272\" srcset=\"https:\/\/des-tuc.infd.edu.ar\/sitio\/wp-content\/uploads\/2024\/06\/Reunion-IDEP-5.jpeg 1600w, https:\/\/des-tuc.infd.edu.ar\/sitio\/wp-content\/uploads\/2024\/06\/Reunion-IDEP-5-1000x666.jpeg 1000w, https:\/\/des-tuc.infd.edu.ar\/sitio\/wp-content\/uploads\/2024\/06\/Reunion-IDEP-5-768x512.jpeg 768w, https:\/\/des-tuc.infd.edu.ar\/sitio\/wp-content\/uploads\/2024\/06\/Reunion-IDEP-5-1536x1023.jpeg 1536w\" sizes=\"(max-width: 1600px) 100vw, 1600px\" \/><\/figure>\n\n\n\n<figure class=\"wp-block-image size-large\"><img decoding=\"async\" loading=\"lazy\" width=\"1600\" height=\"1066\" data-id=\"10273\"  src=\"https:\/\/des-tuc.infd.edu.ar\/sitio\/wp-content\/uploads\/2024\/06\/Reunion-IDEP-4.jpeg\" alt=\"\" class=\"wp-image-10273\" srcset=\"https:\/\/des-tuc.infd.edu.ar\/sitio\/wp-content\/uploads\/2024\/06\/Reunion-IDEP-4.jpeg 1600w, https:\/\/des-tuc.infd.edu.ar\/sitio\/wp-content\/uploads\/2024\/06\/Reunion-IDEP-4-1000x666.jpeg 1000w, https:\/\/des-tuc.infd.edu.ar\/sitio\/wp-content\/uploads\/2024\/06\/Reunion-IDEP-4-768x512.jpeg 768w, https:\/\/des-tuc.infd.edu.ar\/sitio\/wp-content\/uploads\/2024\/06\/Reunion-IDEP-4-1536x1023.jpeg 1536w\" sizes=\"(max-width: 1600px) 100vw, 1600px\" \/><\/figure>\n\n\n\n<figure class=\"wp-block-image size-large\"><img decoding=\"async\" loading=\"lazy\" width=\"1600\" height=\"1066\" data-id=\"10275\"  src=\"https:\/\/des-tuc.infd.edu.ar\/sitio\/wp-content\/uploads\/2024\/06\/Reunion-IDEP-2.jpeg\" alt=\"\" class=\"wp-image-10275\" srcset=\"https:\/\/des-tuc.infd.edu.ar\/sitio\/wp-content\/uploads\/2024\/06\/Reunion-IDEP-2.jpeg 1600w, https:\/\/des-tuc.infd.edu.ar\/sitio\/wp-content\/uploads\/2024\/06\/Reunion-IDEP-2-1000x666.jpeg 1000w, https:\/\/des-tuc.infd.edu.ar\/sitio\/wp-content\/uploads\/2024\/06\/Reunion-IDEP-2-768x512.jpeg 768w, https:\/\/des-tuc.infd.edu.ar\/sitio\/wp-content\/uploads\/2024\/06\/Reunion-IDEP-2-1536x1023.jpeg 1536w\" sizes=\"(max-width: 1600px) 100vw, 1600px\" \/><\/figure>\n\n\n\n<figure class=\"wp-block-image size-large\"><img decoding=\"async\" loading=\"lazy\" width=\"1600\" height=\"1066\" data-id=\"10276\"  src=\"https:\/\/des-tuc.infd.edu.ar\/sitio\/wp-content\/uploads\/2024\/06\/Reunion-IDEP-1.jpeg\" alt=\"\" class=\"wp-image-10276\" srcset=\"https:\/\/des-tuc.infd.edu.ar\/sitio\/wp-content\/uploads\/2024\/06\/Reunion-IDEP-1.jpeg 1600w, https:\/\/des-tuc.infd.edu.ar\/sitio\/wp-content\/uploads\/2024\/06\/Reunion-IDEP-1-1000x666.jpeg 1000w, https:\/\/des-tuc.infd.edu.ar\/sitio\/wp-content\/uploads\/2024\/06\/Reunion-IDEP-1-768x512.jpeg 768w, https:\/\/des-tuc.infd.edu.ar\/sitio\/wp-content\/uploads\/2024\/06\/Reunion-IDEP-1-1536x1023.jpeg 1536w\" sizes=\"(max-width: 1600px) 100vw, 1600px\" \/><\/figure>\n\n\n\n<figure class=\"wp-block-image size-large\"><img decoding=\"async\" loading=\"lazy\" width=\"1600\" height=\"1066\" data-id=\"10268\"  src=\"https:\/\/des-tuc.infd.edu.ar\/sitio\/wp-content\/uploads\/2024\/06\/Reunion-IDEP-9.jpeg\" alt=\"\" class=\"wp-image-10268\" srcset=\"https:\/\/des-tuc.infd.edu.ar\/sitio\/wp-content\/uploads\/2024\/06\/Reunion-IDEP-9.jpeg 1600w, https:\/\/des-tuc.infd.edu.ar\/sitio\/wp-content\/uploads\/2024\/06\/Reunion-IDEP-9-1000x666.jpeg 1000w, https:\/\/des-tuc.infd.edu.ar\/sitio\/wp-content\/uploads\/2024\/06\/Reunion-IDEP-9-768x512.jpeg 768w, https:\/\/des-tuc.infd.edu.ar\/sitio\/wp-content\/uploads\/2024\/06\/Reunion-IDEP-9-1536x1023.jpeg 1536w\" sizes=\"(max-width: 1600px) 100vw, 1600px\" \/><\/figure>\n<\/figure>\n\n\n\n<p>Fuente: <a href=\"https:\/\/www.educaciontuc.gov.ar\/2024\/06\/07\/educacion-y-el-idep-planifican-acciones-conjuntas\/\" target=\"_blank\" rel=\"noreferrer noopener\">https:\/\/www.educaciontuc.gov.ar\/2024\/06\/07\/educacion-y-el-idep-planifican-acciones-conjuntas\/ <\/a><\/p>\n","protected":false},"excerpt":{"rendered":"<p>Autoridades del Ministerio de Educaci\u00f3n y del Instituto de Desarrollo Productivo de Tucum\u00e1n se reunieron para impulsar y fortalecer los lazos entre ambas instituciones y diferentes \u00e1reas del Estado.Del encuentro participaron el vicepresidente del IDEP,&nbsp;Juan Casa\u00f1as; el director ejecutivo,&nbsp;Maximiliano Mart\u00ednez M\u00e1rquez; el director de Educaci\u00f3n T\u00e9cnica y Formaci\u00f3n Profesional,&nbsp;Hugo Rodr\u00edguez; la directora de Educaci\u00f3n Superior &#8230; <a title=\"Educaci\u00f3n y el IDEP planifican acciones conjuntas\" class=\"read-more\" href=\"https:\/\/des-tuc.infd.edu.ar\/sitio\/educacion-y-el-idep-planifican-acciones-conjuntas\/\" aria-label=\"More on Educaci\u00f3n y el IDEP planifican acciones conjuntas\">[+]<\/a><\/p>\n","protected":false},"author":543,"featured_media":10274,"comment_status":"closed","ping_status":"closed","sticky":false,"template":"","format":"standard","meta":[],"categories":[7,6],"tags":[],"acf":[],"_links":{"self":[{"href":"https:\/\/des-tuc.infd.edu.ar\/sitio\/wp-json\/wp\/v2\/posts\/10265"}],"collection":[{"href":"https:\/\/des-tuc.infd.edu.ar\/sitio\/wp-json\/wp\/v2\/posts"}],"about":[{"href":"https:\/\/des-tuc.infd.edu.ar\/sitio\/wp-json\/wp\/v2\/types\/post"}],"author":[{"embeddable":true,"href":"https:\/\/des-tuc.infd.edu.ar\/sitio\/wp-json\/wp\/v2\/users\/543"}],"replies":[{"embeddable":true,"href":"https:\/\/des-tuc.infd.edu.ar\/sitio\/wp-json\/wp\/v2\/comments?post=10265"}],"version-history":[{"count":1,"href":"https:\/\/des-tuc.infd.edu.ar\/sitio\/wp-json\/wp\/v2\/posts\/10265\/revisions"}],"predecessor-version":[{"id":10277,"href":"https:\/\/des-tuc.infd.edu.ar\/sitio\/wp-json\/wp\/v2\/posts\/10265\/revisions\/10277"}],"wp:featuredmedia":[{"embeddable":true,"href":"https:\/\/des-tuc.infd.edu.ar\/sitio\/wp-json\/wp\/v2\/media\/10274"}],"wp:attachment":[{"href":"https:\/\/des-tuc.infd.edu.ar\/sitio\/wp-json\/wp\/v2\/media?parent=10265"}],"wp:term":[{"taxonomy":"category","embeddable":true,"href":"https:\/\/des-tuc.infd.edu.ar\/sitio\/wp-json\/wp\/v2\/categories?post=10265"},{"taxonomy":"post_tag","embeddable":true,"href":"https:\/\/des-tuc.infd.edu.ar\/sitio\/wp-json\/wp\/v2\/tags?post=10265"}],"curies":[{"name":"wp","href":"https:\/\/api.w.org\/{rel}","templated":true}]}}