{"id":10259,"date":"2024-06-07T12:25:22","date_gmt":"2024-06-07T15:25:22","guid":{"rendered":"https:\/\/des-tuc.infd.edu.ar\/sitio\/?p=10259"},"modified":"2024-06-07T12:28:45","modified_gmt":"2024-06-07T15:28:45","slug":"docente-especialista-de-eeuu-dictara-un-ciclo-de-talleres-destinados-a-docentes-de-ingles-de-nivel-primario-y-superior","status":"publish","type":"post","link":"https:\/\/des-tuc.infd.edu.ar\/sitio\/docente-especialista-de-eeuu-dictara-un-ciclo-de-talleres-destinados-a-docentes-de-ingles-de-nivel-primario-y-superior\/","title":{"rendered":"Docente Especialista de EEUU dictar\u00e1 un Ciclo de Talleres destinados a docentes de ingl\u00e9s de\u00a0nivel Primario y Superior"},"content":{"rendered":"\n<p><\/p>\n\n\n\n<p>El Ministerio de Educaci\u00f3n de Tucum\u00e1n, a trav\u00e9s del Programa de Becas Internacionales de la Direcci\u00f3n de Educaci\u00f3n Superior No Universitaria, tiene el gusto de dar la bienvenida a la docente Katherie Hammer, becaria del Programa Fulbright DASt (Distinguished Awards in Teaching), para dictar el ciclo de Talleres &#8216;Contextualized Intercultural Teaching for Life&#8217;, en cinco encuentros distribuidos entre el 18 de junio y el 4 de julio de 2024<\/p>\n\n\n\n<p>El objetivo del ciclo de talleres, es la \u00abActualizaci\u00f3n de las Pr\u00e1cticas de Ense\u00f1anza del Ingl\u00e9s en el&nbsp;Nivel Primario\u00bb, y es posible gracias al trabajo de articulaci\u00f3n entre la Direcci\u00f3n de Educaci\u00f3n&nbsp;Primaria y la Direcci\u00f3n de Educaci\u00f3n Superior No Universitaria.<\/p>\n\n\n\n<p>Las capacitaciones, cuya sede ser\u00e1 el CIIDEPT, est\u00e1n destinadas a los maestros de ingl\u00e9s del nivel primario, docentes&nbsp;formadores de los profesorados de ingl\u00e9s y estudiantes avanzados de la carrera. Los interesados pueden inscribirse hasta el en el&nbsp;siguiente&nbsp;link&nbsp;<a href=\"https:\/\/forms.gle\/giSiei1Zp6LyTw2S8\" target=\"_blank\" rel=\"noreferrer noopener\">click aqu\u00ed<\/a>, y por mayor informaci\u00f3n dirigirse a&nbsp;<a href=\"mailto:equipopedagogicosuperior@gmail.com\">equipopedagogicosuperior@gmail.com<\/a><\/p>\n\n\n\n<p>Gracias a los convenios internacionales entre la Comisi\u00f3n Fulbright (EEUU) y los Ministerios de Educaci\u00f3n de la Rep\u00fablica&nbsp;Argentina, la beca DASt, se otorga a docentes especialistas en la ense\u00f1anza de lenguas extranjeras, que hayan demostrado un desempe\u00f1o profesional sobresaliente en su carrera. Durante seis semanas, la docente visita instituciones educativas, realiza capacitaciones y asesoramiento pedag\u00f3gico, compartiendo sus experiencias, mientras aprende sobre nuestro sistema educativo y nuestra cultura. Este a\u00f1o Argentina recibe a dos docentes especialistas de&nbsp;EE UU, Katherine Hammer, en Salta y Tucum\u00e1n, y&nbsp; Bonnie Gedig, en CABA<\/p>\n","protected":false},"excerpt":{"rendered":"<p>El Ministerio de Educaci\u00f3n de Tucum\u00e1n, a trav\u00e9s del Programa de Becas Internacionales de la Direcci\u00f3n de Educaci\u00f3n Superior No Universitaria, tiene el gusto de dar la bienvenida a la docente Katherie Hammer, becaria del Programa Fulbright DASt (Distinguished Awards in Teaching), para dictar el ciclo de Talleres &#8216;Contextualized Intercultural Teaching for Life&#8217;, en cinco &#8230; <a title=\"Docente Especialista de EEUU dictar\u00e1 un Ciclo de Talleres destinados a docentes de ingl\u00e9s de\u00a0nivel Primario y Superior\" class=\"read-more\" href=\"https:\/\/des-tuc.infd.edu.ar\/sitio\/docente-especialista-de-eeuu-dictara-un-ciclo-de-talleres-destinados-a-docentes-de-ingles-de-nivel-primario-y-superior\/\" aria-label=\"More on Docente Especialista de EEUU dictar\u00e1 un Ciclo de Talleres destinados a docentes de ingl\u00e9s de\u00a0nivel Primario y Superior\">[+]<\/a><\/p>\n","protected":false},"author":543,"featured_media":10260,"comment_status":"closed","ping_status":"closed","sticky":false,"template":"","format":"standard","meta":[],"categories":[7,6],"tags":[],"acf":[],"_links":{"self":[{"href":"https:\/\/des-tuc.infd.edu.ar\/sitio\/wp-json\/wp\/v2\/posts\/10259"}],"collection":[{"href":"https:\/\/des-tuc.infd.edu.ar\/sitio\/wp-json\/wp\/v2\/posts"}],"about":[{"href":"https:\/\/des-tuc.infd.edu.ar\/sitio\/wp-json\/wp\/v2\/types\/post"}],"author":[{"embeddable":true,"href":"https:\/\/des-tuc.infd.edu.ar\/sitio\/wp-json\/wp\/v2\/users\/543"}],"replies":[{"embeddable":true,"href":"https:\/\/des-tuc.infd.edu.ar\/sitio\/wp-json\/wp\/v2\/comments?post=10259"}],"version-history":[{"count":1,"href":"https:\/\/des-tuc.infd.edu.ar\/sitio\/wp-json\/wp\/v2\/posts\/10259\/revisions"}],"predecessor-version":[{"id":10261,"href":"https:\/\/des-tuc.infd.edu.ar\/sitio\/wp-json\/wp\/v2\/posts\/10259\/revisions\/10261"}],"wp:featuredmedia":[{"embeddable":true,"href":"https:\/\/des-tuc.infd.edu.ar\/sitio\/wp-json\/wp\/v2\/media\/10260"}],"wp:attachment":[{"href":"https:\/\/des-tuc.infd.edu.ar\/sitio\/wp-json\/wp\/v2\/media?parent=10259"}],"wp:term":[{"taxonomy":"category","embeddable":true,"href":"https:\/\/des-tuc.infd.edu.ar\/sitio\/wp-json\/wp\/v2\/categories?post=10259"},{"taxonomy":"post_tag","embeddable":true,"href":"https:\/\/des-tuc.infd.edu.ar\/sitio\/wp-json\/wp\/v2\/tags?post=10259"}],"curies":[{"name":"wp","href":"https:\/\/api.w.org\/{rel}","templated":true}]}}