{"id":10246,"date":"2024-05-22T12:35:22","date_gmt":"2024-05-22T15:35:22","guid":{"rendered":"https:\/\/des-tuc.infd.edu.ar\/sitio\/?p=10246"},"modified":"2024-05-22T12:35:23","modified_gmt":"2024-05-22T15:35:23","slug":"acompanamiento-a-las-practicas-de-formacion-docente-en-los-niveles-inicial-primario-y-secundario","status":"publish","type":"post","link":"https:\/\/des-tuc.infd.edu.ar\/sitio\/acompanamiento-a-las-practicas-de-formacion-docente-en-los-niveles-inicial-primario-y-secundario\/","title":{"rendered":"Acompa\u00f1amiento a las pr\u00e1cticas de Formaci\u00f3n Docente en los niveles inicial, primario y secundario"},"content":{"rendered":"\n<p>Del 13 al 17 de Mayo, la Direcci\u00f3n de Educaci\u00f3n Superior No Universitaria llev\u00f3 a cabo mesas de trabajo denominadas <em>\u201cAcompa\u00f1amiento a las pr\u00e1cticas de Formaci\u00f3n Docente en los niveles inicial, primario y secundario\u201d<\/em> en las instalaciones del C.I.I.D.E.P.T y el Instituto Santo Toribio de Mogrovejo. El prop\u00f3sito de estos encuentros estuvo orientado al abordaje de los desaf\u00edos que atraviesa la formaci\u00f3n docente inicial.<\/p>\n\n\n\n<p>La din\u00e1mica de trabajo cont\u00f3 con las disertaciones de los profesores: <strong>Prof. Pamela Campero; Prof. Alejandra Herrera; Prof. Claudia D\u00edaz; Prof. Johana S\u00e1nchez y el Prof. Jos\u00e9 Ram\u00f3n<\/strong>. Participaron supervisores de todos los niveles obligatorios, equipos t\u00e9cnicos de las direcciones de nivel y docentes de las pr\u00e1cticas profesionales de los I.S.F.D de gesti\u00f3n estatal y privada.<\/p>\n\n\n\n<p>Se puntualiz\u00f3 en la importancia que tiene el proceso de corresponsabilidad formadora de todos los actores participantes. Adem\u00e1s se proyectaron acciones de articulaci\u00f3n para el desarrollo de la funci\u00f3n de Apoyo Pedag\u00f3gico a Escuelas para fortalecer la alfabetizaci\u00f3n entendida como prioridad educativa y el dise\u00f1o de acciones orientadas a la inclusi\u00f3n educativa.<\/p>\n\n\n\n<p>En el marco de la Pedagog\u00eda del Cuidado, la <strong>Supervisora Cristina Dom\u00ednguez<\/strong> expres\u00f3: <em>\u201cCuidar a los docentes noveles es una tarea que nos ata\u00f1e a todos\u201d <\/em>convocando a la construcci\u00f3n de acuerdos que garanticen trayectorias educativas significativas de todos los estudiantes y a sostener estas mesas de di\u00e1logo.<\/p>\n\n\n\n<figure class=\"wp-block-gallery has-nested-images columns-default is-cropped wp-block-gallery-1 is-layout-flex\">\n<figure class=\"wp-block-image size-large\"><img decoding=\"async\" loading=\"lazy\" width=\"1280\" height=\"720\" data-id=\"10250\"  src=\"https:\/\/des-tuc.infd.edu.ar\/sitio\/wp-content\/uploads\/2024\/05\/WhatsApp-Image-2024-05-22-at-11.55.00.jpeg\" alt=\"\" class=\"wp-image-10250\" srcset=\"https:\/\/des-tuc.infd.edu.ar\/sitio\/wp-content\/uploads\/2024\/05\/WhatsApp-Image-2024-05-22-at-11.55.00.jpeg 1280w, https:\/\/des-tuc.infd.edu.ar\/sitio\/wp-content\/uploads\/2024\/05\/WhatsApp-Image-2024-05-22-at-11.55.00-1000x563.jpeg 1000w, https:\/\/des-tuc.infd.edu.ar\/sitio\/wp-content\/uploads\/2024\/05\/WhatsApp-Image-2024-05-22-at-11.55.00-768x432.jpeg 768w\" sizes=\"(max-width: 1280px) 100vw, 1280px\" \/><\/figure>\n\n\n\n<figure class=\"wp-block-image size-large\"><img decoding=\"async\" loading=\"lazy\" width=\"1600\" height=\"900\" data-id=\"10249\"  src=\"https:\/\/des-tuc.infd.edu.ar\/sitio\/wp-content\/uploads\/2024\/05\/WhatsApp-Image-2024-05-22-at-11.53.09.jpeg\" alt=\"\" class=\"wp-image-10249\" srcset=\"https:\/\/des-tuc.infd.edu.ar\/sitio\/wp-content\/uploads\/2024\/05\/WhatsApp-Image-2024-05-22-at-11.53.09.jpeg 1600w, https:\/\/des-tuc.infd.edu.ar\/sitio\/wp-content\/uploads\/2024\/05\/WhatsApp-Image-2024-05-22-at-11.53.09-1000x563.jpeg 1000w, https:\/\/des-tuc.infd.edu.ar\/sitio\/wp-content\/uploads\/2024\/05\/WhatsApp-Image-2024-05-22-at-11.53.09-768x432.jpeg 768w, https:\/\/des-tuc.infd.edu.ar\/sitio\/wp-content\/uploads\/2024\/05\/WhatsApp-Image-2024-05-22-at-11.53.09-1536x864.jpeg 1536w\" sizes=\"(max-width: 1600px) 100vw, 1600px\" \/><\/figure>\n\n\n\n<figure class=\"wp-block-image size-large\"><img decoding=\"async\" loading=\"lazy\" width=\"711\" height=\"404\" data-id=\"10248\"  src=\"https:\/\/des-tuc.infd.edu.ar\/sitio\/wp-content\/uploads\/2024\/05\/WhatsApp-Image-2024-05-22-at-11.56.00.jpeg\" alt=\"\" class=\"wp-image-10248\"\/><\/figure>\n\n\n\n<figure class=\"wp-block-image size-large\"><img decoding=\"async\" loading=\"lazy\" width=\"720\" height=\"403\" data-id=\"10247\"  src=\"https:\/\/des-tuc.infd.edu.ar\/sitio\/wp-content\/uploads\/2024\/05\/WhatsApp-Image-2024-05-22-at-11.56.43.jpeg\" alt=\"\" class=\"wp-image-10247\"\/><\/figure>\n<\/figure>\n","protected":false},"excerpt":{"rendered":"<p>Del 13 al 17 de Mayo, la Direcci\u00f3n de Educaci\u00f3n Superior No Universitaria llev\u00f3 a cabo mesas de trabajo denominadas \u201cAcompa\u00f1amiento a las pr\u00e1cticas de Formaci\u00f3n Docente en los niveles inicial, primario y secundario\u201d en las instalaciones del C.I.I.D.E.P.T y el Instituto Santo Toribio de Mogrovejo. El prop\u00f3sito de estos encuentros estuvo orientado al abordaje &#8230; <a title=\"Acompa\u00f1amiento a las pr\u00e1cticas de Formaci\u00f3n Docente en los niveles inicial, primario y secundario\" class=\"read-more\" href=\"https:\/\/des-tuc.infd.edu.ar\/sitio\/acompanamiento-a-las-practicas-de-formacion-docente-en-los-niveles-inicial-primario-y-secundario\/\" aria-label=\"More on Acompa\u00f1amiento a las pr\u00e1cticas de Formaci\u00f3n Docente en los niveles inicial, primario y secundario\">[+]<\/a><\/p>\n","protected":false},"author":543,"featured_media":10247,"comment_status":"closed","ping_status":"closed","sticky":false,"template":"","format":"standard","meta":[],"categories":[7,6],"tags":[],"acf":[],"_links":{"self":[{"href":"https:\/\/des-tuc.infd.edu.ar\/sitio\/wp-json\/wp\/v2\/posts\/10246"}],"collection":[{"href":"https:\/\/des-tuc.infd.edu.ar\/sitio\/wp-json\/wp\/v2\/posts"}],"about":[{"href":"https:\/\/des-tuc.infd.edu.ar\/sitio\/wp-json\/wp\/v2\/types\/post"}],"author":[{"embeddable":true,"href":"https:\/\/des-tuc.infd.edu.ar\/sitio\/wp-json\/wp\/v2\/users\/543"}],"replies":[{"embeddable":true,"href":"https:\/\/des-tuc.infd.edu.ar\/sitio\/wp-json\/wp\/v2\/comments?post=10246"}],"version-history":[{"count":1,"href":"https:\/\/des-tuc.infd.edu.ar\/sitio\/wp-json\/wp\/v2\/posts\/10246\/revisions"}],"predecessor-version":[{"id":10251,"href":"https:\/\/des-tuc.infd.edu.ar\/sitio\/wp-json\/wp\/v2\/posts\/10246\/revisions\/10251"}],"wp:featuredmedia":[{"embeddable":true,"href":"https:\/\/des-tuc.infd.edu.ar\/sitio\/wp-json\/wp\/v2\/media\/10247"}],"wp:attachment":[{"href":"https:\/\/des-tuc.infd.edu.ar\/sitio\/wp-json\/wp\/v2\/media?parent=10246"}],"wp:term":[{"taxonomy":"category","embeddable":true,"href":"https:\/\/des-tuc.infd.edu.ar\/sitio\/wp-json\/wp\/v2\/categories?post=10246"},{"taxonomy":"post_tag","embeddable":true,"href":"https:\/\/des-tuc.infd.edu.ar\/sitio\/wp-json\/wp\/v2\/tags?post=10246"}],"curies":[{"name":"wp","href":"https:\/\/api.w.org\/{rel}","templated":true}]}}