{"id":10229,"date":"2024-05-20T18:09:24","date_gmt":"2024-05-20T21:09:24","guid":{"rendered":"https:\/\/des-tuc.infd.edu.ar\/sitio\/?p=10229"},"modified":"2024-05-20T18:09:25","modified_gmt":"2024-05-20T21:09:25","slug":"educacion-se-prepara-para-iniciar-trayectos-de-formacion-docente-continua","status":"publish","type":"post","link":"https:\/\/des-tuc.infd.edu.ar\/sitio\/educacion-se-prepara-para-iniciar-trayectos-de-formacion-docente-continua\/","title":{"rendered":"Educaci\u00f3n se prepara para iniciar trayectos de Formaci\u00f3n Docente Continua"},"content":{"rendered":"\n<p>Tras el lanzamiento de la&nbsp;<strong>Resoluci\u00f3n Ministerial N\u00b00435\/5 (Med)<\/strong>&nbsp;que regula el&nbsp;<strong>Proyecto de Formaci\u00f3n Docente Continua<\/strong>&nbsp;para toda la provincia de Tucum\u00e1n, el Ministerio de Educaci\u00f3n encabezado por la ministra,&nbsp;<strong>Susana Montaldo<\/strong>, viene desarrollando tareas de investigaci\u00f3n, dise\u00f1o y aplicaci\u00f3n de procesos administrativos, pedag\u00f3gicos y digitales en diversas dependencias que intervienen en el lanzamiento de dispositivos de capacitaci\u00f3n docente.<\/p>\n\n\n\n<p>En este sentido, la Direcci\u00f3n de Nivel Superior a cargo de&nbsp;<strong>Silvina Fern\u00e1ndez<\/strong>, desde la que depende la Subdirecci\u00f3n de Formaci\u00f3n Docente e Investigaci\u00f3n (FDCI), viene desarrollado en articulaci\u00f3n con la Subdirecci\u00f3n de Inform\u00e1tica, nuevos entornos y plataformas para que los docentes tucumanos accedan a propuestas de formaci\u00f3n.<\/p>\n\n\n\n<p><strong>Los educadores de toda la provincia, ya tienen a disposici\u00f3n una primera etapa de gestiones personales, para alistar sus datos de acceso a los diversos sitios web que necesitar\u00e1n para capacitarse.<\/strong><\/p>\n\n\n\n<p><em>Para completar esta instancia deben acceder&nbsp;<a href=\"https:\/\/capacitaciondocente.educaciontuc.gov.ar\/\"><strong>https:\/\/capacitaciondocente.educaciontuc.gov.ar<\/strong><\/a>, all\u00ed encontrar\u00e1n el&nbsp;<strong>\u201cEspacio de Gesti\u00f3n Docente\u201d<\/strong>&nbsp;desde donde podr\u00e1n verificar los datos de acceso y\/o recuperar contrase\u00f1a del nuevo Panel Docente. (En caso de no contar con usuario previo deber\u00e1n registrarse).<\/em><\/p>\n\n\n\n<p>La importancia de esta etapa, es que el docente verifique que sus datos sean correctos y est\u00e9n actualizados para cuando inicie la instancia de inscripciones a los cursos ministeriales.<\/p>\n\n\n\n<p>Finalmente, el Equipo de Formaci\u00f3n Docente Continua e Investigaci\u00f3n (FDCI) pone a disposici\u00f3n de toda la comunidad educativa, un adelanto de las primeras ofertas formativas, a las que podr\u00e1n acceder desde el 22 mayo pr\u00f3ximo. Cabe aclarar que en las semanas posteriores tendr\u00e1n disponibles otras propuestas con tem\u00e1ticas sobre Alfabetizaci\u00f3n, Cultura Digital, Pensamiento matem\u00e1tico, Ambiente, Identidades, Gesti\u00f3n escolar, Educaci\u00f3n Inclusiva, Inteligencia Artificial, entre otras.<\/p>\n\n\n\n<p>La inscripci\u00f3n a todos los cursos se realizar\u00e1 en la misma web mencionada anteriormente y atento a las solicitudes de los docentes tucumanos, las inscripciones ser\u00e1n virtuales y lanzadas a partir de las 20:00 horas.<\/p>\n\n\n\n<p>Se invita a las y los docentes a aprovechar estas propuestas gratuitas, de gran calidad pedag\u00f3gica y did\u00e1ctica y a estar atentos a las ofertas que peri\u00f3dicamente y en horario acordado se ir\u00e1n habilitando durante todo el a\u00f1o.<\/p>\n\n\n\n<p>Fuente: <a href=\"https:\/\/www.educaciontuc.gov.ar\/2024\/05\/20\/educacion-se-prepara-para-iniciar-trayectos-de-formacion-docente-continua\/\" target=\"_blank\" rel=\"noreferrer noopener\">https:\/\/www.educaciontuc.gov.ar\/2024\/05\/20\/educacion-se-prepara-para-iniciar-trayectos-de-formacion-docente-continua\/<\/a> <\/p>\n","protected":false},"excerpt":{"rendered":"<p>Tras el lanzamiento de la&nbsp;Resoluci\u00f3n Ministerial N\u00b00435\/5 (Med)&nbsp;que regula el&nbsp;Proyecto de Formaci\u00f3n Docente Continua&nbsp;para toda la provincia de Tucum\u00e1n, el Ministerio de Educaci\u00f3n encabezado por la ministra,&nbsp;Susana Montaldo, viene desarrollando tareas de investigaci\u00f3n, dise\u00f1o y aplicaci\u00f3n de procesos administrativos, pedag\u00f3gicos y digitales en diversas dependencias que intervienen en el lanzamiento de dispositivos de capacitaci\u00f3n docente. &#8230; <a title=\"Educaci\u00f3n se prepara para iniciar trayectos de Formaci\u00f3n Docente Continua\" class=\"read-more\" href=\"https:\/\/des-tuc.infd.edu.ar\/sitio\/educacion-se-prepara-para-iniciar-trayectos-de-formacion-docente-continua\/\" aria-label=\"More on Educaci\u00f3n se prepara para iniciar trayectos de Formaci\u00f3n Docente Continua\">[+]<\/a><\/p>\n","protected":false},"author":543,"featured_media":10230,"comment_status":"closed","ping_status":"closed","sticky":false,"template":"","format":"standard","meta":[],"categories":[7,6],"tags":[],"acf":[],"_links":{"self":[{"href":"https:\/\/des-tuc.infd.edu.ar\/sitio\/wp-json\/wp\/v2\/posts\/10229"}],"collection":[{"href":"https:\/\/des-tuc.infd.edu.ar\/sitio\/wp-json\/wp\/v2\/posts"}],"about":[{"href":"https:\/\/des-tuc.infd.edu.ar\/sitio\/wp-json\/wp\/v2\/types\/post"}],"author":[{"embeddable":true,"href":"https:\/\/des-tuc.infd.edu.ar\/sitio\/wp-json\/wp\/v2\/users\/543"}],"replies":[{"embeddable":true,"href":"https:\/\/des-tuc.infd.edu.ar\/sitio\/wp-json\/wp\/v2\/comments?post=10229"}],"version-history":[{"count":1,"href":"https:\/\/des-tuc.infd.edu.ar\/sitio\/wp-json\/wp\/v2\/posts\/10229\/revisions"}],"predecessor-version":[{"id":10231,"href":"https:\/\/des-tuc.infd.edu.ar\/sitio\/wp-json\/wp\/v2\/posts\/10229\/revisions\/10231"}],"wp:featuredmedia":[{"embeddable":true,"href":"https:\/\/des-tuc.infd.edu.ar\/sitio\/wp-json\/wp\/v2\/media\/10230"}],"wp:attachment":[{"href":"https:\/\/des-tuc.infd.edu.ar\/sitio\/wp-json\/wp\/v2\/media?parent=10229"}],"wp:term":[{"taxonomy":"category","embeddable":true,"href":"https:\/\/des-tuc.infd.edu.ar\/sitio\/wp-json\/wp\/v2\/categories?post=10229"},{"taxonomy":"post_tag","embeddable":true,"href":"https:\/\/des-tuc.infd.edu.ar\/sitio\/wp-json\/wp\/v2\/tags?post=10229"}],"curies":[{"name":"wp","href":"https:\/\/api.w.org\/{rel}","templated":true}]}}