{"id":10216,"date":"2024-05-16T10:51:20","date_gmt":"2024-05-16T13:51:20","guid":{"rendered":"https:\/\/des-tuc.infd.edu.ar\/sitio\/?p=10216"},"modified":"2024-05-16T10:51:22","modified_gmt":"2024-05-16T13:51:22","slug":"docentes-tucumanos-de-ingles-al-extranjero-historias-de-suenos-y-logros-que-enorgullecen","status":"publish","type":"post","link":"https:\/\/des-tuc.infd.edu.ar\/sitio\/docentes-tucumanos-de-ingles-al-extranjero-historias-de-suenos-y-logros-que-enorgullecen\/","title":{"rendered":"Docentes Tucumanos de Ingl\u00e9s al extranjero: historias de sue\u00f1os y logros que enorgullecen"},"content":{"rendered":"\n<p>Este a\u00f1o dos j\u00f3venes docentes de ingl\u00e9s, egresados del Profesorado de Ingl\u00e9s del Instituto de Ense\u00f1anza Superior Aguilares, fueron seleccionados como Asistentes de Idioma Espa\u00f1ol en Estados Unidos, a trav\u00e9s del Programa de Becas Internacionales de la Naci\u00f3n, que llevan adelante el Ministerio de Educaci\u00f3n y&nbsp; la Comisi\u00f3n Fulbright de EEUU.&nbsp;<\/p>\n\n\n\n<p>El profesor Emiliano Rivadeneira, de la Localidad de Juan B. Alberdi, y la profesora Nadia Mansilla de la localidad de Alpachiri, se postularon a la beca en septiembre de 2023. Luego de realizarse un proceso de selecci\u00f3n, que implica consideraci\u00f3n de cualidades personales, apertura a la interculturalidad, y un examen de sus conocimientos ling\u00fc\u00edsticos, recibieron la confirmaci\u00f3n de su beca y actualmente se encuentran en espera de la asignaci\u00f3n de la universidad de EEUU en la que trabajar\u00e1n.<\/p>\n\n\n\n<p>Desde septiembre de 2023, Tucum\u00e1n cuenta con la docente&nbsp;Sof\u00eda&nbsp;Alva Rija, tambi\u00e9n egresada del IES Aguilares y oriunda de la misma ciudad, realizando su experiencia como asistente de idioma en Fairmont State University, estado de Virginia.&nbsp;<\/p>\n\n\n\n<p>Cada a\u00f1o, la Comisi\u00f3n Fulbright de EEUU y los Ministerios de Educaci\u00f3n nacional y provincial de la Rep\u00fablica Argentina, realizan la convocatoria a becas para ser Asistentes de Idioma Espa\u00f1ol en los Estados Unidos,&nbsp;organizada y financiada&nbsp;por dichos organismos. Destinadas a j\u00f3venes docentes de ingl\u00e9s, egresados de universidades o institutos terciarios, estas becas&nbsp;permiten a los profesores de ingl\u00e9s, trabajar junto a docentes nativos en universidades o colegios de educaci\u00f3n superior de EEUU, durante un per\u00edodo de nueve meses. El principal objetivo es asistir a los alumnos norteamericanos en el desarrollo de sus competencias ling\u00fc\u00edsticas en espa\u00f1ol, perfeccionar su ingl\u00e9s, compartir su propia cultura, viviendo una experiencia de inmersi\u00f3n cultural, que impacta ampliamente en su crecimiento&nbsp;personal, acad\u00e9mico y profesional.<\/p>\n\n\n\n<p><strong><em>\u00abEsta beca es para m\u00ed una oportunidad para compartir mi cultura y representar a mi pa\u00eds, poder demostrar que cuando uno se propone algo puede conseguirlo. Quiero ser un modelo positivo&nbsp; para mis&nbsp;hermanas menores y hacer que los docentes, directivos y personas que me apoyaron para llegar hasta aqu\u00ed, puedan estar orgullosos de m\u00ed.\u00bb&nbsp; Profesor Emiliano Rivadeneira.<\/em><\/strong><\/p>\n\n\n\n<p><strong><em>\u00abComo profesora de ingl\u00e9s, esta beca me brindar\u00e1 nuevas herramientas para mejorar mis pr\u00e1cticas docentes, adquirir estrategias para motivar e inspirar a mis estudiantes. Provengo de una familia de clase trabajadora&nbsp;en un pueblo peque\u00f1o, donde no abundan las oportunidades; yo soy la primera de la familia en obtener un t\u00edtulo&nbsp;de nivel superior, por lo que siento que esta beca no es solo para mi, si no tambi\u00e9n para quienes creyeron en m\u00ed y me apoyaron a cada paso. Es adem\u00e1s un honor representar a mi provincia y a mi pa\u00eds.\u00bb Profesora Nadia Mansilla<\/em><\/strong><\/p>\n\n\n\n<p><strong><em>\u00abPara m\u00ed esta experiencia es un sue\u00f1o hecho realidad. Comenc\u00e9 el Profesorado con la ilusi\u00f3n de postularme a esta beca y me sirvi\u00f3 para reafirmar mi anhelo de conocer el mundo, experimentar nuevas culturas, y sobre todo crear v\u00ednculos que se volvieron una peque\u00f1a parte de quien soy hoy. Es enorme el orgullo que siento al ver el crecimiento personal y profesional que logr\u00e9, y estoy ansiosa de volver a compartirlo con quienes me esperan en Argentina\u00bb Profesora Sof\u00eda Alva Rija<\/em><\/strong><\/p>\n\n\n\n<figure class=\"wp-block-gallery has-nested-images columns-default is-cropped wp-block-gallery-1 is-layout-flex\">\n<figure class=\"wp-block-image size-large\"><img decoding=\"async\" loading=\"lazy\" width=\"1200\" height=\"1600\" data-id=\"10217\"  src=\"https:\/\/des-tuc.infd.edu.ar\/sitio\/wp-content\/uploads\/2024\/05\/IMG-20240505-WA0025.jpg\" alt=\"\" class=\"wp-image-10217\" srcset=\"https:\/\/des-tuc.infd.edu.ar\/sitio\/wp-content\/uploads\/2024\/05\/IMG-20240505-WA0025.jpg 1200w, https:\/\/des-tuc.infd.edu.ar\/sitio\/wp-content\/uploads\/2024\/05\/IMG-20240505-WA0025-750x1000.jpg 750w, https:\/\/des-tuc.infd.edu.ar\/sitio\/wp-content\/uploads\/2024\/05\/IMG-20240505-WA0025-768x1024.jpg 768w, https:\/\/des-tuc.infd.edu.ar\/sitio\/wp-content\/uploads\/2024\/05\/IMG-20240505-WA0025-1152x1536.jpg 1152w\" sizes=\"(max-width: 1200px) 100vw, 1200px\" \/><\/figure>\n\n\n\n<figure class=\"wp-block-image size-large\"><img decoding=\"async\" loading=\"lazy\" width=\"720\" height=\"1600\" data-id=\"10219\"  src=\"https:\/\/des-tuc.infd.edu.ar\/sitio\/wp-content\/uploads\/2024\/05\/IMG-20240505-WA0016.jpg\" alt=\"\" class=\"wp-image-10219\" srcset=\"https:\/\/des-tuc.infd.edu.ar\/sitio\/wp-content\/uploads\/2024\/05\/IMG-20240505-WA0016.jpg 720w, https:\/\/des-tuc.infd.edu.ar\/sitio\/wp-content\/uploads\/2024\/05\/IMG-20240505-WA0016-450x1000.jpg 450w, https:\/\/des-tuc.infd.edu.ar\/sitio\/wp-content\/uploads\/2024\/05\/IMG-20240505-WA0016-691x1536.jpg 691w\" sizes=\"(max-width: 720px) 100vw, 720px\" \/><\/figure>\n\n\n\n<figure class=\"wp-block-image size-large\"><img decoding=\"async\" loading=\"lazy\" width=\"1069\" height=\"1900\" data-id=\"10218\"  src=\"https:\/\/des-tuc.infd.edu.ar\/sitio\/wp-content\/uploads\/2024\/05\/IMG-20240507-WA0136-1069x1900.jpg\" alt=\"\" class=\"wp-image-10218\" srcset=\"https:\/\/des-tuc.infd.edu.ar\/sitio\/wp-content\/uploads\/2024\/05\/IMG-20240507-WA0136-1069x1900.jpg 1069w, https:\/\/des-tuc.infd.edu.ar\/sitio\/wp-content\/uploads\/2024\/05\/IMG-20240507-WA0136-563x1000.jpg 563w, https:\/\/des-tuc.infd.edu.ar\/sitio\/wp-content\/uploads\/2024\/05\/IMG-20240507-WA0136-768x1365.jpg 768w, https:\/\/des-tuc.infd.edu.ar\/sitio\/wp-content\/uploads\/2024\/05\/IMG-20240507-WA0136-864x1536.jpg 864w, https:\/\/des-tuc.infd.edu.ar\/sitio\/wp-content\/uploads\/2024\/05\/IMG-20240507-WA0136.jpg 1152w\" sizes=\"(max-width: 1069px) 100vw, 1069px\" \/><\/figure>\n<\/figure>\n","protected":false},"excerpt":{"rendered":"<p>Este a\u00f1o dos j\u00f3venes docentes de ingl\u00e9s, egresados del Profesorado de Ingl\u00e9s del Instituto de Ense\u00f1anza Superior Aguilares, fueron seleccionados como Asistentes de Idioma Espa\u00f1ol en Estados Unidos, a trav\u00e9s del Programa de Becas Internacionales de la Naci\u00f3n, que llevan adelante el Ministerio de Educaci\u00f3n y&nbsp; la Comisi\u00f3n Fulbright de EEUU.&nbsp; El profesor Emiliano Rivadeneira, &#8230; <a title=\"Docentes Tucumanos de Ingl\u00e9s al extranjero: historias de sue\u00f1os y logros que enorgullecen\" class=\"read-more\" href=\"https:\/\/des-tuc.infd.edu.ar\/sitio\/docentes-tucumanos-de-ingles-al-extranjero-historias-de-suenos-y-logros-que-enorgullecen\/\" aria-label=\"More on Docentes Tucumanos de Ingl\u00e9s al extranjero: historias de sue\u00f1os y logros que enorgullecen\">[+]<\/a><\/p>\n","protected":false},"author":543,"featured_media":10218,"comment_status":"closed","ping_status":"closed","sticky":false,"template":"","format":"standard","meta":[],"categories":[7,6],"tags":[],"acf":[],"_links":{"self":[{"href":"https:\/\/des-tuc.infd.edu.ar\/sitio\/wp-json\/wp\/v2\/posts\/10216"}],"collection":[{"href":"https:\/\/des-tuc.infd.edu.ar\/sitio\/wp-json\/wp\/v2\/posts"}],"about":[{"href":"https:\/\/des-tuc.infd.edu.ar\/sitio\/wp-json\/wp\/v2\/types\/post"}],"author":[{"embeddable":true,"href":"https:\/\/des-tuc.infd.edu.ar\/sitio\/wp-json\/wp\/v2\/users\/543"}],"replies":[{"embeddable":true,"href":"https:\/\/des-tuc.infd.edu.ar\/sitio\/wp-json\/wp\/v2\/comments?post=10216"}],"version-history":[{"count":1,"href":"https:\/\/des-tuc.infd.edu.ar\/sitio\/wp-json\/wp\/v2\/posts\/10216\/revisions"}],"predecessor-version":[{"id":10220,"href":"https:\/\/des-tuc.infd.edu.ar\/sitio\/wp-json\/wp\/v2\/posts\/10216\/revisions\/10220"}],"wp:featuredmedia":[{"embeddable":true,"href":"https:\/\/des-tuc.infd.edu.ar\/sitio\/wp-json\/wp\/v2\/media\/10218"}],"wp:attachment":[{"href":"https:\/\/des-tuc.infd.edu.ar\/sitio\/wp-json\/wp\/v2\/media?parent=10216"}],"wp:term":[{"taxonomy":"category","embeddable":true,"href":"https:\/\/des-tuc.infd.edu.ar\/sitio\/wp-json\/wp\/v2\/categories?post=10216"},{"taxonomy":"post_tag","embeddable":true,"href":"https:\/\/des-tuc.infd.edu.ar\/sitio\/wp-json\/wp\/v2\/tags?post=10216"}],"curies":[{"name":"wp","href":"https:\/\/api.w.org\/{rel}","templated":true}]}}