{"id":10195,"date":"2024-05-14T11:39:17","date_gmt":"2024-05-14T14:39:17","guid":{"rendered":"https:\/\/des-tuc.infd.edu.ar\/sitio\/?p=10195"},"modified":"2024-05-14T11:39:19","modified_gmt":"2024-05-14T14:39:19","slug":"reunion-con-el-director-de-la-direccion-artistica-del-teatro-del-ente-de-cultura-de-tucuman","status":"publish","type":"post","link":"https:\/\/des-tuc.infd.edu.ar\/sitio\/reunion-con-el-director-de-la-direccion-artistica-del-teatro-del-ente-de-cultura-de-tucuman\/","title":{"rendered":"Reuni\u00f3n con el Director de la Direcci\u00f3n Art\u00edstica del Teatro del Ente de Cultura de Tucum\u00e1n."},"content":{"rendered":"\n<p>El d\u00eda lunes 13 de mayo a las 15:30 hs se llev\u00f3 a cabo una reuni\u00f3n de trabajo entre la Directora de Educaci\u00f3n Superior no Universitaria, Prof. Silvina Fern\u00e1ndez y el Director de la Direcci\u00f3n Art\u00edstica de Teatro del Ente de Cultura de Tucum\u00e1n, Sr. Andr\u00e9s D\u2019Andrea, con el prop\u00f3sito de articular acciones conjuntas entre ambas direcciones.<\/p>\n\n\n\n<p>Se establecieron acuerdos para fortalecer la participaci\u00f3n de los estudiantes y docentes de nivel superior no universitario en las distintas propuestas art\u00edsticas generadas por el Teatro Estable, el Teatro Estable de T\u00edteres y Marionetas, el Elenco de Variedades, as\u00ed como la posibilidad de realizar visitas guiadas al Teatro San Mart\u00edn, participar en talleres, proyecciones cinematogr\u00e1ficas y organizar visitas con el Cine M\u00f3vil a diferentes Institutos de Formaci\u00f3n Docente, entre otras actividades.<\/p>\n","protected":false},"excerpt":{"rendered":"<p>El d\u00eda lunes 13 de mayo a las 15:30 hs se llev\u00f3 a cabo una reuni\u00f3n de trabajo entre la Directora de Educaci\u00f3n Superior no Universitaria, Prof. Silvina Fern\u00e1ndez y el Director de la Direcci\u00f3n Art\u00edstica de Teatro del Ente de Cultura de Tucum\u00e1n, Sr. Andr\u00e9s D\u2019Andrea, con el prop\u00f3sito de articular acciones conjuntas entre &#8230; <a title=\"Reuni\u00f3n con el Director de la Direcci\u00f3n Art\u00edstica del Teatro del Ente de Cultura de Tucum\u00e1n.\" class=\"read-more\" href=\"https:\/\/des-tuc.infd.edu.ar\/sitio\/reunion-con-el-director-de-la-direccion-artistica-del-teatro-del-ente-de-cultura-de-tucuman\/\" aria-label=\"More on Reuni\u00f3n con el Director de la Direcci\u00f3n Art\u00edstica del Teatro del Ente de Cultura de Tucum\u00e1n.\">[+]<\/a><\/p>\n","protected":false},"author":543,"featured_media":10196,"comment_status":"closed","ping_status":"closed","sticky":false,"template":"","format":"standard","meta":[],"categories":[7,6],"tags":[],"acf":[],"_links":{"self":[{"href":"https:\/\/des-tuc.infd.edu.ar\/sitio\/wp-json\/wp\/v2\/posts\/10195"}],"collection":[{"href":"https:\/\/des-tuc.infd.edu.ar\/sitio\/wp-json\/wp\/v2\/posts"}],"about":[{"href":"https:\/\/des-tuc.infd.edu.ar\/sitio\/wp-json\/wp\/v2\/types\/post"}],"author":[{"embeddable":true,"href":"https:\/\/des-tuc.infd.edu.ar\/sitio\/wp-json\/wp\/v2\/users\/543"}],"replies":[{"embeddable":true,"href":"https:\/\/des-tuc.infd.edu.ar\/sitio\/wp-json\/wp\/v2\/comments?post=10195"}],"version-history":[{"count":1,"href":"https:\/\/des-tuc.infd.edu.ar\/sitio\/wp-json\/wp\/v2\/posts\/10195\/revisions"}],"predecessor-version":[{"id":10197,"href":"https:\/\/des-tuc.infd.edu.ar\/sitio\/wp-json\/wp\/v2\/posts\/10195\/revisions\/10197"}],"wp:featuredmedia":[{"embeddable":true,"href":"https:\/\/des-tuc.infd.edu.ar\/sitio\/wp-json\/wp\/v2\/media\/10196"}],"wp:attachment":[{"href":"https:\/\/des-tuc.infd.edu.ar\/sitio\/wp-json\/wp\/v2\/media?parent=10195"}],"wp:term":[{"taxonomy":"category","embeddable":true,"href":"https:\/\/des-tuc.infd.edu.ar\/sitio\/wp-json\/wp\/v2\/categories?post=10195"},{"taxonomy":"post_tag","embeddable":true,"href":"https:\/\/des-tuc.infd.edu.ar\/sitio\/wp-json\/wp\/v2\/tags?post=10195"}],"curies":[{"name":"wp","href":"https:\/\/api.w.org\/{rel}","templated":true}]}}