{"id":10189,"date":"2024-05-10T10:31:28","date_gmt":"2024-05-10T13:31:28","guid":{"rendered":"https:\/\/des-tuc.infd.edu.ar\/sitio\/?p=10189"},"modified":"2024-05-10T10:31:30","modified_gmt":"2024-05-10T13:31:30","slug":"trabajan-en-un-convenio-para-reconstruir-un-anexo-del-ies-concepcion-en-la-trinidad","status":"publish","type":"post","link":"https:\/\/des-tuc.infd.edu.ar\/sitio\/trabajan-en-un-convenio-para-reconstruir-un-anexo-del-ies-concepcion-en-la-trinidad\/","title":{"rendered":"Trabajan en un convenio para reconstruir un anexo del IES Concepci\u00f3n en La Trinidad"},"content":{"rendered":"\n<p>La ministra de Educaci\u00f3n,&nbsp;<strong>Susana Montaldo<\/strong>, junto al secretario de Estado de Gobierno y Relaciones Institucionales,&nbsp;<strong>Ra\u00fal Albarrac\u00edn<\/strong>, recibieron al representante del Ingenio La Trinidad,&nbsp;<strong>Vicente Gambaro<\/strong>, para trabajar en la futura firma de un convenio para la refacci\u00f3n y reconstrucci\u00f3n de un edificio para que funcione el IES Concepci\u00f3n, Anexo La Trinidad, donde se dicta la Tecnicatura Superior&nbsp;en Desarrollo de Software y Bioenerg\u00eda.<\/p>\n\n\n\n<p>Adem\u00e1s, participaron del encuentro, la directora de Educaci\u00f3n Superior No Universitaria,&nbsp;<strong>Silvina Fern\u00e1ndez<\/strong>; el representante del IES \u2013 Concepci\u00f3n, Anexo La Trinidad,&nbsp;<strong>Miguel \u00c1ngel Figueroa<\/strong>; y el ex secretario del IES,&nbsp;<strong>Gustavo Masmud<\/strong>.<\/p>\n\n\n\n<p>El objetivo del encuentro fue acondicionar el aula donde actualmente funciona el IES Concepci\u00f3n, Anexo La Trinidad y elaborar un proyecto para reacondicionar un viejo edificio con la intenci\u00f3n de que a futuro la instituci\u00f3n funcione ah\u00ed.<\/p>\n\n\n\n<p>Silvina Fern\u00e1ndez, directora de Educaci\u00f3n Superior No Universitaria, manifest\u00f3 \u201cnos hemos reunido para hablar sobre la posibilidad de una construcci\u00f3n de un edificio para la extensi\u00f3n \u00e1ulica de la Trinidad, donde funciona la Tecnicatura en Desarrollo de Software, que ahora est\u00e1 funcionando en la Escuela Constituci\u00f3n, que es una escuela primaria que nos cede espacios. La propuesta es, en devoluci\u00f3n o en reconocimiento de que el ingenio forma parte de la comunidad, y desde una mirada social, ofrecer la construcci\u00f3n de un edificio que sea propio para que funcione la tecnicatura\u201d.<\/p>\n\n\n\n<p>El Ingeniero Gambaro, representante del Ingenio La Trinidad, sostuvo \u201cjunto con las autoridades del IES, pudimos ver las necesidades que hay y las trabas que pueden existir en cuestiones burocr\u00e1ticas, para poder darle una mejor calidad de funcionamiento a esta instituci\u00f3n. Va a haber una colaboraci\u00f3n en dos lineamientos, uno es acondicionar un aula donde est\u00e1n funcionando actualmente y el otro, elaborar un proyecto para darle vida a un viejo edificio que est\u00e1 abandonado\u201d.<\/p>\n\n\n\n<p><\/p>\n\n\n\n<p>Fuente:<a href=\"https:\/\/www.educaciontuc.gov.ar\/2024\/05\/06\/trabajan-en-un-convenio-para-reconstruir-un-anexo-del-ies-concepcion-en-la-trinidad\/\" target=\"_blank\" rel=\"noreferrer noopener\"> https:\/\/www.educaciontuc.gov.ar\/2024\/05\/06\/trabajan-en-un-convenio-para-reconstruir-un-anexo-del-ies-concepcion-en-la-trinidad\/<\/a><\/p>\n\n\n\n<figure class=\"wp-block-gallery has-nested-images columns-default is-cropped wp-block-gallery-1 is-layout-flex\">\n<figure class=\"wp-block-image size-large\"><img decoding=\"async\" loading=\"lazy\" width=\"1280\" height=\"853\" data-id=\"10193\"  src=\"https:\/\/des-tuc.infd.edu.ar\/sitio\/wp-content\/uploads\/2024\/05\/WhatsApp-Image-2024-05-06-at-14.36.56.jpeg\" alt=\"\" class=\"wp-image-10193\" srcset=\"https:\/\/des-tuc.infd.edu.ar\/sitio\/wp-content\/uploads\/2024\/05\/WhatsApp-Image-2024-05-06-at-14.36.56.jpeg 1280w, https:\/\/des-tuc.infd.edu.ar\/sitio\/wp-content\/uploads\/2024\/05\/WhatsApp-Image-2024-05-06-at-14.36.56-1000x666.jpeg 1000w, https:\/\/des-tuc.infd.edu.ar\/sitio\/wp-content\/uploads\/2024\/05\/WhatsApp-Image-2024-05-06-at-14.36.56-768x512.jpeg 768w\" sizes=\"(max-width: 1280px) 100vw, 1280px\" \/><\/figure>\n\n\n\n<figure class=\"wp-block-image size-large\"><img decoding=\"async\" loading=\"lazy\" width=\"1280\" height=\"720\" data-id=\"10192\"  src=\"https:\/\/des-tuc.infd.edu.ar\/sitio\/wp-content\/uploads\/2024\/05\/WhatsApp-Image-2024-05-06-at-14.36.55.jpeg\" alt=\"\" class=\"wp-image-10192\" srcset=\"https:\/\/des-tuc.infd.edu.ar\/sitio\/wp-content\/uploads\/2024\/05\/WhatsApp-Image-2024-05-06-at-14.36.55.jpeg 1280w, https:\/\/des-tuc.infd.edu.ar\/sitio\/wp-content\/uploads\/2024\/05\/WhatsApp-Image-2024-05-06-at-14.36.55-1000x563.jpeg 1000w, https:\/\/des-tuc.infd.edu.ar\/sitio\/wp-content\/uploads\/2024\/05\/WhatsApp-Image-2024-05-06-at-14.36.55-768x432.jpeg 768w\" sizes=\"(max-width: 1280px) 100vw, 1280px\" \/><\/figure>\n\n\n\n<figure class=\"wp-block-image size-large\"><img decoding=\"async\" loading=\"lazy\" width=\"1280\" height=\"853\" data-id=\"10190\"  src=\"https:\/\/des-tuc.infd.edu.ar\/sitio\/wp-content\/uploads\/2024\/05\/WhatsApp-Image-2024-05-06-at-14.36.54.jpeg\" alt=\"\" class=\"wp-image-10190\" srcset=\"https:\/\/des-tuc.infd.edu.ar\/sitio\/wp-content\/uploads\/2024\/05\/WhatsApp-Image-2024-05-06-at-14.36.54.jpeg 1280w, https:\/\/des-tuc.infd.edu.ar\/sitio\/wp-content\/uploads\/2024\/05\/WhatsApp-Image-2024-05-06-at-14.36.54-1000x666.jpeg 1000w, https:\/\/des-tuc.infd.edu.ar\/sitio\/wp-content\/uploads\/2024\/05\/WhatsApp-Image-2024-05-06-at-14.36.54-768x512.jpeg 768w\" sizes=\"(max-width: 1280px) 100vw, 1280px\" \/><\/figure>\n\n\n\n<figure class=\"wp-block-image size-large\"><img decoding=\"async\" loading=\"lazy\" width=\"1280\" height=\"853\" data-id=\"10191\"  src=\"https:\/\/des-tuc.infd.edu.ar\/sitio\/wp-content\/uploads\/2024\/05\/WhatsApp-Image-2024-05-06-at-14.36.53.jpeg\" alt=\"\" class=\"wp-image-10191\" srcset=\"https:\/\/des-tuc.infd.edu.ar\/sitio\/wp-content\/uploads\/2024\/05\/WhatsApp-Image-2024-05-06-at-14.36.53.jpeg 1280w, https:\/\/des-tuc.infd.edu.ar\/sitio\/wp-content\/uploads\/2024\/05\/WhatsApp-Image-2024-05-06-at-14.36.53-1000x666.jpeg 1000w, https:\/\/des-tuc.infd.edu.ar\/sitio\/wp-content\/uploads\/2024\/05\/WhatsApp-Image-2024-05-06-at-14.36.53-768x512.jpeg 768w\" sizes=\"(max-width: 1280px) 100vw, 1280px\" \/><\/figure>\n<\/figure>\n","protected":false},"excerpt":{"rendered":"<p>La ministra de Educaci\u00f3n,&nbsp;Susana Montaldo, junto al secretario de Estado de Gobierno y Relaciones Institucionales,&nbsp;Ra\u00fal Albarrac\u00edn, recibieron al representante del Ingenio La Trinidad,&nbsp;Vicente Gambaro, para trabajar en la futura firma de un convenio para la refacci\u00f3n y reconstrucci\u00f3n de un edificio para que funcione el IES Concepci\u00f3n, Anexo La Trinidad, donde se dicta la Tecnicatura &#8230; <a title=\"Trabajan en un convenio para reconstruir un anexo del IES Concepci\u00f3n en La Trinidad\" class=\"read-more\" href=\"https:\/\/des-tuc.infd.edu.ar\/sitio\/trabajan-en-un-convenio-para-reconstruir-un-anexo-del-ies-concepcion-en-la-trinidad\/\" aria-label=\"More on Trabajan en un convenio para reconstruir un anexo del IES Concepci\u00f3n en La Trinidad\">[+]<\/a><\/p>\n","protected":false},"author":543,"featured_media":10191,"comment_status":"closed","ping_status":"closed","sticky":false,"template":"","format":"standard","meta":[],"categories":[7,6],"tags":[],"acf":[],"_links":{"self":[{"href":"https:\/\/des-tuc.infd.edu.ar\/sitio\/wp-json\/wp\/v2\/posts\/10189"}],"collection":[{"href":"https:\/\/des-tuc.infd.edu.ar\/sitio\/wp-json\/wp\/v2\/posts"}],"about":[{"href":"https:\/\/des-tuc.infd.edu.ar\/sitio\/wp-json\/wp\/v2\/types\/post"}],"author":[{"embeddable":true,"href":"https:\/\/des-tuc.infd.edu.ar\/sitio\/wp-json\/wp\/v2\/users\/543"}],"replies":[{"embeddable":true,"href":"https:\/\/des-tuc.infd.edu.ar\/sitio\/wp-json\/wp\/v2\/comments?post=10189"}],"version-history":[{"count":1,"href":"https:\/\/des-tuc.infd.edu.ar\/sitio\/wp-json\/wp\/v2\/posts\/10189\/revisions"}],"predecessor-version":[{"id":10194,"href":"https:\/\/des-tuc.infd.edu.ar\/sitio\/wp-json\/wp\/v2\/posts\/10189\/revisions\/10194"}],"wp:featuredmedia":[{"embeddable":true,"href":"https:\/\/des-tuc.infd.edu.ar\/sitio\/wp-json\/wp\/v2\/media\/10191"}],"wp:attachment":[{"href":"https:\/\/des-tuc.infd.edu.ar\/sitio\/wp-json\/wp\/v2\/media?parent=10189"}],"wp:term":[{"taxonomy":"category","embeddable":true,"href":"https:\/\/des-tuc.infd.edu.ar\/sitio\/wp-json\/wp\/v2\/categories?post=10189"},{"taxonomy":"post_tag","embeddable":true,"href":"https:\/\/des-tuc.infd.edu.ar\/sitio\/wp-json\/wp\/v2\/tags?post=10189"}],"curies":[{"name":"wp","href":"https:\/\/api.w.org\/{rel}","templated":true}]}}