{"id":10183,"date":"2024-05-10T10:24:00","date_gmt":"2024-05-10T13:24:00","guid":{"rendered":"https:\/\/des-tuc.infd.edu.ar\/sitio\/?p=10183"},"modified":"2024-05-10T10:24:02","modified_gmt":"2024-05-10T13:24:02","slug":"mesa-de-trabajo-escuela-de-comercio-gral-san-martin-de-monteros","status":"publish","type":"post","link":"https:\/\/des-tuc.infd.edu.ar\/sitio\/mesa-de-trabajo-escuela-de-comercio-gral-san-martin-de-monteros\/","title":{"rendered":"Mesa de trabajo Escuela de Comercio Gral. San Martin de Monteros"},"content":{"rendered":"\n<p>En el marco de acompa\u00f1amiento pedag\u00f3gico a las instituciones de Nivel Superior, el d\u00eda Jueves 9 de mayo se realizaron 3 mesas de trabajo en la Escuela de Comercio Gral San Martin de Monteros con el prop\u00f3sito de dise\u00f1ar dispositivos de intervenci\u00f3n ante los desaf\u00edos educativos. Participaron de este encuentro el equipo directivo de la instituci\u00f3n, docentes y el equipo Pedag\u00f3gico de la Direcci\u00f3n de Educaci\u00f3n Superior no Universitaria.&nbsp;<\/p>\n\n\n\n<p>Las tem\u00e1ticas abordadas fueron; acompa\u00f1amiento a las trayectorias, laboratorio de pr\u00e1cticas y devoluci\u00f3n del Reglamento Acad\u00e9mico Institucional.<\/p>\n\n\n\n<p>La profesora Sof\u00eda Bejar, en relaci\u00f3n a la jornada de trabajo manifest\u00f3&nbsp;<\/p>\n\n\n\n<p>&nbsp;_\u00bbEste encuentro considero que fue fruct\u00edfero. El laboratorio de las Pr\u00e1cticas Profesionales como dispositivo de encuadre y de intervenci\u00f3n nos interpela y nos invita a fortalecer y potenciar las pr\u00e1cticas en la Formaci\u00f3n Docente Inicial, siendo espacios de intercambios, de socializaci\u00f3n y de puesta en juego de los saberes en pos de mejorar la calidad en los actos pedag\u00f3gicos. Habilitar (nos) a repensar nuestras pr\u00e1cticas, entendiendo el valor de una construcci\u00f3n de acuerdos como un equipo que prioriza las necesidades de formaci\u00f3n en una instituci\u00f3n que se caracteriza por su singularidad, pero a su vez, se construye en un entramado de relaciones vinculares y comunicativas necesarias. Siendo as\u00ed, somos part\u00edcipes de esa re- construcci\u00f3n en constante transformaci\u00f3n.\u201d<\/p>\n\n\n\n<figure class=\"wp-block-gallery has-nested-images columns-default is-cropped wp-block-gallery-1 is-layout-flex\">\n<figure class=\"wp-block-image size-large\"><img decoding=\"async\" loading=\"lazy\" width=\"1600\" height=\"1200\" data-id=\"10187\"  src=\"https:\/\/des-tuc.infd.edu.ar\/sitio\/wp-content\/uploads\/2024\/05\/1000136225.jpg\" alt=\"\" class=\"wp-image-10187\" srcset=\"https:\/\/des-tuc.infd.edu.ar\/sitio\/wp-content\/uploads\/2024\/05\/1000136225.jpg 1600w, https:\/\/des-tuc.infd.edu.ar\/sitio\/wp-content\/uploads\/2024\/05\/1000136225-1000x750.jpg 1000w, https:\/\/des-tuc.infd.edu.ar\/sitio\/wp-content\/uploads\/2024\/05\/1000136225-768x576.jpg 768w, https:\/\/des-tuc.infd.edu.ar\/sitio\/wp-content\/uploads\/2024\/05\/1000136225-1536x1152.jpg 1536w\" sizes=\"(max-width: 1600px) 100vw, 1600px\" \/><\/figure>\n\n\n\n<figure class=\"wp-block-image size-large\"><img decoding=\"async\" loading=\"lazy\" width=\"1600\" height=\"900\" data-id=\"10184\"  src=\"https:\/\/des-tuc.infd.edu.ar\/sitio\/wp-content\/uploads\/2024\/05\/1000136162.jpg\" alt=\"\" class=\"wp-image-10184\" srcset=\"https:\/\/des-tuc.infd.edu.ar\/sitio\/wp-content\/uploads\/2024\/05\/1000136162.jpg 1600w, https:\/\/des-tuc.infd.edu.ar\/sitio\/wp-content\/uploads\/2024\/05\/1000136162-1000x563.jpg 1000w, https:\/\/des-tuc.infd.edu.ar\/sitio\/wp-content\/uploads\/2024\/05\/1000136162-768x432.jpg 768w, https:\/\/des-tuc.infd.edu.ar\/sitio\/wp-content\/uploads\/2024\/05\/1000136162-1536x864.jpg 1536w\" sizes=\"(max-width: 1600px) 100vw, 1600px\" \/><\/figure>\n\n\n\n<figure class=\"wp-block-image size-large\"><img decoding=\"async\" loading=\"lazy\" width=\"1600\" height=\"900\" data-id=\"10185\"  src=\"https:\/\/des-tuc.infd.edu.ar\/sitio\/wp-content\/uploads\/2024\/05\/1000136150.jpg\" alt=\"\" class=\"wp-image-10185\" srcset=\"https:\/\/des-tuc.infd.edu.ar\/sitio\/wp-content\/uploads\/2024\/05\/1000136150.jpg 1600w, https:\/\/des-tuc.infd.edu.ar\/sitio\/wp-content\/uploads\/2024\/05\/1000136150-1000x563.jpg 1000w, https:\/\/des-tuc.infd.edu.ar\/sitio\/wp-content\/uploads\/2024\/05\/1000136150-768x432.jpg 768w, https:\/\/des-tuc.infd.edu.ar\/sitio\/wp-content\/uploads\/2024\/05\/1000136150-1536x864.jpg 1536w\" sizes=\"(max-width: 1600px) 100vw, 1600px\" \/><\/figure>\n\n\n\n<figure class=\"wp-block-image size-large\"><img decoding=\"async\" loading=\"lazy\" width=\"1280\" height=\"960\" data-id=\"10186\"  src=\"https:\/\/des-tuc.infd.edu.ar\/sitio\/wp-content\/uploads\/2024\/05\/1000136242.jpg\" alt=\"\" class=\"wp-image-10186\" srcset=\"https:\/\/des-tuc.infd.edu.ar\/sitio\/wp-content\/uploads\/2024\/05\/1000136242.jpg 1280w, https:\/\/des-tuc.infd.edu.ar\/sitio\/wp-content\/uploads\/2024\/05\/1000136242-1000x750.jpg 1000w, https:\/\/des-tuc.infd.edu.ar\/sitio\/wp-content\/uploads\/2024\/05\/1000136242-768x576.jpg 768w\" sizes=\"(max-width: 1280px) 100vw, 1280px\" \/><\/figure>\n<\/figure>\n","protected":false},"excerpt":{"rendered":"<p>En el marco de acompa\u00f1amiento pedag\u00f3gico a las instituciones de Nivel Superior, el d\u00eda Jueves 9 de mayo se realizaron 3 mesas de trabajo en la Escuela de Comercio Gral San Martin de Monteros con el prop\u00f3sito de dise\u00f1ar dispositivos de intervenci\u00f3n ante los desaf\u00edos educativos. Participaron de este encuentro el equipo directivo de la &#8230; <a title=\"Mesa de trabajo Escuela de Comercio Gral. San Martin de Monteros\" class=\"read-more\" href=\"https:\/\/des-tuc.infd.edu.ar\/sitio\/mesa-de-trabajo-escuela-de-comercio-gral-san-martin-de-monteros\/\" aria-label=\"More on Mesa de trabajo Escuela de Comercio Gral. San Martin de Monteros\">[+]<\/a><\/p>\n","protected":false},"author":543,"featured_media":10186,"comment_status":"closed","ping_status":"closed","sticky":false,"template":"","format":"standard","meta":[],"categories":[7,6],"tags":[],"acf":[],"_links":{"self":[{"href":"https:\/\/des-tuc.infd.edu.ar\/sitio\/wp-json\/wp\/v2\/posts\/10183"}],"collection":[{"href":"https:\/\/des-tuc.infd.edu.ar\/sitio\/wp-json\/wp\/v2\/posts"}],"about":[{"href":"https:\/\/des-tuc.infd.edu.ar\/sitio\/wp-json\/wp\/v2\/types\/post"}],"author":[{"embeddable":true,"href":"https:\/\/des-tuc.infd.edu.ar\/sitio\/wp-json\/wp\/v2\/users\/543"}],"replies":[{"embeddable":true,"href":"https:\/\/des-tuc.infd.edu.ar\/sitio\/wp-json\/wp\/v2\/comments?post=10183"}],"version-history":[{"count":1,"href":"https:\/\/des-tuc.infd.edu.ar\/sitio\/wp-json\/wp\/v2\/posts\/10183\/revisions"}],"predecessor-version":[{"id":10188,"href":"https:\/\/des-tuc.infd.edu.ar\/sitio\/wp-json\/wp\/v2\/posts\/10183\/revisions\/10188"}],"wp:featuredmedia":[{"embeddable":true,"href":"https:\/\/des-tuc.infd.edu.ar\/sitio\/wp-json\/wp\/v2\/media\/10186"}],"wp:attachment":[{"href":"https:\/\/des-tuc.infd.edu.ar\/sitio\/wp-json\/wp\/v2\/media?parent=10183"}],"wp:term":[{"taxonomy":"category","embeddable":true,"href":"https:\/\/des-tuc.infd.edu.ar\/sitio\/wp-json\/wp\/v2\/categories?post=10183"},{"taxonomy":"post_tag","embeddable":true,"href":"https:\/\/des-tuc.infd.edu.ar\/sitio\/wp-json\/wp\/v2\/tags?post=10183"}],"curies":[{"name":"wp","href":"https:\/\/api.w.org\/{rel}","templated":true}]}}