{"id":10160,"date":"2024-05-07T08:54:24","date_gmt":"2024-05-07T11:54:24","guid":{"rendered":"https:\/\/des-tuc.infd.edu.ar\/sitio\/?p=10160"},"modified":"2024-05-15T12:43:34","modified_gmt":"2024-05-15T15:43:34","slug":"estudiantes-de-los-profesorados-de-ingles-de-la-madrid-y-monteros-realizan-jornadas-de-intercambio-con-la-asistente-de-idioma-fulbright","status":"publish","type":"post","link":"https:\/\/des-tuc.infd.edu.ar\/sitio\/estudiantes-de-los-profesorados-de-ingles-de-la-madrid-y-monteros-realizan-jornadas-de-intercambio-con-la-asistente-de-idioma-fulbright\/","title":{"rendered":"Estudiantes de los Profesorados de Ingl\u00e9s de La Madrid y Monteros realizan jornadas de intercambio con la Asistente de Idioma Fulbright."},"content":{"rendered":"\n<p>Los d\u00edas 23 y 30 de abril respectivamente, los Profesorados de Ingl\u00e9s del IES Lamadrid y la Escuela&nbsp;Superior de Comercio Gral. Jos\u00e9 de San Mart\u00ecn de Monteros, recibieron la visita de la Asistente de Idioma Ingl\u00e9s del Programa Fulbright 2024, la Srta. Abigail Gallup, procedente de Illinois EEUU.<\/p>\n\n\n\n<p>En una Jornada Motivacional y de Intercambio cultural, los futuros docentes compartieron una tarde con presentaciones, interacci\u00f3n en la lengua que estudian, y un despliegue de danzas, platos regionales, arte, aspectos informativos sobre la cultura escolar de nuestros institutos de formaci\u00f3n, y rasgos propios de la cultura tucumana-argentina.&nbsp;<\/p>\n\n\n\n<p>Abigail comparti\u00f3 su experiencia como asistente de idioma en el IES Lola Mora y en el IES Aguilares hasta fines de noviembre de 2024; alent\u00f3 a los estudiantes&nbsp;a realizar experiencias de intercambio mediante las becas que coordina y cofinancian nuestros ministerios de educaci\u00f3n y el gobierno argentino con la Comisi\u00f3n Fulbright, el British Council y la Embajada Francesa.&nbsp;<\/p>\n\n\n\n<p>Las experiencias de interculturalidad elevan significativamente la calidad del desempe\u00f1o acad\u00e9mico-profesional, mientras motivan el desarrollo de habilidades interculturales. Estas jornadas promueven la apertura de los j\u00f3venes hacia otras culturas, les recuerda el valor del aprendizaje de una segunda lengua como puerta al crecimiento personal, acad\u00e9mico y profesional.<\/p>\n\n\n\n<p>Cada a\u00f1o luego de las vacaciones de julio, se publican las convocatorias para argentinos docentes\/o estudiantes avanzados de ingl\u00e9s, interesados en las becas para asistentes de idioma; se publican en las p\u00e1ginas de Mi Argentina, en la de los Ministerios de educaci\u00f3n nacional y provincial, y en las p\u00e1ginas de la Comisi\u00f3n Fulbright, British Council y la&nbsp; Embajada Francesa. <\/p>\n\n\n\n<p><\/p>\n\n\n\n<p>IES La Madrid<\/p>\n\n\n\n<figure class=\"wp-block-gallery has-nested-images columns-default is-cropped wp-block-gallery-1 is-layout-flex\">\n<figure class=\"wp-block-image size-large\"><img decoding=\"async\" loading=\"lazy\" width=\"855\" height=\"1900\" data-id=\"10164\"  src=\"https:\/\/des-tuc.infd.edu.ar\/sitio\/wp-content\/uploads\/2024\/05\/20240423_213117-855x1900.jpg\" alt=\"\" class=\"wp-image-10164\" srcset=\"https:\/\/des-tuc.infd.edu.ar\/sitio\/wp-content\/uploads\/2024\/05\/20240423_213117-855x1900.jpg 855w, https:\/\/des-tuc.infd.edu.ar\/sitio\/wp-content\/uploads\/2024\/05\/20240423_213117-450x1000.jpg 450w, https:\/\/des-tuc.infd.edu.ar\/sitio\/wp-content\/uploads\/2024\/05\/20240423_213117-768x1707.jpg 768w, https:\/\/des-tuc.infd.edu.ar\/sitio\/wp-content\/uploads\/2024\/05\/20240423_213117-691x1536.jpg 691w, https:\/\/des-tuc.infd.edu.ar\/sitio\/wp-content\/uploads\/2024\/05\/20240423_213117-922x2048.jpg 922w, https:\/\/des-tuc.infd.edu.ar\/sitio\/wp-content\/uploads\/2024\/05\/20240423_213117-scaled.jpg 1152w\" sizes=\"(max-width: 855px) 100vw, 855px\" \/><\/figure>\n\n\n\n<figure class=\"wp-block-image size-large\"><img decoding=\"async\" loading=\"lazy\" width=\"720\" height=\"1600\" data-id=\"10162\"  src=\"https:\/\/des-tuc.infd.edu.ar\/sitio\/wp-content\/uploads\/2024\/05\/Screenshot_20240505_155140_WhatsApp.jpg\" alt=\"\" class=\"wp-image-10162\" srcset=\"https:\/\/des-tuc.infd.edu.ar\/sitio\/wp-content\/uploads\/2024\/05\/Screenshot_20240505_155140_WhatsApp.jpg 720w, https:\/\/des-tuc.infd.edu.ar\/sitio\/wp-content\/uploads\/2024\/05\/Screenshot_20240505_155140_WhatsApp-450x1000.jpg 450w, https:\/\/des-tuc.infd.edu.ar\/sitio\/wp-content\/uploads\/2024\/05\/Screenshot_20240505_155140_WhatsApp-691x1536.jpg 691w\" sizes=\"(max-width: 720px) 100vw, 720px\" \/><\/figure>\n\n\n\n<figure class=\"wp-block-image size-large\"><img decoding=\"async\" loading=\"lazy\" width=\"960\" height=\"1280\" data-id=\"10161\"  src=\"https:\/\/des-tuc.infd.edu.ar\/sitio\/wp-content\/uploads\/2024\/05\/IMG-20240423-WA00461-1.jpg\" alt=\"\" class=\"wp-image-10161\" srcset=\"https:\/\/des-tuc.infd.edu.ar\/sitio\/wp-content\/uploads\/2024\/05\/IMG-20240423-WA00461-1.jpg 960w, https:\/\/des-tuc.infd.edu.ar\/sitio\/wp-content\/uploads\/2024\/05\/IMG-20240423-WA00461-1-750x1000.jpg 750w, https:\/\/des-tuc.infd.edu.ar\/sitio\/wp-content\/uploads\/2024\/05\/IMG-20240423-WA00461-1-768x1024.jpg 768w\" sizes=\"(max-width: 960px) 100vw, 960px\" \/><\/figure>\n\n\n\n<figure class=\"wp-block-image size-large\"><img decoding=\"async\" loading=\"lazy\" width=\"1280\" height=\"960\" data-id=\"10163\"  src=\"https:\/\/des-tuc.infd.edu.ar\/sitio\/wp-content\/uploads\/2024\/05\/IMG-20240423-WA0062.jpg\" alt=\"\" class=\"wp-image-10163\" srcset=\"https:\/\/des-tuc.infd.edu.ar\/sitio\/wp-content\/uploads\/2024\/05\/IMG-20240423-WA0062.jpg 1280w, https:\/\/des-tuc.infd.edu.ar\/sitio\/wp-content\/uploads\/2024\/05\/IMG-20240423-WA0062-1000x750.jpg 1000w, https:\/\/des-tuc.infd.edu.ar\/sitio\/wp-content\/uploads\/2024\/05\/IMG-20240423-WA0062-768x576.jpg 768w\" sizes=\"(max-width: 1280px) 100vw, 1280px\" \/><\/figure>\n<\/figure>\n\n\n\n<p><span style=\"color: rgb(36, 36, 36); font-family: &quot;Segoe UI&quot;, &quot;Segoe UI Web (West European)&quot;, &quot;Segoe UI&quot;, -apple-system, BlinkMacSystemFont, Roboto, &quot;Helvetica Neue&quot;, sans-serif; font-size: 15px; white-space-collapse: collapse;\">Esc. Sup. de Comercio Gral San Mart\u00edn Monteros<\/span>.<\/p>\n\n\n\n<figure class=\"wp-block-gallery has-nested-images columns-default is-cropped wp-block-gallery-3 is-layout-flex\">\n<figure class=\"wp-block-image size-large\"><img decoding=\"async\" loading=\"lazy\" width=\"720\" height=\"1600\" data-id=\"10165\"  src=\"https:\/\/des-tuc.infd.edu.ar\/sitio\/wp-content\/uploads\/2024\/05\/Screenshot_20240505_154028_WhatsApp-1.jpg\" alt=\"\" class=\"wp-image-10165\" srcset=\"https:\/\/des-tuc.infd.edu.ar\/sitio\/wp-content\/uploads\/2024\/05\/Screenshot_20240505_154028_WhatsApp-1.jpg 720w, https:\/\/des-tuc.infd.edu.ar\/sitio\/wp-content\/uploads\/2024\/05\/Screenshot_20240505_154028_WhatsApp-1-450x1000.jpg 450w, https:\/\/des-tuc.infd.edu.ar\/sitio\/wp-content\/uploads\/2024\/05\/Screenshot_20240505_154028_WhatsApp-1-691x1536.jpg 691w\" sizes=\"(max-width: 720px) 100vw, 720px\" \/><\/figure>\n\n\n\n<figure class=\"wp-block-image size-large\"><img decoding=\"async\" loading=\"lazy\" width=\"1600\" height=\"1200\" data-id=\"10166\"  src=\"https:\/\/des-tuc.infd.edu.ar\/sitio\/wp-content\/uploads\/2024\/05\/IMG-20240430-WA00921.jpg\" alt=\"\" class=\"wp-image-10166\" srcset=\"https:\/\/des-tuc.infd.edu.ar\/sitio\/wp-content\/uploads\/2024\/05\/IMG-20240430-WA00921.jpg 1600w, https:\/\/des-tuc.infd.edu.ar\/sitio\/wp-content\/uploads\/2024\/05\/IMG-20240430-WA00921-1000x750.jpg 1000w, https:\/\/des-tuc.infd.edu.ar\/sitio\/wp-content\/uploads\/2024\/05\/IMG-20240430-WA00921-768x576.jpg 768w, https:\/\/des-tuc.infd.edu.ar\/sitio\/wp-content\/uploads\/2024\/05\/IMG-20240430-WA00921-1536x1152.jpg 1536w\" sizes=\"(max-width: 1600px) 100vw, 1600px\" \/><\/figure>\n\n\n\n<figure class=\"wp-block-image size-large\"><img decoding=\"async\" loading=\"lazy\" width=\"720\" height=\"1600\" data-id=\"10167\"  src=\"https:\/\/des-tuc.infd.edu.ar\/sitio\/wp-content\/uploads\/2024\/05\/Screenshot_20240505_154028_WhatsApp.jpg\" alt=\"\" class=\"wp-image-10167\" srcset=\"https:\/\/des-tuc.infd.edu.ar\/sitio\/wp-content\/uploads\/2024\/05\/Screenshot_20240505_154028_WhatsApp.jpg 720w, https:\/\/des-tuc.infd.edu.ar\/sitio\/wp-content\/uploads\/2024\/05\/Screenshot_20240505_154028_WhatsApp-450x1000.jpg 450w, https:\/\/des-tuc.infd.edu.ar\/sitio\/wp-content\/uploads\/2024\/05\/Screenshot_20240505_154028_WhatsApp-691x1536.jpg 691w\" sizes=\"(max-width: 720px) 100vw, 720px\" \/><\/figure>\n\n\n\n<figure class=\"wp-block-image size-large\"><img decoding=\"async\" loading=\"lazy\" width=\"1900\" height=\"1425\" data-id=\"10168\"  src=\"https:\/\/des-tuc.infd.edu.ar\/sitio\/wp-content\/uploads\/2024\/05\/IMG-20240430-WA00931-1900x1425.jpg\" alt=\"\" class=\"wp-image-10168\" srcset=\"https:\/\/des-tuc.infd.edu.ar\/sitio\/wp-content\/uploads\/2024\/05\/IMG-20240430-WA00931-1900x1425.jpg 1900w, https:\/\/des-tuc.infd.edu.ar\/sitio\/wp-content\/uploads\/2024\/05\/IMG-20240430-WA00931-1000x750.jpg 1000w, https:\/\/des-tuc.infd.edu.ar\/sitio\/wp-content\/uploads\/2024\/05\/IMG-20240430-WA00931-768x576.jpg 768w, https:\/\/des-tuc.infd.edu.ar\/sitio\/wp-content\/uploads\/2024\/05\/IMG-20240430-WA00931-1536x1152.jpg 1536w, https:\/\/des-tuc.infd.edu.ar\/sitio\/wp-content\/uploads\/2024\/05\/IMG-20240430-WA00931.jpg 2048w\" sizes=\"(max-width: 1900px) 100vw, 1900px\" \/><\/figure>\n<\/figure>\n","protected":false},"excerpt":{"rendered":"<p>Los d\u00edas 23 y 30 de abril respectivamente, los Profesorados de Ingl\u00e9s del IES Lamadrid y la Escuela&nbsp;Superior de Comercio Gral. Jos\u00e9 de San Mart\u00ecn de Monteros, recibieron la visita de la Asistente de Idioma Ingl\u00e9s del Programa Fulbright 2024, la Srta. Abigail Gallup, procedente de Illinois EEUU. En una Jornada Motivacional y de Intercambio &#8230; <a title=\"Estudiantes de los Profesorados de Ingl\u00e9s de La Madrid y Monteros realizan jornadas de intercambio con la Asistente de Idioma Fulbright.\" class=\"read-more\" href=\"https:\/\/des-tuc.infd.edu.ar\/sitio\/estudiantes-de-los-profesorados-de-ingles-de-la-madrid-y-monteros-realizan-jornadas-de-intercambio-con-la-asistente-de-idioma-fulbright\/\" aria-label=\"More on Estudiantes de los Profesorados de Ingl\u00e9s de La Madrid y Monteros realizan jornadas de intercambio con la Asistente de Idioma Fulbright.\">[+]<\/a><\/p>\n","protected":false},"author":543,"featured_media":10212,"comment_status":"closed","ping_status":"closed","sticky":false,"template":"","format":"standard","meta":[],"categories":[7,6],"tags":[],"acf":[],"_links":{"self":[{"href":"https:\/\/des-tuc.infd.edu.ar\/sitio\/wp-json\/wp\/v2\/posts\/10160"}],"collection":[{"href":"https:\/\/des-tuc.infd.edu.ar\/sitio\/wp-json\/wp\/v2\/posts"}],"about":[{"href":"https:\/\/des-tuc.infd.edu.ar\/sitio\/wp-json\/wp\/v2\/types\/post"}],"author":[{"embeddable":true,"href":"https:\/\/des-tuc.infd.edu.ar\/sitio\/wp-json\/wp\/v2\/users\/543"}],"replies":[{"embeddable":true,"href":"https:\/\/des-tuc.infd.edu.ar\/sitio\/wp-json\/wp\/v2\/comments?post=10160"}],"version-history":[{"count":2,"href":"https:\/\/des-tuc.infd.edu.ar\/sitio\/wp-json\/wp\/v2\/posts\/10160\/revisions"}],"predecessor-version":[{"id":10214,"href":"https:\/\/des-tuc.infd.edu.ar\/sitio\/wp-json\/wp\/v2\/posts\/10160\/revisions\/10214"}],"wp:featuredmedia":[{"embeddable":true,"href":"https:\/\/des-tuc.infd.edu.ar\/sitio\/wp-json\/wp\/v2\/media\/10212"}],"wp:attachment":[{"href":"https:\/\/des-tuc.infd.edu.ar\/sitio\/wp-json\/wp\/v2\/media?parent=10160"}],"wp:term":[{"taxonomy":"category","embeddable":true,"href":"https:\/\/des-tuc.infd.edu.ar\/sitio\/wp-json\/wp\/v2\/categories?post=10160"},{"taxonomy":"post_tag","embeddable":true,"href":"https:\/\/des-tuc.infd.edu.ar\/sitio\/wp-json\/wp\/v2\/tags?post=10160"}],"curies":[{"name":"wp","href":"https:\/\/api.w.org\/{rel}","templated":true}]}}