{"id":10111,"date":"2024-05-02T10:21:19","date_gmt":"2024-05-02T13:21:19","guid":{"rendered":"https:\/\/des-tuc.infd.edu.ar\/sitio\/?p=10111"},"modified":"2024-05-02T10:21:40","modified_gmt":"2024-05-02T13:21:40","slug":"reunion-de-la-direccion-de-educacion-superior-no-universitaria-con-la-directora-de-letras-del-ente-de-cultura-de-tucuman","status":"publish","type":"post","link":"https:\/\/des-tuc.infd.edu.ar\/sitio\/reunion-de-la-direccion-de-educacion-superior-no-universitaria-con-la-directora-de-letras-del-ente-de-cultura-de-tucuman\/","title":{"rendered":"REUNI\u00d3N DE LA DIRECCI\u00d3N DE EDUCACI\u00d3N SUPERIOR NO UNIVERSITARIA CON LA DIRECTORA DE LETRAS DEL ENTE DE CULTURA DE TUCUM\u00c1N."},"content":{"rendered":"\n<p>El d\u00eda lunes 29 de abril a las 15:00 hs se llev\u00f3 a cabo en las instalaciones del CIIDEPT una reuni\u00f3n de trabajo entre la Directora de Educaci\u00f3n Superior No Universitaria, Prof. Silvina Fern\u00e1ndez y la Directora de Letras del Ente de Cultura de Tucum\u00e1n, Dra. Liliana Massara, con el prop\u00f3sito de coordinar y articular acciones entre ambas direcciones. Se establecieron acuerdos para fortalecer la participaci\u00f3n de los estudiantes y docentes de nivel superior no universitario en las distintas propuestas organizadas por la Direcci\u00f3n de Letras del Ente de Cultura de Tucum\u00e1n. Pr\u00f3ximamente, se realizar\u00e1 el 20\u00b0 Mayo de las Letras y se planificaron acciones para desarrollar durante todo el ciclo lectivo 2024. El Mayo de las Letras (desde el 16 al 23 de mayo) contar\u00e1 con la presencia de las escritoras Alejandra Kamiya y Mar\u00eda Rosa Lojo y con una nutrida agenda de talleres, encuentros con escritores y escritoras de Tucum\u00e1n y el NOA, espect\u00e1culos de teatro le\u00eddo, entre muchas otras. Simult\u00e1neamente se desarrollar\u00e1 la Feria Regional del libro, que contar\u00e1 con la participaci\u00f3n de numerosas editoriales.<\/p>\n\n\n\n<p>Adem\u00e1s, entre el 6 y el 10 de mayo, se realizar\u00e1 el 17\u00b0 Mayito de las Letras, destinado a los ni\u00f1os, ni\u00f1as y adolescentes de nuestra provincia.<\/p>\n\n\n\n<p>Todas las actividades, que son gratuitas, se desarrollar\u00e1n en los espacios del Ente Cultural de la Provincia, en San Martin 251, San Miguel de Tucum\u00e1n.<\/p>\n\n\n\n<p><\/p>\n\n\n\n<figure class=\"wp-block-gallery has-nested-images columns-default is-cropped wp-block-gallery-1 is-layout-flex\">\n<figure class=\"wp-block-image size-large\"><img decoding=\"async\" loading=\"lazy\" width=\"1600\" height=\"1200\" data-id=\"10112\"  src=\"https:\/\/des-tuc.infd.edu.ar\/sitio\/wp-content\/uploads\/2024\/05\/WhatsApp-Image-2024-05-02-at-02.52.29.jpeg\" alt=\"\" class=\"wp-image-10112\" srcset=\"https:\/\/des-tuc.infd.edu.ar\/sitio\/wp-content\/uploads\/2024\/05\/WhatsApp-Image-2024-05-02-at-02.52.29.jpeg 1600w, https:\/\/des-tuc.infd.edu.ar\/sitio\/wp-content\/uploads\/2024\/05\/WhatsApp-Image-2024-05-02-at-02.52.29-1000x750.jpeg 1000w, https:\/\/des-tuc.infd.edu.ar\/sitio\/wp-content\/uploads\/2024\/05\/WhatsApp-Image-2024-05-02-at-02.52.29-768x576.jpeg 768w, https:\/\/des-tuc.infd.edu.ar\/sitio\/wp-content\/uploads\/2024\/05\/WhatsApp-Image-2024-05-02-at-02.52.29-1536x1152.jpeg 1536w\" sizes=\"(max-width: 1600px) 100vw, 1600px\" \/><\/figure>\n\n\n\n<figure class=\"wp-block-image size-large\"><img decoding=\"async\" loading=\"lazy\" width=\"1600\" height=\"1200\" data-id=\"10113\"  src=\"https:\/\/des-tuc.infd.edu.ar\/sitio\/wp-content\/uploads\/2024\/05\/WhatsApp-Image-2024-05-02-at-02.52.30.jpeg\" alt=\"\" class=\"wp-image-10113\" srcset=\"https:\/\/des-tuc.infd.edu.ar\/sitio\/wp-content\/uploads\/2024\/05\/WhatsApp-Image-2024-05-02-at-02.52.30.jpeg 1600w, https:\/\/des-tuc.infd.edu.ar\/sitio\/wp-content\/uploads\/2024\/05\/WhatsApp-Image-2024-05-02-at-02.52.30-1000x750.jpeg 1000w, https:\/\/des-tuc.infd.edu.ar\/sitio\/wp-content\/uploads\/2024\/05\/WhatsApp-Image-2024-05-02-at-02.52.30-768x576.jpeg 768w, https:\/\/des-tuc.infd.edu.ar\/sitio\/wp-content\/uploads\/2024\/05\/WhatsApp-Image-2024-05-02-at-02.52.30-1536x1152.jpeg 1536w\" sizes=\"(max-width: 1600px) 100vw, 1600px\" \/><\/figure>\n<\/figure>\n","protected":false},"excerpt":{"rendered":"<p>El d\u00eda lunes 29 de abril a las 15:00 hs se llev\u00f3 a cabo en las instalaciones del CIIDEPT una reuni\u00f3n de trabajo entre la Directora de Educaci\u00f3n Superior No Universitaria, Prof. Silvina Fern\u00e1ndez y la Directora de Letras del Ente de Cultura de Tucum\u00e1n, Dra. Liliana Massara, con el prop\u00f3sito de coordinar y articular &#8230; <a title=\"REUNI\u00d3N DE LA DIRECCI\u00d3N DE EDUCACI\u00d3N SUPERIOR NO UNIVERSITARIA CON LA DIRECTORA DE LETRAS DEL ENTE DE CULTURA DE TUCUM\u00c1N.\" class=\"read-more\" href=\"https:\/\/des-tuc.infd.edu.ar\/sitio\/reunion-de-la-direccion-de-educacion-superior-no-universitaria-con-la-directora-de-letras-del-ente-de-cultura-de-tucuman\/\" aria-label=\"More on REUNI\u00d3N DE LA DIRECCI\u00d3N DE EDUCACI\u00d3N SUPERIOR NO UNIVERSITARIA CON LA DIRECTORA DE LETRAS DEL ENTE DE CULTURA DE TUCUM\u00c1N.\">[+]<\/a><\/p>\n","protected":false},"author":543,"featured_media":10112,"comment_status":"closed","ping_status":"closed","sticky":false,"template":"","format":"standard","meta":[],"categories":[7,6],"tags":[],"acf":[],"_links":{"self":[{"href":"https:\/\/des-tuc.infd.edu.ar\/sitio\/wp-json\/wp\/v2\/posts\/10111"}],"collection":[{"href":"https:\/\/des-tuc.infd.edu.ar\/sitio\/wp-json\/wp\/v2\/posts"}],"about":[{"href":"https:\/\/des-tuc.infd.edu.ar\/sitio\/wp-json\/wp\/v2\/types\/post"}],"author":[{"embeddable":true,"href":"https:\/\/des-tuc.infd.edu.ar\/sitio\/wp-json\/wp\/v2\/users\/543"}],"replies":[{"embeddable":true,"href":"https:\/\/des-tuc.infd.edu.ar\/sitio\/wp-json\/wp\/v2\/comments?post=10111"}],"version-history":[{"count":1,"href":"https:\/\/des-tuc.infd.edu.ar\/sitio\/wp-json\/wp\/v2\/posts\/10111\/revisions"}],"predecessor-version":[{"id":10114,"href":"https:\/\/des-tuc.infd.edu.ar\/sitio\/wp-json\/wp\/v2\/posts\/10111\/revisions\/10114"}],"wp:featuredmedia":[{"embeddable":true,"href":"https:\/\/des-tuc.infd.edu.ar\/sitio\/wp-json\/wp\/v2\/media\/10112"}],"wp:attachment":[{"href":"https:\/\/des-tuc.infd.edu.ar\/sitio\/wp-json\/wp\/v2\/media?parent=10111"}],"wp:term":[{"taxonomy":"category","embeddable":true,"href":"https:\/\/des-tuc.infd.edu.ar\/sitio\/wp-json\/wp\/v2\/categories?post=10111"},{"taxonomy":"post_tag","embeddable":true,"href":"https:\/\/des-tuc.infd.edu.ar\/sitio\/wp-json\/wp\/v2\/tags?post=10111"}],"curies":[{"name":"wp","href":"https:\/\/api.w.org\/{rel}","templated":true}]}}