{"id":10106,"date":"2024-05-02T10:09:02","date_gmt":"2024-05-02T13:09:02","guid":{"rendered":"https:\/\/des-tuc.infd.edu.ar\/sitio\/?p=10106"},"modified":"2024-05-15T12:45:16","modified_gmt":"2024-05-15T15:45:16","slug":"jornada-derechos-economicos-sociales-culturales-y-ambientales-de-ninos-ninas-y-adolescentes-ies-la-cocha","status":"publish","type":"post","link":"https:\/\/des-tuc.infd.edu.ar\/sitio\/jornada-derechos-economicos-sociales-culturales-y-ambientales-de-ninos-ninas-y-adolescentes-ies-la-cocha\/","title":{"rendered":"JORNADA: \u201cDERECHOS ECON\u00d3MICOS, SOCIALES, CULTURALES Y AMBIENTALES DE NI\u00d1OS, NI\u00d1AS Y ADOLESCENTES\u201d &#8211; IES LA COCHA"},"content":{"rendered":"\n<p>En la tarde del jueves 25 de abril de 2024 en las instalaciones del Centro Cultural General San Mart\u00edn, en el marco de las actividades organizadas por el Laboratorio de Pr\u00e1ctica Profesional Docente del IES La Cocha, se llev\u00f3 a cabo en horarios de 16:00 a 18:30 horas la Jornada sobre \u201cDerechos econ\u00f3micos, sociales, culturales y ambientales de ni\u00f1os, ni\u00f1as y adolescentes\u201d. Las disertaciones estuvieron a cargo de la <strong>Dra. Ana Carolina Cano<\/strong>, Jueza de la C\u00e1mara de Apelaciones en lo Civil en Documentos y Locaciones, Familia y Sucesiones del Centro Judicial Concepci\u00f3n y Docente de la Universidad del Norte Santo Tom\u00e1s de Aquino-CUC- y de la <strong>Dra. Mar\u00eda Jos\u00e9 Fern\u00e1ndez<\/strong> \u2013Abogada del Ni\u00f1o, mediadora y miembro fundadora de la comisi\u00f3n de los derechos del NNyA del Colegio de abogados del Sur.<\/p>\n\n\n\n<p>Esta jornada organizada por el IES La Cocha, Red \u201cCont\u00e1 Conmigo\u201d, UNSTA-CUC, Colegio de Abogados del Sur, Municipalidad de La Cocha (Direcci\u00f3n de Cultura &#8211; Secretaria de Relaciones Interinstitucionales) y FM IES 89.1, tuvo como finalidad visibilizar a los ni\u00f1os y adolescentes como Sujeto de Derechos, analizar el rol docente como agente del Estado y evidenciar un trabajo en equipo que enlaza objetivos y log\u00edsticas con diferentes actores territoriales. &nbsp;Contamos, adem\u00e1s, con la cobertura period\u00edstica de FM Eco Sur.<\/p>\n\n\n\n<p>El evento convoc\u00f3 a 450 personas aproximadamente, superando ampliamente las expectativas de los organizadores, entre ellos asistieron estudiantes del Nivel Superior, Nivel Secundario, profesores, autoridades locales y miembros de la comunidad.<\/p>\n\n\n\n<p><\/p>\n\n\n\n<figure class=\"wp-block-gallery has-nested-images columns-default is-cropped wp-block-gallery-1 is-layout-flex\">\n<figure class=\"wp-block-image size-large\"><img decoding=\"async\" loading=\"lazy\" width=\"1242\" height=\"1261\" data-id=\"10107\"  src=\"https:\/\/des-tuc.infd.edu.ar\/sitio\/wp-content\/uploads\/2024\/05\/1000130242.jpg\" alt=\"\" class=\"wp-image-10107\" srcset=\"https:\/\/des-tuc.infd.edu.ar\/sitio\/wp-content\/uploads\/2024\/05\/1000130242.jpg 1242w, https:\/\/des-tuc.infd.edu.ar\/sitio\/wp-content\/uploads\/2024\/05\/1000130242-985x1000.jpg 985w, https:\/\/des-tuc.infd.edu.ar\/sitio\/wp-content\/uploads\/2024\/05\/1000130242-768x780.jpg 768w\" sizes=\"(max-width: 1242px) 100vw, 1242px\" \/><\/figure>\n\n\n\n<figure class=\"wp-block-image size-large\"><img decoding=\"async\" loading=\"lazy\" width=\"960\" height=\"1280\" data-id=\"10108\"  src=\"https:\/\/des-tuc.infd.edu.ar\/sitio\/wp-content\/uploads\/2024\/05\/1000130233.jpg\" alt=\"\" class=\"wp-image-10108\" srcset=\"https:\/\/des-tuc.infd.edu.ar\/sitio\/wp-content\/uploads\/2024\/05\/1000130233.jpg 960w, https:\/\/des-tuc.infd.edu.ar\/sitio\/wp-content\/uploads\/2024\/05\/1000130233-750x1000.jpg 750w, https:\/\/des-tuc.infd.edu.ar\/sitio\/wp-content\/uploads\/2024\/05\/1000130233-768x1024.jpg 768w\" sizes=\"(max-width: 960px) 100vw, 960px\" \/><\/figure>\n\n\n\n<figure class=\"wp-block-image size-large\"><img decoding=\"async\" loading=\"lazy\" width=\"1242\" height=\"1260\" data-id=\"10109\"  src=\"https:\/\/des-tuc.infd.edu.ar\/sitio\/wp-content\/uploads\/2024\/05\/1000130266.jpg\" alt=\"\" class=\"wp-image-10109\" srcset=\"https:\/\/des-tuc.infd.edu.ar\/sitio\/wp-content\/uploads\/2024\/05\/1000130266.jpg 1242w, https:\/\/des-tuc.infd.edu.ar\/sitio\/wp-content\/uploads\/2024\/05\/1000130266-986x1000.jpg 986w, https:\/\/des-tuc.infd.edu.ar\/sitio\/wp-content\/uploads\/2024\/05\/1000130266-768x779.jpg 768w\" sizes=\"(max-width: 1242px) 100vw, 1242px\" \/><\/figure>\n<\/figure>\n","protected":false},"excerpt":{"rendered":"<p>En la tarde del jueves 25 de abril de 2024 en las instalaciones del Centro Cultural General San Mart\u00edn, en el marco de las actividades organizadas por el Laboratorio de Pr\u00e1ctica Profesional Docente del IES La Cocha, se llev\u00f3 a cabo en horarios de 16:00 a 18:30 horas la Jornada sobre \u201cDerechos econ\u00f3micos, sociales, culturales &#8230; <a title=\"JORNADA: \u201cDERECHOS ECON\u00d3MICOS, SOCIALES, CULTURALES Y AMBIENTALES DE NI\u00d1OS, NI\u00d1AS Y ADOLESCENTES\u201d &#8211; IES LA COCHA\" class=\"read-more\" href=\"https:\/\/des-tuc.infd.edu.ar\/sitio\/jornada-derechos-economicos-sociales-culturales-y-ambientales-de-ninos-ninas-y-adolescentes-ies-la-cocha\/\" aria-label=\"More on JORNADA: \u201cDERECHOS ECON\u00d3MICOS, SOCIALES, CULTURALES Y AMBIENTALES DE NI\u00d1OS, NI\u00d1AS Y ADOLESCENTES\u201d &#8211; IES LA COCHA\">[+]<\/a><\/p>\n","protected":false},"author":543,"featured_media":10215,"comment_status":"closed","ping_status":"closed","sticky":false,"template":"","format":"standard","meta":[],"categories":[7,6],"tags":[],"acf":[],"_links":{"self":[{"href":"https:\/\/des-tuc.infd.edu.ar\/sitio\/wp-json\/wp\/v2\/posts\/10106"}],"collection":[{"href":"https:\/\/des-tuc.infd.edu.ar\/sitio\/wp-json\/wp\/v2\/posts"}],"about":[{"href":"https:\/\/des-tuc.infd.edu.ar\/sitio\/wp-json\/wp\/v2\/types\/post"}],"author":[{"embeddable":true,"href":"https:\/\/des-tuc.infd.edu.ar\/sitio\/wp-json\/wp\/v2\/users\/543"}],"replies":[{"embeddable":true,"href":"https:\/\/des-tuc.infd.edu.ar\/sitio\/wp-json\/wp\/v2\/comments?post=10106"}],"version-history":[{"count":1,"href":"https:\/\/des-tuc.infd.edu.ar\/sitio\/wp-json\/wp\/v2\/posts\/10106\/revisions"}],"predecessor-version":[{"id":10110,"href":"https:\/\/des-tuc.infd.edu.ar\/sitio\/wp-json\/wp\/v2\/posts\/10106\/revisions\/10110"}],"wp:featuredmedia":[{"embeddable":true,"href":"https:\/\/des-tuc.infd.edu.ar\/sitio\/wp-json\/wp\/v2\/media\/10215"}],"wp:attachment":[{"href":"https:\/\/des-tuc.infd.edu.ar\/sitio\/wp-json\/wp\/v2\/media?parent=10106"}],"wp:term":[{"taxonomy":"category","embeddable":true,"href":"https:\/\/des-tuc.infd.edu.ar\/sitio\/wp-json\/wp\/v2\/categories?post=10106"},{"taxonomy":"post_tag","embeddable":true,"href":"https:\/\/des-tuc.infd.edu.ar\/sitio\/wp-json\/wp\/v2\/tags?post=10106"}],"curies":[{"name":"wp","href":"https:\/\/api.w.org\/{rel}","templated":true}]}}