{"id":10044,"date":"2024-04-23T09:52:46","date_gmt":"2024-04-23T12:52:46","guid":{"rendered":"https:\/\/des-tuc.infd.edu.ar\/sitio\/?p=10044"},"modified":"2024-04-23T09:52:47","modified_gmt":"2024-04-23T12:52:47","slug":"visita-al-ies-concepcion-extension-aulica-la-trinidad","status":"publish","type":"post","link":"https:\/\/des-tuc.infd.edu.ar\/sitio\/visita-al-ies-concepcion-extension-aulica-la-trinidad\/","title":{"rendered":"VISITA AL IES CONCEPCION- Extensi\u00f3n \u00c1ulica la Trinidad"},"content":{"rendered":"\n<p>El pasado viernes 12 de abril la Directora de Educaci\u00f3n Superior No Universitaria <strong>Prof. Silvina Fern\u00e1ndez<\/strong>, acompa\u00f1ada por el Equipo de Tecnicaturas de Nivel Superior, visitaron las instalaciones del IES CONCEPCION- Extensi\u00f3n \u00c1ulica la Trinidad, con el prop\u00f3sito de acompa\u00f1ar la implementaci\u00f3n de la Tecnicatura Superior\u00a0en Desarrollo de Software , tanto desde las trayectorias de los estudiantes como\u00a0 tambi\u00e9n garantizando los entornos formativos que regulan las normativas vigentes tanto nacionales como provinciales.<\/p>\n\n\n\n<p>En dicho encuentro se hicieron presentes autoridades, docentes y estudiantes que cursan la carrera: \u201d<em>Tecnicatura Superior en Desarrollo de Software<\/em>\u201c en dicha extensi\u00f3n \u00e1ulica.<\/p>\n\n\n\n<p>Los verdaderos protagonistas se hicieron sentir expresando sus necesidades y destacando la importancia que representa para ellos el acompa\u00f1amiento del Ministerio de Educaci\u00f3n de la provincia de Tucum\u00e1n, articulando acciones con dirigentes comunales de la Trinidad, como el lanzamiento y la continuidad de propuestas inclusivas que propician ingreso, permanencia y terminalidad de carreras con r\u00e1pida salida laboral en el marco de las pol\u00edticas p\u00fablicas. Asimismo, los estudiantes argumentaron que muchos de ellos viajan entre una hora o m\u00e1s para poder acceder a cursar la carrera y obtener su t\u00edtulo como una gran necesidad en los j\u00f3venes de esa comunidad. Muchos de ellos dejan sus&nbsp;&nbsp; hijos al cuidado de sus familias a fin de poder concretar&nbsp;&nbsp; sus sue\u00f1os.<\/p>\n\n\n\n<p><strong>Seg\u00fan lo acordado con la Directora de Educaci\u00f3n Superior Prof. Silvina Fern\u00e1ndez y las autoridades institucionales, se destaca que se est\u00e1 llevando a cabo la instalaci\u00f3n del \u201claboratorio de inform\u00e1tica\u201d en la\u00a0 Escuela Primaria Constituci\u00f3n de la Trinidad, donde se dicta el\u00a0 primer y segundo a\u00f1o la carrera.<\/strong><\/p>\n\n\n\n<p>Por otra parte, la Directora de Nivel Superior agradece a las autoridades de la Escuela Constituci\u00f3n de la Trinidad por la predisposici\u00f3n para el trabajo conjunto.<\/p>\n\n\n\n<figure class=\"wp-block-gallery has-nested-images columns-default is-cropped wp-block-gallery-1 is-layout-flex\">\n<figure class=\"wp-block-image size-large\"><img decoding=\"async\" loading=\"lazy\" width=\"1280\" height=\"720\" data-id=\"10047\"  src=\"https:\/\/des-tuc.infd.edu.ar\/sitio\/wp-content\/uploads\/2024\/04\/WhatsApp-Image-2024-04-22-at-15.00.31-1.jpeg\" alt=\"\" class=\"wp-image-10047\" srcset=\"https:\/\/des-tuc.infd.edu.ar\/sitio\/wp-content\/uploads\/2024\/04\/WhatsApp-Image-2024-04-22-at-15.00.31-1.jpeg 1280w, https:\/\/des-tuc.infd.edu.ar\/sitio\/wp-content\/uploads\/2024\/04\/WhatsApp-Image-2024-04-22-at-15.00.31-1-1000x563.jpeg 1000w, https:\/\/des-tuc.infd.edu.ar\/sitio\/wp-content\/uploads\/2024\/04\/WhatsApp-Image-2024-04-22-at-15.00.31-1-768x432.jpeg 768w\" sizes=\"(max-width: 1280px) 100vw, 1280px\" \/><\/figure>\n\n\n\n<figure class=\"wp-block-image size-large\"><img decoding=\"async\" loading=\"lazy\" width=\"1280\" height=\"720\" data-id=\"10050\"  src=\"https:\/\/des-tuc.infd.edu.ar\/sitio\/wp-content\/uploads\/2024\/04\/WhatsApp-Image-2024-04-22-at-15.00.30-2.jpeg\" alt=\"\" class=\"wp-image-10050\" srcset=\"https:\/\/des-tuc.infd.edu.ar\/sitio\/wp-content\/uploads\/2024\/04\/WhatsApp-Image-2024-04-22-at-15.00.30-2.jpeg 1280w, https:\/\/des-tuc.infd.edu.ar\/sitio\/wp-content\/uploads\/2024\/04\/WhatsApp-Image-2024-04-22-at-15.00.30-2-1000x563.jpeg 1000w, https:\/\/des-tuc.infd.edu.ar\/sitio\/wp-content\/uploads\/2024\/04\/WhatsApp-Image-2024-04-22-at-15.00.30-2-768x432.jpeg 768w\" sizes=\"(max-width: 1280px) 100vw, 1280px\" \/><\/figure>\n\n\n\n<figure class=\"wp-block-image size-large\"><img decoding=\"async\" loading=\"lazy\" width=\"960\" height=\"1280\" data-id=\"10051\"  src=\"https:\/\/des-tuc.infd.edu.ar\/sitio\/wp-content\/uploads\/2024\/04\/WhatsApp-Image-2024-04-22-at-15.00.30-1.jpeg\" alt=\"\" class=\"wp-image-10051\" srcset=\"https:\/\/des-tuc.infd.edu.ar\/sitio\/wp-content\/uploads\/2024\/04\/WhatsApp-Image-2024-04-22-at-15.00.30-1.jpeg 960w, https:\/\/des-tuc.infd.edu.ar\/sitio\/wp-content\/uploads\/2024\/04\/WhatsApp-Image-2024-04-22-at-15.00.30-1-750x1000.jpeg 750w, https:\/\/des-tuc.infd.edu.ar\/sitio\/wp-content\/uploads\/2024\/04\/WhatsApp-Image-2024-04-22-at-15.00.30-1-768x1024.jpeg 768w\" sizes=\"(max-width: 960px) 100vw, 960px\" \/><\/figure>\n\n\n\n<figure class=\"wp-block-image size-large\"><img decoding=\"async\" loading=\"lazy\" width=\"1280\" height=\"720\" data-id=\"10052\"  src=\"https:\/\/des-tuc.infd.edu.ar\/sitio\/wp-content\/uploads\/2024\/04\/WhatsApp-Image-2024-04-22-at-15.00.29-1.jpeg\" alt=\"\" class=\"wp-image-10052\" srcset=\"https:\/\/des-tuc.infd.edu.ar\/sitio\/wp-content\/uploads\/2024\/04\/WhatsApp-Image-2024-04-22-at-15.00.29-1.jpeg 1280w, https:\/\/des-tuc.infd.edu.ar\/sitio\/wp-content\/uploads\/2024\/04\/WhatsApp-Image-2024-04-22-at-15.00.29-1-1000x563.jpeg 1000w, https:\/\/des-tuc.infd.edu.ar\/sitio\/wp-content\/uploads\/2024\/04\/WhatsApp-Image-2024-04-22-at-15.00.29-1-768x432.jpeg 768w\" sizes=\"(max-width: 1280px) 100vw, 1280px\" \/><\/figure>\n\n\n\n<figure class=\"wp-block-image size-large\"><img decoding=\"async\" loading=\"lazy\" width=\"1280\" height=\"720\" data-id=\"10056\"  src=\"https:\/\/des-tuc.infd.edu.ar\/sitio\/wp-content\/uploads\/2024\/04\/WhatsApp-Image-2024-04-22-at-15.00.29.jpeg\" alt=\"\" class=\"wp-image-10056\" srcset=\"https:\/\/des-tuc.infd.edu.ar\/sitio\/wp-content\/uploads\/2024\/04\/WhatsApp-Image-2024-04-22-at-15.00.29.jpeg 1280w, https:\/\/des-tuc.infd.edu.ar\/sitio\/wp-content\/uploads\/2024\/04\/WhatsApp-Image-2024-04-22-at-15.00.29-1000x563.jpeg 1000w, https:\/\/des-tuc.infd.edu.ar\/sitio\/wp-content\/uploads\/2024\/04\/WhatsApp-Image-2024-04-22-at-15.00.29-768x432.jpeg 768w\" sizes=\"(max-width: 1280px) 100vw, 1280px\" \/><\/figure>\n\n\n\n<figure class=\"wp-block-image size-large\"><img decoding=\"async\" loading=\"lazy\" width=\"1280\" height=\"720\" data-id=\"10053\"  src=\"https:\/\/des-tuc.infd.edu.ar\/sitio\/wp-content\/uploads\/2024\/04\/WhatsApp-Image-2024-04-22-at-15.00.28-1-1.jpeg\" alt=\"\" class=\"wp-image-10053\" srcset=\"https:\/\/des-tuc.infd.edu.ar\/sitio\/wp-content\/uploads\/2024\/04\/WhatsApp-Image-2024-04-22-at-15.00.28-1-1.jpeg 1280w, https:\/\/des-tuc.infd.edu.ar\/sitio\/wp-content\/uploads\/2024\/04\/WhatsApp-Image-2024-04-22-at-15.00.28-1-1-1000x563.jpeg 1000w, https:\/\/des-tuc.infd.edu.ar\/sitio\/wp-content\/uploads\/2024\/04\/WhatsApp-Image-2024-04-22-at-15.00.28-1-1-768x432.jpeg 768w\" sizes=\"(max-width: 1280px) 100vw, 1280px\" \/><\/figure>\n\n\n\n<figure class=\"wp-block-image size-large\"><img decoding=\"async\" loading=\"lazy\" width=\"1600\" height=\"900\" data-id=\"10055\"  src=\"https:\/\/des-tuc.infd.edu.ar\/sitio\/wp-content\/uploads\/2024\/04\/WhatsApp-Image-2024-04-22-at-15.00.28.jpeg\" alt=\"\" class=\"wp-image-10055\" srcset=\"https:\/\/des-tuc.infd.edu.ar\/sitio\/wp-content\/uploads\/2024\/04\/WhatsApp-Image-2024-04-22-at-15.00.28.jpeg 1600w, https:\/\/des-tuc.infd.edu.ar\/sitio\/wp-content\/uploads\/2024\/04\/WhatsApp-Image-2024-04-22-at-15.00.28-1000x563.jpeg 1000w, https:\/\/des-tuc.infd.edu.ar\/sitio\/wp-content\/uploads\/2024\/04\/WhatsApp-Image-2024-04-22-at-15.00.28-768x432.jpeg 768w, https:\/\/des-tuc.infd.edu.ar\/sitio\/wp-content\/uploads\/2024\/04\/WhatsApp-Image-2024-04-22-at-15.00.28-1536x864.jpeg 1536w\" sizes=\"(max-width: 1600px) 100vw, 1600px\" \/><\/figure>\n\n\n\n<figure class=\"wp-block-image size-large\"><img decoding=\"async\" loading=\"lazy\" width=\"1600\" height=\"1200\" data-id=\"10054\"  src=\"https:\/\/des-tuc.infd.edu.ar\/sitio\/wp-content\/uploads\/2024\/04\/WhatsApp-Image-2024-04-22-at-15.00.31.jpeg\" alt=\"\" class=\"wp-image-10054\" srcset=\"https:\/\/des-tuc.infd.edu.ar\/sitio\/wp-content\/uploads\/2024\/04\/WhatsApp-Image-2024-04-22-at-15.00.31.jpeg 1600w, https:\/\/des-tuc.infd.edu.ar\/sitio\/wp-content\/uploads\/2024\/04\/WhatsApp-Image-2024-04-22-at-15.00.31-1000x750.jpeg 1000w, https:\/\/des-tuc.infd.edu.ar\/sitio\/wp-content\/uploads\/2024\/04\/WhatsApp-Image-2024-04-22-at-15.00.31-768x576.jpeg 768w, https:\/\/des-tuc.infd.edu.ar\/sitio\/wp-content\/uploads\/2024\/04\/WhatsApp-Image-2024-04-22-at-15.00.31-1536x1152.jpeg 1536w\" sizes=\"(max-width: 1600px) 100vw, 1600px\" \/><\/figure>\n<\/figure>\n","protected":false},"excerpt":{"rendered":"<p>El pasado viernes 12 de abril la Directora de Educaci\u00f3n Superior No Universitaria Prof. Silvina Fern\u00e1ndez, acompa\u00f1ada por el Equipo de Tecnicaturas de Nivel Superior, visitaron las instalaciones del IES CONCEPCION- Extensi\u00f3n \u00c1ulica la Trinidad, con el prop\u00f3sito de acompa\u00f1ar la implementaci\u00f3n de la Tecnicatura Superior\u00a0en Desarrollo de Software , tanto desde las trayectorias de &#8230; <a title=\"VISITA AL IES CONCEPCION- Extensi\u00f3n \u00c1ulica la Trinidad\" class=\"read-more\" href=\"https:\/\/des-tuc.infd.edu.ar\/sitio\/visita-al-ies-concepcion-extension-aulica-la-trinidad\/\" aria-label=\"More on VISITA AL IES CONCEPCION- Extensi\u00f3n \u00c1ulica la Trinidad\">[+]<\/a><\/p>\n","protected":false},"author":543,"featured_media":10045,"comment_status":"closed","ping_status":"closed","sticky":false,"template":"","format":"standard","meta":[],"categories":[7,6],"tags":[],"acf":[],"_links":{"self":[{"href":"https:\/\/des-tuc.infd.edu.ar\/sitio\/wp-json\/wp\/v2\/posts\/10044"}],"collection":[{"href":"https:\/\/des-tuc.infd.edu.ar\/sitio\/wp-json\/wp\/v2\/posts"}],"about":[{"href":"https:\/\/des-tuc.infd.edu.ar\/sitio\/wp-json\/wp\/v2\/types\/post"}],"author":[{"embeddable":true,"href":"https:\/\/des-tuc.infd.edu.ar\/sitio\/wp-json\/wp\/v2\/users\/543"}],"replies":[{"embeddable":true,"href":"https:\/\/des-tuc.infd.edu.ar\/sitio\/wp-json\/wp\/v2\/comments?post=10044"}],"version-history":[{"count":1,"href":"https:\/\/des-tuc.infd.edu.ar\/sitio\/wp-json\/wp\/v2\/posts\/10044\/revisions"}],"predecessor-version":[{"id":10057,"href":"https:\/\/des-tuc.infd.edu.ar\/sitio\/wp-json\/wp\/v2\/posts\/10044\/revisions\/10057"}],"wp:featuredmedia":[{"embeddable":true,"href":"https:\/\/des-tuc.infd.edu.ar\/sitio\/wp-json\/wp\/v2\/media\/10045"}],"wp:attachment":[{"href":"https:\/\/des-tuc.infd.edu.ar\/sitio\/wp-json\/wp\/v2\/media?parent=10044"}],"wp:term":[{"taxonomy":"category","embeddable":true,"href":"https:\/\/des-tuc.infd.edu.ar\/sitio\/wp-json\/wp\/v2\/categories?post=10044"},{"taxonomy":"post_tag","embeddable":true,"href":"https:\/\/des-tuc.infd.edu.ar\/sitio\/wp-json\/wp\/v2\/tags?post=10044"}],"curies":[{"name":"wp","href":"https:\/\/api.w.org\/{rel}","templated":true}]}}