{"id":10004,"date":"2024-04-10T13:00:03","date_gmt":"2024-04-10T16:00:03","guid":{"rendered":"https:\/\/des-tuc.infd.edu.ar\/sitio\/?p=10004"},"modified":"2024-04-10T13:03:53","modified_gmt":"2024-04-10T16:03:53","slug":"distribucion-de-mobiliario-extension-aulica-juan-bautista-alberdi-i-e-s-la-cocha","status":"publish","type":"post","link":"https:\/\/des-tuc.infd.edu.ar\/sitio\/distribucion-de-mobiliario-extension-aulica-juan-bautista-alberdi-i-e-s-la-cocha\/","title":{"rendered":"DISTRIBUCI\u00d3N DE MOBILIARIO &#8211; Extensi\u00f3n \u00e1ulica Juan Bautista Alberdi, I.E.S. La Cocha"},"content":{"rendered":"\n<p>27 de marzo de 2024<\/p>\n\n\n\n<p><\/p>\n\n\n\n<p><img decoding=\"async\" loading=\"lazy\" height=\"16\" width=\"16\" src=\"https:\/\/static.xx.fbcdn.net\/images\/emoji.php\/v9\/tc7\/2\/16\/1f3eb.png\" alt=\"&#x1f3eb;\"><img decoding=\"async\" loading=\"lazy\" height=\"16\" width=\"16\" src=\"https:\/\/static.xx.fbcdn.net\/images\/emoji.php\/v9\/t70\/2\/16\/1fa91.png\" alt=\"&#x1fa91;\">\u200bEn el marco de un cronograma provincial de distribuci\u00f3n de mobiliarios, la extensi\u00f3n \u00e1ulica Juan Bautista Alberdi, del Instituto de Ense\u00f1anza Superior La Cocha, recibi\u00f3 desde el Ministerio de Educaci\u00f3n 150 pupitres bipersonales, escritorios y sillas tambi\u00e9n para el personal. Este aporte contribuir\u00e1 a ampliar la matr\u00edcula de la instituci\u00f3n, que comparte edificio con la Escuela de Comercio Ciudad Alberdi.<\/p>\n\n\n\n<p><\/p>\n\n\n\n<p>Fuente: https:\/\/fb.watch\/rms18hIW60\/<\/p>\n","protected":false},"excerpt":{"rendered":"<p>27 de marzo de 2024 \u200bEn el marco de un cronograma provincial de distribuci\u00f3n de mobiliarios, la extensi\u00f3n \u00e1ulica Juan Bautista Alberdi, del Instituto de Ense\u00f1anza Superior La Cocha, recibi\u00f3 desde el Ministerio de Educaci\u00f3n 150 pupitres bipersonales, escritorios y sillas tambi\u00e9n para el personal. Este aporte contribuir\u00e1 a ampliar la matr\u00edcula de la instituci\u00f3n, &#8230; <a title=\"DISTRIBUCI\u00d3N DE MOBILIARIO &#8211; Extensi\u00f3n \u00e1ulica Juan Bautista Alberdi, I.E.S. La Cocha\" class=\"read-more\" href=\"https:\/\/des-tuc.infd.edu.ar\/sitio\/distribucion-de-mobiliario-extension-aulica-juan-bautista-alberdi-i-e-s-la-cocha\/\" aria-label=\"More on DISTRIBUCI\u00d3N DE MOBILIARIO &#8211; Extensi\u00f3n \u00e1ulica Juan Bautista Alberdi, I.E.S. La Cocha\">[+]<\/a><\/p>\n","protected":false},"author":543,"featured_media":0,"comment_status":"closed","ping_status":"closed","sticky":false,"template":"","format":"standard","meta":[],"categories":[6],"tags":[],"acf":[],"_links":{"self":[{"href":"https:\/\/des-tuc.infd.edu.ar\/sitio\/wp-json\/wp\/v2\/posts\/10004"}],"collection":[{"href":"https:\/\/des-tuc.infd.edu.ar\/sitio\/wp-json\/wp\/v2\/posts"}],"about":[{"href":"https:\/\/des-tuc.infd.edu.ar\/sitio\/wp-json\/wp\/v2\/types\/post"}],"author":[{"embeddable":true,"href":"https:\/\/des-tuc.infd.edu.ar\/sitio\/wp-json\/wp\/v2\/users\/543"}],"replies":[{"embeddable":true,"href":"https:\/\/des-tuc.infd.edu.ar\/sitio\/wp-json\/wp\/v2\/comments?post=10004"}],"version-history":[{"count":4,"href":"https:\/\/des-tuc.infd.edu.ar\/sitio\/wp-json\/wp\/v2\/posts\/10004\/revisions"}],"predecessor-version":[{"id":10008,"href":"https:\/\/des-tuc.infd.edu.ar\/sitio\/wp-json\/wp\/v2\/posts\/10004\/revisions\/10008"}],"wp:attachment":[{"href":"https:\/\/des-tuc.infd.edu.ar\/sitio\/wp-json\/wp\/v2\/media?parent=10004"}],"wp:term":[{"taxonomy":"category","embeddable":true,"href":"https:\/\/des-tuc.infd.edu.ar\/sitio\/wp-json\/wp\/v2\/categories?post=10004"},{"taxonomy":"post_tag","embeddable":true,"href":"https:\/\/des-tuc.infd.edu.ar\/sitio\/wp-json\/wp\/v2\/tags?post=10004"}],"curies":[{"name":"wp","href":"https:\/\/api.w.org\/{rel}","templated":true}]}}